{"id":7396,"date":"2024-11-13T07:50:50","date_gmt":"2024-11-13T07:50:50","guid":{"rendered":"https:\/\/revistacienciaecultura.org.br\/?p=7396"},"modified":"2024-11-11T19:41:49","modified_gmt":"2024-11-11T19:41:49","slug":"galeria-fotos-johana-dobereiner","status":"publish","type":"post","link":"https:\/\/revistacienciaecultura.org.br\/?p=7396","title":{"rendered":"Johanna D\u00f6bereiner: uma cientista \u00e0 frente de seu tempo"},"content":{"rendered":"<h4 id=\"galeria-de-fotos-comemora-o-centenario-da-mulher-que-revolucionou-a-agricultura-brasileira-e-abriu-caminhos-para-uma-ciencia-sustentavel\"><span style=\"color: #808080;\">Galeria de fotos comemora o centen\u00e1rio da mulher que revolucionou a agricultura brasileira e abriu caminhos para uma ci\u00eancia sustent\u00e1vel<\/span><\/h4>\n<p>&nbsp;<\/p>\n<p>Em 2024, o centen\u00e1rio de Johanna D\u00f6bereiner, uma das cientistas mais influentes do Brasil, \u00e9 comemorado na edi\u00e7\u00e3o especial da revista <span style=\"color: #800000;\"><strong><a style=\"color: #800000;\" href=\"https:\/\/revistacienciaecultura.org.br\/\">Ci\u00eancia &amp; Cultura<\/a><\/strong><\/span>. A vida e o legado da pesquisadora refletem uma jornada inspiradora de supera\u00e7\u00e3o, resili\u00eancia e dedica\u00e7\u00e3o \u00e0 ci\u00eancia agr\u00edcola. Em um contexto de desafios ambientais e econ\u00f4micos, suas descobertas sobre a fixa\u00e7\u00e3o biol\u00f3gica de nitrog\u00eanio trouxeram uma verdadeira revolu\u00e7\u00e3o para a agricultura brasileira, economizando bilh\u00f5es e pavimentando o caminho para uma pr\u00e1tica mais sustent\u00e1vel. Para homenagear essa cientista vision\u00e1ria, preparamos uma <span style=\"color: #800000;\"><a style=\"color: #800000;\" href=\"https:\/\/www.canva.com\/design\/DAGWG9aDPno\/A1TJoFlHs1bu7DuddGfEOw\/view?utm_content=DAGWG9aDPno&amp;utm_campaign=designshare&amp;utm_medium=link&amp;utm_source=editor\" target=\"_blank\" rel=\"noopener\"><strong>galeria de fotos<\/strong><\/a><\/span> que contam sua hist\u00f3ria atrav\u00e9s de imagens.<\/p>\n<p>Johanna D\u00f6bereiner, uma das mais importantes cientistas do Brasil, nasceu na antiga Tchecoslov\u00e1quia em 1924. Ap\u00f3s a Segunda Guerra Mundial, Johanna e sua fam\u00edlia enfrentaram persegui\u00e7\u00f5es e foram obrigados a deixar o pa\u00eds, refugiando-se com os av\u00f3s na Alemanha Oriental. Durante esse per\u00edodo, sustentou a fam\u00edlia trabalhando em fazendas, onde plantava e ordenhava vacas, experi\u00eancia que despertaria seu interesse pela ci\u00eancia agr\u00edcola. Em 1947, ingressou no curso de Agronomia da Universidade de Munique, onde conheceu seu futuro marido, J\u00fcrgen D\u00f6bereiner. Em 1950, o casal mudou-se para o Brasil, onde come\u00e7ou sua trajet\u00f3ria como pesquisadora em microbiologia do solo e se tornou refer\u00eancia na \u00e1rea de fixa\u00e7\u00e3o biol\u00f3gica de nitrog\u00eanio (FBN), fazendo contribui\u00e7\u00f5es significativas para a agricultura sustent\u00e1vel no pa\u00eds. Naturalizada brasileira em 1956, Johanna D\u00f6bereiner superou traumas e desafios, consolidando sua vis\u00e3o sobre o papel transformador da ci\u00eancia no desenvolvimento agr\u00edcola.<\/p>\n<p>&nbsp;<\/p>\n<h4 id=\"um-lar-no-brasil\"><strong>Um lar no Brasil<\/strong><\/h4>\n<p>Ao desembarcar no Brasil em 1951, a agr\u00f4noma Johanna D\u00f6bereiner iniciou sua carreira cient\u00edfica no Laborat\u00f3rio de Microbiologia de Solos do antigo DNPEA, do Minist\u00e9rio da Agricultura. Determinada e entusiasta, destacou-se rapidamente, alcan\u00e7ando a posi\u00e7\u00e3o de assistente de pesquisa no <strong><a href=\"https:\/\/www.gov.br\/cnpq\/pt-br\" target=\"_blank\" rel=\"noopener\"><span style=\"color: #800000;\">Conselho Nacional de Desenvolvimento Cient\u00edfico e Tecnol\u00f3gico (CNPq)<\/span><\/a><\/strong> e, mais tarde, de pesquisadora conferencista, um reconhecimento prestigioso. Sua trajet\u00f3ria de sucesso foi marcada pela ousadia ao explorar a FBN em leguminosas tropicais, t\u00e9cnica que poucos cientistas acreditavam que poderia rivalizar com fertilizantes qu\u00edmicos. Johanna D\u00f6bereiner foi pioneira na aplica\u00e7\u00e3o da FBN no Brasil, influenciando diretamente o programa nacional de melhoramento da soja em 1964, o que resultou em uma revolu\u00e7\u00e3o agr\u00edcola. Seu trabalho ajudou o Brasil a se tornar o segundo maior produtor mundial de soja e a economizar cerca de 1,5 bilh\u00e3o de d\u00f3lares anuais em fertilizantes. Este impacto econ\u00f4mico e ambiental culminou na sua indica\u00e7\u00e3o ao Pr\u00eamio Nobel em 1997, embora seu nome ainda seja pouco reconhecido no pa\u00eds.<\/p>\n<p>Naturalizada brasileira em 1956 e formada na Universidade de Wisconsin-Madison, nos EUA, Johanna tamb\u00e9m se especializou no Instituto Pasteur de Paris. Para ela, a ci\u00eancia era uma pr\u00e1tica cotidiana: &#8220;N\u00e3o tem nada de mais na vida de um cientista. \u00c9 rotina como outra qualquer. S\u00f3 que meu escrit\u00f3rio \u00e9 um laborat\u00f3rio. Sou uma camponesa no laborat\u00f3rio&#8221;, afirmava com humildade.<\/p>\n<p>&nbsp;<\/p>\n<h4 id=\"transformando-a-agricultura-brasileira\"><strong>Transformando a agricultura brasileira<\/strong><\/h4>\n<p>Em um cen\u00e1rio dominado pelo uso intensivo de fertilizantes qu\u00edmicos, Johanna D\u00f6bereiner transformou a agricultura brasileira ao defender a FBN para a soja. Em vez de fertilizantes nitrogenados, seus estudos demonstraram que bact\u00e9rias do g\u00eanero <em>Rhizobium<\/em> poderiam suprir as necessidades de nitrog\u00eanio da planta por meio de uma simbiose com a soja, permitindo que a pr\u00f3pria planta &#8220;produzisse&#8221; seu fertilizante. Essa abordagem economizou ao Brasil bilh\u00f5es de d\u00f3lares anuais em importa\u00e7\u00e3o de fertilizantes, al\u00e9m de reduzir o impacto ambiental da agricultura.<\/p>\n<p>Liderou a pesquisa no ent\u00e3o Instituto de Ecologia e Experimenta\u00e7\u00e3o Agr\u00edcola do Servi\u00e7o Nacional de Pesquisas Agron\u00f4micas \u2013 o precursor da <span style=\"color: #800000;\"><strong><a style=\"color: #800000;\" href=\"https:\/\/www.embrapa.br\/agrobiologia\" target=\"_blank\" rel=\"noopener\">Embrapa Agrobiologia<\/a><\/strong><\/span>. Orientou bolsistas que hoje est\u00e3o espalhados pelo Brasil inteiro e tamb\u00e9m abriu caminho para outras aplica\u00e7\u00f5es da FBN, como na cana-de-a\u00e7\u00facar e no milho, identificando associa\u00e7\u00f5es ben\u00e9ficas de microrganismos com gram\u00edneas e outras culturas. Sua dedica\u00e7\u00e3o resultou em colabora\u00e7\u00f5es internacionais e reconhecimentos, incluindo um simp\u00f3sio em sua homenagem em 1995. Johanna foi uma das poucas brasileiras indicadas ao Nobel, um reconhecimento que, ainda assim, n\u00e3o refletiu seu real impacto na opini\u00e3o p\u00fablica.<\/p>\n<p>Pioneira e vision\u00e1ria, Johanna D\u00f6bereiner enfrentou o ceticismo cient\u00edfico ao propor alternativas sustent\u00e1veis e eficazes. At\u00e9 seus \u00faltimos dias, trabalhava incansavelmente na Embrapa Agrobiologia, defendendo que a ci\u00eancia agr\u00edcola pode ser tanto produtiva quanto ecol\u00f3gica. &#8220;A gente n\u00e3o pode nunca se conformar com o que j\u00e1 existe. Sempre h\u00e1 possibilidade de melhorar&#8221;, afirmava. Ela faleceu em 2000, deixando um legado que inspira novas gera\u00e7\u00f5es de pesquisadores no Brasil e no mundo.<\/p>\n<p>&nbsp;<\/p>\n<p><strong>Confira a galeria de fotos!<\/strong><\/p>\n<p><a href=\"https:\/\/www.canva.com\/design\/DAGWG9aDPno\/A1TJoFlHs1bu7DuddGfEOw\/view?utm_content=DAGWG9aDPno&amp;utm_campaign=designshare&amp;utm_medium=link&amp;utm_source=editor\"><img loading=\"lazy\" class=\"aligncenter wp-image-7400\" src=\"https:\/\/revistacienciaecultura.org.br\/wp-content\/uploads\/2024\/11\/Centena\u0301rio-300x232.jpg\" alt=\"\" width=\"500\" height=\"386\" srcset=\"https:\/\/revistacienciaecultura.org.br\/wp-content\/uploads\/2024\/11\/Centena\u0301rio-300x232.jpg 300w, https:\/\/revistacienciaecultura.org.br\/wp-content\/uploads\/2024\/11\/Centena\u0301rio-1024x791.jpg 1024w, https:\/\/revistacienciaecultura.org.br\/wp-content\/uploads\/2024\/11\/Centena\u0301rio-768x593.jpg 768w, https:\/\/revistacienciaecultura.org.br\/wp-content\/uploads\/2024\/11\/Centena\u0301rio-1536x1187.jpg 1536w, https:\/\/revistacienciaecultura.org.br\/wp-content\/uploads\/2024\/11\/Centena\u0301rio-16x12.jpg 16w, https:\/\/revistacienciaecultura.org.br\/wp-content\/uploads\/2024\/11\/Centena\u0301rio-800x618.jpg 800w, https:\/\/revistacienciaecultura.org.br\/wp-content\/uploads\/2024\/11\/Centena\u0301rio-1160x896.jpg 1160w, https:\/\/revistacienciaecultura.org.br\/wp-content\/uploads\/2024\/11\/Centena\u0301rio.jpg 2000w\" sizes=\"(max-width: 500px) 100vw, 500px\" \/><\/a><\/p>\n<p>&nbsp;<\/p>\n","protected":false},"excerpt":{"rendered":"Galeria de fotos comemora o centen\u00e1rio da mulher que revolucionou a agricultura&hellip;\n","protected":false},"author":11,"featured_media":7399,"comment_status":"open","ping_status":"open","sticky":false,"template":"","format":"standard","meta":[],"categories":[51],"tags":[],"acf":[],"_links":{"self":[{"href":"https:\/\/revistacienciaecultura.org.br\/index.php?rest_route=\/wp\/v2\/posts\/7396"}],"collection":[{"href":"https:\/\/revistacienciaecultura.org.br\/index.php?rest_route=\/wp\/v2\/posts"}],"about":[{"href":"https:\/\/revistacienciaecultura.org.br\/index.php?rest_route=\/wp\/v2\/types\/post"}],"author":[{"embeddable":true,"href":"https:\/\/revistacienciaecultura.org.br\/index.php?rest_route=\/wp\/v2\/users\/11"}],"replies":[{"embeddable":true,"href":"https:\/\/revistacienciaecultura.org.br\/index.php?rest_route=%2Fwp%2Fv2%2Fcomments&post=7396"}],"version-history":[{"count":2,"href":"https:\/\/revistacienciaecultura.org.br\/index.php?rest_route=\/wp\/v2\/posts\/7396\/revisions"}],"predecessor-version":[{"id":7401,"href":"https:\/\/revistacienciaecultura.org.br\/index.php?rest_route=\/wp\/v2\/posts\/7396\/revisions\/7401"}],"wp:featuredmedia":[{"embeddable":true,"href":"https:\/\/revistacienciaecultura.org.br\/index.php?rest_route=\/wp\/v2\/media\/7399"}],"wp:attachment":[{"href":"https:\/\/revistacienciaecultura.org.br\/index.php?rest_route=%2Fwp%2Fv2%2Fmedia&parent=7396"}],"wp:term":[{"taxonomy":"category","embeddable":true,"href":"https:\/\/revistacienciaecultura.org.br\/index.php?rest_route=%2Fwp%2Fv2%2Fcategories&post=7396"},{"taxonomy":"post_tag","embeddable":true,"href":"https:\/\/revistacienciaecultura.org.br\/index.php?rest_route=%2Fwp%2Fv2%2Ftags&post=7396"}],"curies":[{"name":"wp","href":"https:\/\/api.w.org\/{rel}","templated":true}]}}