{"id":7429,"date":"2024-11-12T07:30:44","date_gmt":"2024-11-12T07:30:44","guid":{"rendered":"https:\/\/revistacienciaecultura.org.br\/?p=7429"},"modified":"2024-11-11T18:53:10","modified_gmt":"2024-11-11T18:53:10","slug":"premio-carolina-bori-recorde-de-inscricoes-em-2024-consolida-iniciativa-da-sbpc-e-celebra-futuras-cientistas-do-brasil","status":"publish","type":"post","link":"https:\/\/revistacienciaecultura.org.br\/?p=7429","title":{"rendered":"Pr\u00eamio Carolina Bori: Recorde de inscri\u00e7\u00f5es em 2024 consolida iniciativa da SBPC e celebra futuras cientistas do Brasil"},"content":{"rendered":"<h4 id=\"foram-mais-de-760-indicacoes-recebidas-entre-2-de-setembro-e-7-de-novembro-superando-em-mais-de-71-o-numero-de-candidatas-da-edicao-anterior\"><span style=\"color: #808080;\">Foram mais de 760 indica\u00e7\u00f5es recebidas entre 2 de setembro e 7 de novembro, superando em mais de 71% o n\u00famero de candidatas da edi\u00e7\u00e3o anterior<\/span><\/h4>\n<p>&nbsp;<\/p>\n<p>A\u00a0<strong>Sociedade Brasileira para o Progresso da Ci\u00eancia (SBPC)<\/strong>\u00a0encerrou, \u00e0 meia-noite de 7 de novembro, as inscri\u00e7\u00f5es para a\u00a0<strong>6\u00aa edi\u00e7\u00e3o do Pr\u00eamio Carolina Bori Ci\u00eancia &amp; Mulher \u2013 Meninas na Ci\u00eancia<\/strong>\u00a0com um resultado impressionante. Ao todo, foram recebidas\u00a0<strong>765 inscri\u00e7\u00f5es v\u00e1lidas<\/strong>, representando um aumento de\u00a0<strong>71,5% em rela\u00e7\u00e3o \u00e0 edi\u00e7\u00e3o anterior,<\/strong>\u00a0em 2022. Este salto expressivo refor\u00e7a o reconhecimento e a import\u00e2ncia do pr\u00eamio, que busca inspirar e premiar jovens cientistas em in\u00edcio de carreira.<\/p>\n<p>Esta edi\u00e7\u00e3o foi dedicada \u00e0s \u201cMeninas na Ci\u00eancia\u201d, uma categoria criada para incentivar estudantes do\u00a0<strong>Ensino M\u00e9dio<\/strong>\u00a0e da\u00a0<strong>Gradua\u00e7\u00e3o<\/strong>\u00a0que demonstram talento e interesse em seguir na \u00e1rea cient\u00edfica. Com\u00a0<strong>166 inscri\u00e7\u00f5es de alunas do Ensino M\u00e9dio<\/strong>\u00a0e\u00a0<strong>599 de estudantes de Gradua\u00e7\u00e3o<\/strong>, a distribui\u00e7\u00e3o das candidaturas abrangeu todo o Brasil:\u00a0<strong>Sudeste (392)<\/strong>,\u00a0<strong>Sul (152)<\/strong>,\u00a0<strong>Nordeste (115)<\/strong>,\u00a0<strong>Centro-Oeste (69)<\/strong>\u00a0e\u00a0<strong>Norte (37)<\/strong>. As inscri\u00e7\u00f5es permaneceram abertas de 2 de setembro a 7 de novembro, atraindo estudantes nas \u00e1reas de\u00a0<strong>Biol\u00f3gicas e Sa\u00fade (276)<\/strong>,\u00a0<strong>Engenharias e Ci\u00eancias da Terra (249)<\/strong>\u00a0e\u00a0<strong>Humanidades (165)<\/strong>.<\/p>\n<p>&nbsp;<\/p>\n<h4 id=\"patrocinio-e-impacto\"><strong>Patroc\u00ednio e impacto<\/strong><\/h4>\n<p>O pr\u00eamio, promovido pela SBPC com o patroc\u00ednio da\u00a0<strong>Funda\u00e7\u00e3o Conrado Wessel<\/strong>, do\u00a0<strong>Instituto Serrapilheira<\/strong>\u00a0e da\u00a0<strong>Funda\u00e7\u00e3o de Amparo \u00e0 Pesquisa e ao Desenvolvimento Cient\u00edfico e Tecnol\u00f3gico do Maranh\u00e3o (Fapema)<\/strong>, oferecer\u00e1\u00a0<strong>R$ 7 mil<\/strong>\u00a0para cada vencedora do Ensino M\u00e9dio e\u00a0<strong>R$ 10 mil<\/strong>\u00a0para as alunas da Gradua\u00e7\u00e3o. Al\u00e9m do valor em dinheiro, as seis ganhadoras ser\u00e3o premiadas com uma s\u00e9rie de oportunidades para expandir suas carreiras cient\u00edficas: elas apresentar\u00e3o seus projetos na\u00a0<strong>77\u00aa Reuni\u00e3o Anual da SBPC<\/strong>, em\u00a0<strong>julho de 2025<\/strong>, em\u00a0<strong>Recife (PE)<\/strong>, e participar\u00e3o de uma\u00a0<strong>mentoria exclusiva com pesquisadores renomados<\/strong>, ampliando suas perspectivas acad\u00eamicas e profissionais.<\/p>\n<p>As vencedoras tamb\u00e9m ser\u00e3o agraciadas com uma visita ao\u00a0<strong>Centro Nacional de Pesquisa em Energia e Materiais (CNPEM)<\/strong>, em Campinas, que abriga o\u00a0<strong>Laborat\u00f3rio Nacional de Luz S\u00edncrotron<\/strong>, a \u00fanica fonte de luz s\u00edncrotron da Am\u00e9rica Latina. Essa experi\u00eancia \u00fanica permitir\u00e1 que as jovens cientistas conhe\u00e7am de perto as tecnologias de ponta e se inspirem para seus pr\u00f3ximos passos na ci\u00eancia.<\/p>\n<p>&nbsp;<\/p>\n<h4 id=\"iniciativa-inspiradora-e-pioneira\"><strong>Iniciativa inspiradora e pioneira<\/strong><\/h4>\n<p>O Pr\u00eamio Carolina Bori foi criado pela SBPC em 2019 com o objetivo de\u00a0<strong>celebrar a produ\u00e7\u00e3o cient\u00edfica feminina no Brasil<\/strong>. A premia\u00e7\u00e3o alterna anualmente entre as categorias\u00a0<strong>\u201cMulheres Cientistas\u201d<\/strong>, dedicada a pesquisadoras j\u00e1 consolidadas em suas carreiras, e\u00a0<strong>\u201cMeninas na Ci\u00eancia\u201d<\/strong>, que foca em jovens cientistas em forma\u00e7\u00e3o. Esta \u00e9 a terceira edi\u00e7\u00e3o voltada \u00e0s \u201cMeninas na Ci\u00eancia\u201d, e os n\u00fameros confirmam o crescimento e impacto da iniciativa.<\/p>\n<p>\u201cCom esse n\u00famero de quase 800 inscri\u00e7\u00f5es, apenas para duas categorias, vemos o quanto a SBPC \u00e9 reconhecida nessa iniciativa que n\u00f3s lan\u00e7amos,\u201d comemora\u00a0<strong>Francilene Proc\u00f3pio Garcia<\/strong>, vice-presidente da SBPC e coordenadora do pr\u00eamio. \u201cEsses patroc\u00ednios viabilizam uma premia\u00e7\u00e3o real, financeira, que vai ajudar essas meninas \u2014 que est\u00e3o no come\u00e7o de suas trajet\u00f3rias \u2014 a estruturarem melhor seus pr\u00f3ximos passos rumo \u00e0 carreira cient\u00edfica. Al\u00e9m disso, a mentoria oferecer\u00e1 o suporte necess\u00e1rio para que elas encontrem o caminho certo para seus sonhos,\u201d completa.<\/p>\n<p>&nbsp;<\/p>\n<h4 id=\"selecao-e-anuncio-das-vencedoras\"><strong>Sele\u00e7\u00e3o e an\u00fancio das vencedoras<\/strong><\/h4>\n<p>A escolha das vencedoras ser\u00e1 feita por uma\u00a0<strong>Comiss\u00e3o Julgadora composta majoritariamente por cientistas mulheres<\/strong>, designada pelo Conselho da SBPC e composta por 15 membros, incluindo representantes da\u00a0<strong>SBPC<\/strong>,\u00a0<strong>Academia Brasileira de Ci\u00eancias<\/strong>\u00a0e das institui\u00e7\u00f5es apoiadoras. As vencedoras ser\u00e3o anunciadas no dia\u00a0<strong>20 de janeiro de 2025<\/strong>\u00a0nos canais da SBPC.<\/p>\n<p>A cerim\u00f4nia de premia\u00e7\u00e3o ocorrer\u00e1 em\u00a0<strong>11 de fevereiro de 2025<\/strong>, em S\u00e3o Paulo, durante o\u00a0<strong>Dia Internacional das Mulheres e Meninas na Ci\u00eancia<\/strong>, com transmiss\u00e3o ao vivo pelo\u00a0<strong>Canal da SBPC no YouTube<\/strong>.<\/p>\n<p>\u201cO sucesso dessa edi\u00e7\u00e3o do Pr\u00eamio Carolina Bori marca n\u00e3o apenas um recorde de inscri\u00e7\u00f5es, mas tamb\u00e9m um fortalecimento da presen\u00e7a feminina na ci\u00eancia e a import\u00e2ncia de que mais incentivos neste sentido surjam. O que vemos \u00e9 que as novas gera\u00e7\u00f5es de cientistas brasileiras est\u00e3o mais motivadas do que nunca e isto \u00e9 transformador\u201d, concluiu Garcia.<\/p>\n<p><span style=\"color: #808080;\"><em>Jornal da Ci\u00eancia<\/em><\/span><\/p>\n","protected":false},"excerpt":{"rendered":"Foram mais de 760 indica\u00e7\u00f5es recebidas entre 2 de setembro e 7&hellip;\n","protected":false},"author":19,"featured_media":7066,"comment_status":"open","ping_status":"open","sticky":false,"template":"","format":"standard","meta":[],"categories":[1,2],"tags":[],"acf":[],"_links":{"self":[{"href":"https:\/\/revistacienciaecultura.org.br\/index.php?rest_route=\/wp\/v2\/posts\/7429"}],"collection":[{"href":"https:\/\/revistacienciaecultura.org.br\/index.php?rest_route=\/wp\/v2\/posts"}],"about":[{"href":"https:\/\/revistacienciaecultura.org.br\/index.php?rest_route=\/wp\/v2\/types\/post"}],"author":[{"embeddable":true,"href":"https:\/\/revistacienciaecultura.org.br\/index.php?rest_route=\/wp\/v2\/users\/19"}],"replies":[{"embeddable":true,"href":"https:\/\/revistacienciaecultura.org.br\/index.php?rest_route=%2Fwp%2Fv2%2Fcomments&post=7429"}],"version-history":[{"count":2,"href":"https:\/\/revistacienciaecultura.org.br\/index.php?rest_route=\/wp\/v2\/posts\/7429\/revisions"}],"predecessor-version":[{"id":7431,"href":"https:\/\/revistacienciaecultura.org.br\/index.php?rest_route=\/wp\/v2\/posts\/7429\/revisions\/7431"}],"wp:featuredmedia":[{"embeddable":true,"href":"https:\/\/revistacienciaecultura.org.br\/index.php?rest_route=\/wp\/v2\/media\/7066"}],"wp:attachment":[{"href":"https:\/\/revistacienciaecultura.org.br\/index.php?rest_route=%2Fwp%2Fv2%2Fmedia&parent=7429"}],"wp:term":[{"taxonomy":"category","embeddable":true,"href":"https:\/\/revistacienciaecultura.org.br\/index.php?rest_route=%2Fwp%2Fv2%2Fcategories&post=7429"},{"taxonomy":"post_tag","embeddable":true,"href":"https:\/\/revistacienciaecultura.org.br\/index.php?rest_route=%2Fwp%2Fv2%2Ftags&post=7429"}],"curies":[{"name":"wp","href":"https:\/\/api.w.org\/{rel}","templated":true}]}}