{"id":7457,"date":"2024-11-13T07:55:55","date_gmt":"2024-11-13T07:55:55","guid":{"rendered":"https:\/\/revistacienciaecultura.org.br\/?p=7457"},"modified":"2025-10-15T13:13:41","modified_gmt":"2025-10-15T13:13:41","slug":"legado-educacional-de-johanna-dobereiner-inspiracao-para-a-ciencia","status":"publish","type":"post","link":"https:\/\/revistacienciaecultura.org.br\/?p=7457","title":{"rendered":"Legado educacional de Johanna D\u00f6bereiner: inspira\u00e7\u00e3o para a ci\u00eancia"},"content":{"rendered":"<h4 id=\"visao-inovadora-de-pesquisadora-sobre-educacao-cientifica-impulsiona-a-disseminacao-do-conhecimento-e-promove-o-desenvolvimento-cientifico-ate-os-dias-de-hoje\"><span style=\"color: #808080;\">Vis\u00e3o inovadora de pesquisadora sobre educa\u00e7\u00e3o cient\u00edfica impulsiona a dissemina\u00e7\u00e3o do conhecimento e promove o desenvolvimento cient\u00edfico at\u00e9 os dias de hoje.<\/span><\/h4>\n<p>&nbsp;<\/p>\n<p>Johanna D\u00f6bereiner, agr\u00f4noma e microbiologista tcheco-brasileira, \u00e9 uma das cientistas de maior import\u00e2ncia na agricultura do s\u00e9culo XX. Em 2024, ano do centen\u00e1rio de seu nascimento, a hist\u00f3ria e vida de Johanna refor\u00e7am seu papel essencial na ci\u00eancia, onde promoveu pr\u00e1ticas agr\u00edcolas mais ecol\u00f3gicas e economicamente vi\u00e1veis que tornaram o Brasil uma pot\u00eancia global na produ\u00e7\u00e3o de soja.<\/p>\n<p>Estima-se que, atualmente, as t\u00e9cnicas de cultivo derivadas de suas pesquisas poupem mais de 15 bilh\u00f5es de d\u00f3lares ao pa\u00eds todo ano, <span style=\"color: #800000;\"><a style=\"color: #800000;\" href=\"https:\/\/www.embrapa.br\/busca-de-publicacoes\/-\/publicacao\/564908\/a-importancia-do-processo-de-fixacao-biologica-do-nitrogenio-para-a-cultura-da-soja-componente-essencial-para-a-competitividade-do-produto-brasileiro\" target=\"_blank\" rel=\"noopener\"><strong>segundo dados da Empresa Brasileira de Pesquisa Agropecu\u00e1ria (Embrapa)<\/strong><\/a><\/span><strong>.<\/strong> Johanna D\u00f6bereiner foi indicada ao Pr\u00eamio Nobel de Qu\u00edmica em 1997 pela <span style=\"color: #800000;\"><strong><a style=\"color: #800000;\" href=\"https:\/\/www.abc.org.br\/\" target=\"_blank\" rel=\"noopener\">Academia Brasileira de Ci\u00eancias (ABC)<\/a><\/strong><\/span> e deixou um legado que influenciou diretamente a forma\u00e7\u00e3o de novos pesquisadores, tornando-se uma das cientistas brasileiras mais citadas pela comunidade cient\u00edfica mundial.<\/p>\n<p>Johanna D\u00f6bereiner Kubelka nasceu em 1924 e, juntamente com sua fam\u00edlia, tamb\u00e9m sofreu as consequ\u00eancias da ocupa\u00e7\u00e3o nazista na antiga Tchecoslov\u00e1quia. Teve o primeiro contato com a ci\u00eancia por meio de seu pai, o qu\u00edmico Paul Kubelka, que na segunda guerra ajudou judeus a fugir dos nazistas. Correndo risco de ser preso, Kubelka fugiu do interior rumo \u00e0 capital Praga para dar aulas. J\u00e1 sua m\u00e3e Margarete Kubelka foi presa em um campo de concentra\u00e7\u00e3o por mil\u00edcias tchecas quando Johanna tinha 12 anos. Aos 23 anos, entrou na Universidade de Munique para cursar agronomia e bancava os estudos trabalhando no campo. Enquanto finalizava sua gradua\u00e7\u00e3o no in\u00edcio dos anos 1950, Paul Kubelka recebeu convite de amigos professores para trabalhar no Brasil e, algum tempo depois, a filha tamb\u00e9m migrava para o pa\u00eds.<\/p>\n<p>&nbsp;<\/p>\n<h4 id=\"grama-verde\"><strong>Grama verde<\/strong><\/h4>\n<p>Em solo brasileiro, Johanna D\u00f6bereiner come\u00e7ou a trabalhar no Laborat\u00f3rio de Microbiologia de Solos, em Itagua\u00ed, no interior do Rio de Janeiro, onde fica atualmente a Embrapa. Ao observar a grama do instituto, come\u00e7ou a se perguntar por que algumas plantas permaneciam verdes e vi\u00e7osas durante o ano todo, sem precisar de uma aduba\u00e7\u00e3o com fertilizantes. Foi assim que descobriu que existem determinadas bact\u00e9rias que realizam a capta\u00e7\u00e3o de nitrog\u00eanio do ar que promove essa aduba\u00e7\u00e3o natural, denominada como fixa\u00e7\u00e3o biol\u00f3gica do nitrog\u00eanio (FBN). Pa\u00edses onde a temperatura na raiz das plantas \u00e9 inferior \u00e0 faixa de 30 a 35 graus Celsius possuem o clima ideal para a prolifera\u00e7\u00e3o dessas bact\u00e9rias.<\/p>\n<p>&nbsp;<\/p>\n<h4 id=\"a-economia-com-a-nao-aplicacao-de-fertilizantes-nitrogenados-torna-a-nossa-soja-extremamente-competitiva-no-mercado-mundial-alem-da-contribuicao-indireta-para-a-reducao-dos-gases-de-efeito-e\" style=\"text-align: center;\"><span style=\"color: #800000;\"><em>\u201cA economia com a n\u00e3o aplica\u00e7\u00e3o de fertilizantes nitrogenados torna a nossa soja extremamente competitiva no mercado mundial, al\u00e9m da contribui\u00e7\u00e3o indireta para a redu\u00e7\u00e3o dos gases de efeito estufa\u201d<\/em><\/span><\/h4>\n<p>&nbsp;<\/p>\n<p>Paralelamente, foi convidada para participar da <span style=\"color: #800000;\"><strong><a style=\"color: #800000;\" href=\"http:\/\/www.seagri.ba.gov.br\/sites\/default\/files\/v5n2_Soja.pdf&amp;sa=D&amp;source=docs&amp;ust=1730978250221273&amp;usg=AOvVaw26SCepV-vSFMUxDE4zyXBi\" target=\"_blank\" rel=\"noopener\">Comiss\u00e3o Nacional da Soja<\/a><\/strong><\/span>, em 1964 pelo<span style=\"color: #800000;\"><strong> <a style=\"color: #800000;\" href=\"https:\/\/www.embrapa.br\/solos\/historia\" target=\"_blank\" rel=\"noopener\">Departamento Nacional de Pesquisa Agropecu\u00e1ria (DNPEA)<\/a> <\/strong><\/span>do Minist\u00e9rio da Agricultura, visando iniciar e fomentar o cultivo da soja no pa\u00eds. Embasada com sua pesquisa, Johanna D\u00f6bereiner se op\u00f4s logo de cara \u00e0 aduba\u00e7\u00e3o obrigat\u00f3ria com nitrog\u00eanio e mostrou que era poss\u00edvel aumentar a produtividade agr\u00edcola utilizando processos naturais, ao inv\u00e9s de depender exclusivamente de produtos qu\u00edmicos sint\u00e9ticos. \u201cViv\u00edamos em plena era do reinado dos fertilizantes qu\u00edmicos e havia um descr\u00e9dito em torno dos biol\u00f3gicos, que pensavam ser produtos de segunda categoria, incapazes de alcan\u00e7ar elevadas produtividades. Como convencer que a soja, altamente necessitada de nitrog\u00eanio para produzir gr\u00e3os com grande teor de prote\u00edna, poderia ser cultivada com zero fertilizante nitrogenado, tendo como \u00fanica fonte do nutriente o uso de bact\u00e9rias? Foi necess\u00e1ria uma verdadeira catequese, um trabalho de gera\u00e7\u00e3o de dados, divulga\u00e7\u00e3o em simp\u00f3sios, congressos e publica\u00e7\u00f5es, entre outros.\u201d, conta Solon Ara\u00fajo, conselheiro fundador da <span style=\"color: #800000;\"><strong><a style=\"color: #800000;\" href=\"https:\/\/www.anpii.org.br\/\" target=\"_blank\" rel=\"noopener\">Associa\u00e7\u00e3o Nacional dos Produtores e Importadores de Inoculantes (ANPII)<\/a><\/strong><\/span>. \u201cMas a perseveran\u00e7a e os not\u00e1veis resultados da Dra. Johanna venceram. Participar da Comiss\u00e3o Nacional da Soja juntamente com ela e Jardim Freire foi uma grande felicidade e um dos marcos para o sucesso da soja no Brasil\u201d, declara.<\/p>\n<p>J\u00e1 na \u00e9poca, o m\u00e9todo de Johanna D\u00f6bereiner reduziu os custos da soja brasileira, aumentando significativamente o potencial agr\u00edcola do pa\u00eds. \u201cA economia com a n\u00e3o aplica\u00e7\u00e3o de fertilizantes nitrogenados torna a nossa soja extremamente competitiva no mercado mundial, al\u00e9m da contribui\u00e7\u00e3o indireta para a redu\u00e7\u00e3o dos gases de efeito estufa. As pesquisas se intensificaram a partir desse per\u00edodo com novas oportunidades de colabora\u00e7\u00e3o no Brasil e no exterior, assim como de recursos para alavancar os estudos bastantes desafiadores na \u00e1rea de FBN\u201d, declara Jos\u00e9 Ivo Baldani, pesquisador da Embrapa Agrobiologia e amigo de Johanna D\u00f6bereiner.<\/p>\n<p>A pesquisadora tamb\u00e9m aplicou esse m\u00e9todo no cultivo da cana-de-a\u00e7\u00facar e os resultados permitiram a implementa\u00e7\u00e3o do <span style=\"color: #800000;\"><a style=\"color: #800000;\" href=\"https:\/\/agencia.fapesp.br\/proalcool-uma-das-maiores-realizacoes-do-brasil-baseadas-em-ciencia-e-tecnologia\/24432\" target=\"_blank\" rel=\"noopener\"><strong>Programa Pro\u00e1lcool<\/strong><\/a><\/span>, criado por decreto governamental no Brasil em novembro de 1975 e que contribuiu para impulsionar a produ\u00e7\u00e3o de bioenergia no pa\u00eds. Atualmente, o Brasil \u00e9 o segundo maior produtor de etanol do mundo, de acordo com a <span style=\"color: #800000;\"><a style=\"color: #800000;\" href=\"https:\/\/www.gov.br\/anp\/pt-br\" target=\"_blank\" rel=\"noopener\"><strong>Ag\u00eancia Nacional do Petr\u00f3leo, G\u00e1s Natural e Biocombust\u00edveis<\/strong><\/a><\/span> do Minist\u00e9rio de Minas e Energias do Governo Federal. \u201cA Dra. Johanna sempre foi uma defensora da energia limpa e uma entusiasta das pesquisas que visavam reduzir os impactos ambientais na agricultura e no meio ambiente. Era uma ecologista nata sem ser radical e inclusive, com o Pro\u00e1lcool, adquiriu um carro movido a \u00e1lcool que permaneceu com ela at\u00e9 os \u00faltimos dias de vida\u201d, relembra Jos\u00e9 Ivo Baldani. (Figura 1)<\/p>\n<h6 id=\"figura-1-a-pesquisa-de-johanna-dobereiner-tambem-foi-realizada-no-cultivo-da-cana-de-acucar-o-que-resultou-na-implementacao-do-programa-proalcool-foto-usina-sao-martinho-em-sao-paulo-wikimedia-c\" style=\"text-align: center;\"><img loading=\"lazy\" class=\"aligncenter wp-image-7459\" src=\"https:\/\/revistacienciaecultura.org.br\/wp-content\/uploads\/2024\/11\/CC-4S24-reportagem-Abordagem-de-Johanna-Do\u0308bereiner-a\u0300-educac\u0327a\u0303o-figura-1-300x211.jpg\" alt=\"\" width=\"500\" height=\"351\" srcset=\"https:\/\/revistacienciaecultura.org.br\/wp-content\/uploads\/2024\/11\/CC-4S24-reportagem-Abordagem-de-Johanna-Do\u0308bereiner-a\u0300-educac\u0327a\u0303o-figura-1-300x211.jpg 300w, https:\/\/revistacienciaecultura.org.br\/wp-content\/uploads\/2024\/11\/CC-4S24-reportagem-Abordagem-de-Johanna-Do\u0308bereiner-a\u0300-educac\u0327a\u0303o-figura-1-1024x719.jpg 1024w, https:\/\/revistacienciaecultura.org.br\/wp-content\/uploads\/2024\/11\/CC-4S24-reportagem-Abordagem-de-Johanna-Do\u0308bereiner-a\u0300-educac\u0327a\u0303o-figura-1-768x539.jpg 768w, https:\/\/revistacienciaecultura.org.br\/wp-content\/uploads\/2024\/11\/CC-4S24-reportagem-Abordagem-de-Johanna-Do\u0308bereiner-a\u0300-educac\u0327a\u0303o-figura-1-1536x1079.jpg 1536w, https:\/\/revistacienciaecultura.org.br\/wp-content\/uploads\/2024\/11\/CC-4S24-reportagem-Abordagem-de-Johanna-Do\u0308bereiner-a\u0300-educac\u0327a\u0303o-figura-1-18x12.jpg 18w, https:\/\/revistacienciaecultura.org.br\/wp-content\/uploads\/2024\/11\/CC-4S24-reportagem-Abordagem-de-Johanna-Do\u0308bereiner-a\u0300-educac\u0327a\u0303o-figura-1-800x562.jpg 800w, https:\/\/revistacienciaecultura.org.br\/wp-content\/uploads\/2024\/11\/CC-4S24-reportagem-Abordagem-de-Johanna-Do\u0308bereiner-a\u0300-educac\u0327a\u0303o-figura-1-1160x815.jpg 1160w, https:\/\/revistacienciaecultura.org.br\/wp-content\/uploads\/2024\/11\/CC-4S24-reportagem-Abordagem-de-Johanna-Do\u0308bereiner-a\u0300-educac\u0327a\u0303o-figura-1.jpg 1562w\" sizes=\"(max-width: 500px) 100vw, 500px\" \/><br \/>\n<strong>Figura 1. A pesquisa de Johanna D\u00f6bereiner tamb\u00e9m foi realizada no cultivo da cana-de-a\u00e7\u00facar, o que resultou na implementa\u00e7\u00e3o do Programa Pro\u00e1lcool.<br \/>\n<\/strong>(Foto: Usina S\u00e3o Martinho, em S\u00e3o Paulo\/Wikimedia Commons. Reprodu\u00e7\u00e3o)<\/h6>\n<h6 id=\"\"><\/h6>\n<h4 id=\"-2\"><\/h4>\n<h4 id=\"abordagem-pedagogica\" style=\"text-align: left;\"><strong>Abordagem pedag\u00f3gica<\/strong><\/h4>\n<p>Embora a maior parte de sua carreira tenha sido dedicada \u00e0 pesquisa cient\u00edfica nos campos da microbiologia e agronomia, Johanna D\u00f6bereiner atuou no curso de P\u00f3s-gradua\u00e7\u00e3o em Solos na <span style=\"color: #800000;\"><strong><a style=\"color: #800000;\" href=\"https:\/\/portal.ufrrj.br\/\" target=\"_blank\" rel=\"noopener\">Universidade Federal Rural do Rio de Janeiro (UFRRJ)<\/a><\/strong><\/span>, desempenhando um papel marcante na vida dos muitos alunos que conviveram com ela. \u201cTive o privil\u00e9gio de ser seu orientando de mestrado. Ela conseguiu atrair muitos estudantes para atuar na \u00e1rea de FBN e que culminou com dezenas deles tornando-se pesquisadores e professores em diversas institui\u00e7\u00f5es de pesquisa e ensino no Brasil\u201d, declara Jos\u00e9 Ivo Baldani.<\/p>\n<p>&nbsp;<\/p>\n<h4 id=\"ela-conseguiu-atrair-muitos-estudantes-para-atuar-na-area-de-fbn-e-que-culminou-com-dezenas-deles-tornando-se-pesquisadores-e-professores-em-diversas-instituicoes-de-pesquisa-e-ensino-no-bras\" style=\"text-align: center;\"><span style=\"color: #800000;\"><em>\u201cEla conseguiu atrair muitos estudantes para atuar na \u00e1rea de FBN e que culminou com dezenas deles tornando-se pesquisadores e professores em diversas institui\u00e7\u00f5es de pesquisa e ensino no Brasil.\u201d<\/em><\/span><\/h4>\n<p>&nbsp;<\/p>\n<p>No Centro Nacional de Pesquisa de Agrobiologia (CNPAB), vinculado \u00e0 Embrapa, ela supervisionava pesquisas em microbiologia, destacando a import\u00e2ncia das solu\u00e7\u00f5es biol\u00f3gicas para os desafios agr\u00edcolas. Defensora de uma ci\u00eancia pr\u00e1tica, Johanna D\u00f6bereiner incentivava seus alunos a sa\u00edrem do laborat\u00f3rio para o campo, em busca de resultados aplicados a resolver problemas reais. Isso ajudou a formar um forte senso de prop\u00f3sito e impacto social. \u201cDesde meu primeiro est\u00e1gio com a Dra. Johanna, com apenas seis meses de gradua\u00e7\u00e3o em agronomia, percebi nela algumas caracter\u00edsticas muito pr\u00f3prias. Ela tinha uma total dedica\u00e7\u00e3o em transmitir os ensinamentos. Ao mesmo tempo em que havia um rigor cient\u00edfico, percebia-se tamb\u00e9m um lado bastante humano, sempre nos deixando \u00e0 vontade para questionar\u201d, relembra Solon Ara\u00fajo. (Figura 2)<\/p>\n<h6 id=\"figura-2-johanna-dobereiner-incentivava-seus-alunos-a-sairem-do-laboratorio-para-o-campo-buscando-resultados-praticos-para-resolver-problemas-reaisfoto-embrapa-reproducao\" style=\"text-align: center;\"><img loading=\"lazy\" class=\"aligncenter wp-image-7460\" src=\"https:\/\/revistacienciaecultura.org.br\/wp-content\/uploads\/2024\/11\/CC-4S24-reportagem-Abordagem-de-Johanna-Do\u0308bereiner-a\u0300-educac\u0327a\u0303o-figura-2-300x284.jpg\" alt=\"\" width=\"500\" height=\"473\" srcset=\"https:\/\/revistacienciaecultura.org.br\/wp-content\/uploads\/2024\/11\/CC-4S24-reportagem-Abordagem-de-Johanna-Do\u0308bereiner-a\u0300-educac\u0327a\u0303o-figura-2-300x284.jpg 300w, https:\/\/revistacienciaecultura.org.br\/wp-content\/uploads\/2024\/11\/CC-4S24-reportagem-Abordagem-de-Johanna-Do\u0308bereiner-a\u0300-educac\u0327a\u0303o-figura-2-1024x970.jpg 1024w, https:\/\/revistacienciaecultura.org.br\/wp-content\/uploads\/2024\/11\/CC-4S24-reportagem-Abordagem-de-Johanna-Do\u0308bereiner-a\u0300-educac\u0327a\u0303o-figura-2-768x727.jpg 768w, https:\/\/revistacienciaecultura.org.br\/wp-content\/uploads\/2024\/11\/CC-4S24-reportagem-Abordagem-de-Johanna-Do\u0308bereiner-a\u0300-educac\u0327a\u0303o-figura-2-13x12.jpg 13w, https:\/\/revistacienciaecultura.org.br\/wp-content\/uploads\/2024\/11\/CC-4S24-reportagem-Abordagem-de-Johanna-Do\u0308bereiner-a\u0300-educac\u0327a\u0303o-figura-2-800x758.jpg 800w, https:\/\/revistacienciaecultura.org.br\/wp-content\/uploads\/2024\/11\/CC-4S24-reportagem-Abordagem-de-Johanna-Do\u0308bereiner-a\u0300-educac\u0327a\u0303o-figura-2-1160x1099.jpg 1160w, https:\/\/revistacienciaecultura.org.br\/wp-content\/uploads\/2024\/11\/CC-4S24-reportagem-Abordagem-de-Johanna-Do\u0308bereiner-a\u0300-educac\u0327a\u0303o-figura-2.jpg 1377w\" sizes=\"(max-width: 500px) 100vw, 500px\" \/><br \/>\n<strong>Figura 2. Johanna D\u00f6bereiner incentivava seus alunos a sa\u00edrem do laborat\u00f3rio para o campo, buscando resultados pr\u00e1ticos para resolver problemas reais<br \/>\n<\/strong>(Foto: Embrapa. Reprodu\u00e7\u00e3o)<\/h6>\n<h6 id=\"-3\"><\/h6>\n<h4 id=\"-4\"><\/h4>\n<h4 id=\"ciencia-mais-acessivel\" style=\"text-align: left;\"><strong>Ci\u00eancia mais acess\u00edvel<\/strong><\/h4>\n<p>Com uma grande habilidade de traduzir conceitos complexos de microbiologia e bioqu\u00edmica do solo em pr\u00e1ticas acess\u00edveis para agricultores, Johanna D\u00f6bereiner publicou mais de 500 artigos em revistas nacionais e internacionais, disseminando a ideia de que a ci\u00eancia precisa ser compreendida e utilizada por todos, n\u00e3o apenas pelos cientistas. \u201cEla fazia quest\u00e3o de repassar os trabalhos cient\u00edficos que recebia para os jovens pesquisadores e estudantes, destacando os assuntos para cada um. Al\u00e9m disso, fazia um esfor\u00e7o enorme para que eles pudessem estudar nos melhores laborat\u00f3rios do exterior para ganhar experi\u00eancia ou realizar seus mestrados e doutorados\u201d, pontua Jos\u00e9 Ivo Baldani.<\/p>\n<p>Johanna D\u00f6bereiner trabalhou na Embrapa at\u00e9 o final da vida, falecendo em 2000, aos 76 anos. Teve tr\u00eas filhos e dez netos. Ao longo de quase 50 anos de pesquisa, recebeu diversos destaques, foi nomeada doutora <em>honoris causa<\/em> pela Universidade da Fl\u00f3rida e pela UFRRJ, entrou para a Academia Pontif\u00edcia das Ci\u00eancias do Vaticano, ganhou o Pr\u00eamio de Ci\u00eancias da UNESCO, recebeu a Gr\u00e3-Cruz da Ordem Nacional do M\u00e9rito, foi vice-presidente da ABC sendo indicada ao Pr\u00eamio Nobel de Qu\u00edmica em 1997. Al\u00e9m disso, novas esp\u00e9cies de bact\u00e9rias fixadoras foram batizadas em sua homenagem e contribuiu com a cria\u00e7\u00e3o direta de diversos programas nacionais e internacionais.<\/p>\n<p>&nbsp;<\/p>\n<h4 id=\"em-cada-pacote-de-inoculante-que-os-agricultores-utilizam-em-suas-lavouras-tem-um-tanto-dos-conhecimentos-de-johanna-dobereiner-que-estao-ate-hoje-integrados-as-praticas-agricolas-em-todos-o\" style=\"text-align: center;\"><span style=\"color: #800000;\"><em>\u201cEm cada pacote de inoculante que os agricultores utilizam em suas lavouras tem um tanto dos conhecimentos de Johanna D\u00f6bereiner, que est\u00e3o at\u00e9 hoje integrados \u00e0s pr\u00e1ticas agr\u00edcolas em todos os solos do pa\u00eds.\u201d<\/em><\/span><\/h4>\n<p>&nbsp;<\/p>\n<p>Seu impacto na ci\u00eancia e na sociedade continua a beneficiar tanto a agricultura brasileira quanto mundial. \u201cEm cada pacote de inoculante que os agricultores utilizam em suas lavouras, tem um tanto dos conhecimentos de Johanna D\u00f6bereiner, que est\u00e3o at\u00e9 hoje integrados \u00e0s pr\u00e1ticas agr\u00edcolas, em todos os solos do pa\u00eds, com um legado important\u00edssimo que deixou na agricultura brasileira e mundial. E o melhor de tudo \u00e9 que seus \u2018filhos e filhas\u2019 cient\u00edficos continuam disseminando e ampliando estes conhecimentos em aulas e pesquisas\u201d, afirma Solon Ara\u00fajo.<\/p>\n<p>&nbsp;<\/p>\n<h6 id=\"capa-abordagem-de-johanna-dobereiner-a-educacao-continua-a-inspirar-a-disseminacao-cientificafoto-embrapa-reproducao\"><strong>Capa. Abordagem de Johanna D\u00f6bereiner \u00e0 educa\u00e7\u00e3o continua a inspirar a dissemina\u00e7\u00e3o cient\u00edfica<br \/>\n<\/strong>(Foto: Embrapa. Reprodu\u00e7\u00e3o)<\/h6>\n<p>&nbsp;<\/p>\n<h6 id=\"ciencia-cultura-2022-by-sbpc-is-licensed-under-cc-by-sa-4-0\" style=\"text-align: center;\"><span style=\"color: #808080;\"><a style=\"color: #808080;\" href=\"https:\/\/revistacienciaecultura.org.br\/\">Ci\u00eancia &amp; Cultura<\/a>\u00a0\u00a9 2022 by\u00a0<a style=\"color: #808080;\" href=\"http:\/\/www.sbpcnet.org.br\/\">SBPC<\/a>\u00a0is licensed under\u00a0<a style=\"color: #808080;\" href=\"https:\/\/creativecommons.org\/licenses\/by-sa\/4.0\/\">CC BY-SA 4.0 \u00a0 <\/a><img loading=\"lazy\" class=\"\" src=\"https:\/\/mirrors.creativecommons.org\/presskit\/icons\/cc.svg\" alt=\"\" width=\"30\" height=\"30\" \/><img loading=\"lazy\" class=\"\" src=\"https:\/\/mirrors.creativecommons.org\/presskit\/icons\/by.svg\" alt=\"\" width=\"30\" height=\"30\" \/><img loading=\"lazy\" class=\"\" src=\"https:\/\/mirrors.creativecommons.org\/presskit\/icons\/sa.svg\" alt=\"\" width=\"30\" height=\"30\" \/><\/span><\/h6>\n","protected":false},"excerpt":{"rendered":"Vis\u00e3o inovadora de pesquisadora sobre educa\u00e7\u00e3o cient\u00edfica impulsiona a dissemina\u00e7\u00e3o do conhecimento&hellip;\n","protected":false},"author":42,"featured_media":7458,"comment_status":"open","ping_status":"open","sticky":false,"template":"","format":"standard","meta":[],"categories":[51],"tags":[],"acf":[],"_links":{"self":[{"href":"https:\/\/revistacienciaecultura.org.br\/index.php?rest_route=\/wp\/v2\/posts\/7457"}],"collection":[{"href":"https:\/\/revistacienciaecultura.org.br\/index.php?rest_route=\/wp\/v2\/posts"}],"about":[{"href":"https:\/\/revistacienciaecultura.org.br\/index.php?rest_route=\/wp\/v2\/types\/post"}],"author":[{"embeddable":true,"href":"https:\/\/revistacienciaecultura.org.br\/index.php?rest_route=\/wp\/v2\/users\/42"}],"replies":[{"embeddable":true,"href":"https:\/\/revistacienciaecultura.org.br\/index.php?rest_route=%2Fwp%2Fv2%2Fcomments&post=7457"}],"version-history":[{"count":5,"href":"https:\/\/revistacienciaecultura.org.br\/index.php?rest_route=\/wp\/v2\/posts\/7457\/revisions"}],"predecessor-version":[{"id":9136,"href":"https:\/\/revistacienciaecultura.org.br\/index.php?rest_route=\/wp\/v2\/posts\/7457\/revisions\/9136"}],"wp:featuredmedia":[{"embeddable":true,"href":"https:\/\/revistacienciaecultura.org.br\/index.php?rest_route=\/wp\/v2\/media\/7458"}],"wp:attachment":[{"href":"https:\/\/revistacienciaecultura.org.br\/index.php?rest_route=%2Fwp%2Fv2%2Fmedia&parent=7457"}],"wp:term":[{"taxonomy":"category","embeddable":true,"href":"https:\/\/revistacienciaecultura.org.br\/index.php?rest_route=%2Fwp%2Fv2%2Fcategories&post=7457"},{"taxonomy":"post_tag","embeddable":true,"href":"https:\/\/revistacienciaecultura.org.br\/index.php?rest_route=%2Fwp%2Fv2%2Ftags&post=7457"}],"curies":[{"name":"wp","href":"https:\/\/api.w.org\/{rel}","templated":true}]}}