{"id":7464,"date":"2024-11-13T08:00:05","date_gmt":"2024-11-13T08:00:05","guid":{"rendered":"https:\/\/revistacienciaecultura.org.br\/?p=7464"},"modified":"2024-11-11T19:43:38","modified_gmt":"2024-11-11T19:43:38","slug":"o-legado-de-johanna-dobereiner","status":"publish","type":"post","link":"https:\/\/revistacienciaecultura.org.br\/?p=7464","title":{"rendered":"O legado de Johanna D\u00f6bereiner"},"content":{"rendered":"<h4 id=\"cientista-transformou-praticas-agricolas-com-foco-em-sustentabilidade-e-consolidou-o-brasil-como-lider-em-bioeconomia-e-inovacao-agronomica\"><span style=\"color: #808080;\">Cientista transformou pr\u00e1ticas agr\u00edcolas com foco em sustentabilidade e consolidou o Brasil como l\u00edder em bioeconomia e inova\u00e7\u00e3o agron\u00f4mica.<\/span><\/h4>\n<p>&nbsp;<\/p>\n<p>Johanna D\u00f6bereiner deixou uma marca indel\u00e9vel na agricultura brasileira e mundial ao introduzir pr\u00e1ticas que revolucionaram a utiliza\u00e7\u00e3o sustent\u00e1vel dos recursos naturais. Sua pesquisa sobre a fixa\u00e7\u00e3o biol\u00f3gica de nitrog\u00eanio destacou o papel de bact\u00e9rias capazes de transformar nitrog\u00eanio atmosf\u00e9rico em nutrientes assimil\u00e1veis pelas plantas, o que impulsionou o cultivo de soja no Brasil e foi essencial para a expans\u00e3o do setor sem a depend\u00eancia exclusiva de fertilizantes qu\u00edmicos.<\/p>\n<p>Gra\u00e7as a essas descobertas, o pa\u00eds economiza bilh\u00f5es de d\u00f3lares anualmente, consolidando sua posi\u00e7\u00e3o como um dos l\u00edderes globais em produ\u00e7\u00e3o agr\u00edcola sustent\u00e1vel. Seu trabalho vision\u00e1rio foi um dos pilares para o desenvolvimento de programas de melhoramento da soja desde 1964, colaborando diretamente para a ascens\u00e3o do Brasil a segundo maior produtor mundial desse gr\u00e3o. \u201cEla teve um impacto muito grande na promo\u00e7\u00e3o da agricultura sustent\u00e1vel e na cultura da soja\u201d, pontua Sara Adrian \u00e9 professora do Departamento de Biologia Vegetal do Instituto de Biologia da Universidade Estadual de Campinas (Unicamp).<\/p>\n<p>Al\u00e9m do impacto econ\u00f4mico e ambiental, o legado de Johanna D\u00f6bereiner tamb\u00e9m ecoa na forma\u00e7\u00e3o de novas gera\u00e7\u00f5es de cientistas, especialmente mulheres, que veem em sua trajet\u00f3ria um exemplo de persist\u00eancia e inova\u00e7\u00e3o em um campo predominantemente masculino. \u201cAcho que ela foi uma mulher al\u00e9m do seu tempo, e ela \u00e9 um exemplo muito bonito, principalmente para as meninas\u201d, afirma Ana Tereza Vasconcelos \u00e9 pesquisadora do Laborat\u00f3rio Nacional de Computa\u00e7\u00e3o Cient\u00edfica\/MCTI onde coordena o Laborat\u00f3rio de Bioinform\u00e1tica e a Unidade de Gen\u00f4mica Computacional Darcy Fontoura de Almeida.<\/p>\n<p>Johanna D\u00f6bereiner n\u00e3o apenas redefiniu pr\u00e1ticas agron\u00f4micas, mas plantou as sementes de uma bioeconomia focada na sustentabilidade e na utiliza\u00e7\u00e3o consciente dos recursos naturais. Seu pioneirismo resiste ao tempo, mantendo relev\u00e2ncia nas pesquisas e inspirando a ci\u00eancia brasileira e mundial a buscar solu\u00e7\u00f5es que aliam produtividade e respeito ao meio ambiente. \u201cJoana n\u00e3o fundou uma ideia, ela fundou uma filosofia de trabalho para produzir alimentos, fibras e energia. Ela revolucionou a agricultura\u201d, finaliza F\u00e1bio Lopes Olivares \u00e9 professor do Centro de Bioci\u00eancias e Biotecnologia e vice-reitor da Universidade Estadual do Norte Fluminense Darcy Ribeiro (UENF) e coordenador da \u00e1rea de Ci\u00eancias Agr\u00e1rias da FAPERJ.<\/p>\n<p><strong>Assista ao v\u00eddeo completo:<\/strong><\/p>\n<p><iframe loading=\"lazy\" title=\"O legado de Johanna D\u00f6bereiner\" width=\"1200\" height=\"675\" src=\"https:\/\/www.youtube.com\/embed\/S1sytjtNnh0?feature=oembed\" frameborder=\"0\" allow=\"accelerometer; autoplay; clipboard-write; encrypted-media; gyroscope; picture-in-picture; web-share\" referrerpolicy=\"strict-origin-when-cross-origin\" allowfullscreen><\/iframe><\/p>\n","protected":false},"excerpt":{"rendered":"Cientista transformou pr\u00e1ticas agr\u00edcolas com foco em sustentabilidade e consolidou o Brasil&hellip;\n","protected":false},"author":19,"featured_media":7465,"comment_status":"open","ping_status":"open","sticky":false,"template":"","format":"standard","meta":[],"categories":[5],"tags":[],"acf":[],"_links":{"self":[{"href":"https:\/\/revistacienciaecultura.org.br\/index.php?rest_route=\/wp\/v2\/posts\/7464"}],"collection":[{"href":"https:\/\/revistacienciaecultura.org.br\/index.php?rest_route=\/wp\/v2\/posts"}],"about":[{"href":"https:\/\/revistacienciaecultura.org.br\/index.php?rest_route=\/wp\/v2\/types\/post"}],"author":[{"embeddable":true,"href":"https:\/\/revistacienciaecultura.org.br\/index.php?rest_route=\/wp\/v2\/users\/19"}],"replies":[{"embeddable":true,"href":"https:\/\/revistacienciaecultura.org.br\/index.php?rest_route=%2Fwp%2Fv2%2Fcomments&post=7464"}],"version-history":[{"count":1,"href":"https:\/\/revistacienciaecultura.org.br\/index.php?rest_route=\/wp\/v2\/posts\/7464\/revisions"}],"predecessor-version":[{"id":7466,"href":"https:\/\/revistacienciaecultura.org.br\/index.php?rest_route=\/wp\/v2\/posts\/7464\/revisions\/7466"}],"wp:featuredmedia":[{"embeddable":true,"href":"https:\/\/revistacienciaecultura.org.br\/index.php?rest_route=\/wp\/v2\/media\/7465"}],"wp:attachment":[{"href":"https:\/\/revistacienciaecultura.org.br\/index.php?rest_route=%2Fwp%2Fv2%2Fmedia&parent=7464"}],"wp:term":[{"taxonomy":"category","embeddable":true,"href":"https:\/\/revistacienciaecultura.org.br\/index.php?rest_route=%2Fwp%2Fv2%2Fcategories&post=7464"},{"taxonomy":"post_tag","embeddable":true,"href":"https:\/\/revistacienciaecultura.org.br\/index.php?rest_route=%2Fwp%2Fv2%2Ftags&post=7464"}],"curies":[{"name":"wp","href":"https:\/\/api.w.org\/{rel}","templated":true}]}}