{"id":7492,"date":"2024-11-14T07:30:35","date_gmt":"2024-11-14T07:30:35","guid":{"rendered":"https:\/\/revistacienciaecultura.org.br\/?p=7492"},"modified":"2024-11-13T11:36:04","modified_gmt":"2024-11-13T11:36:04","slug":"linha-do-tempo-da-revista-ciencia-cultura-2","status":"publish","type":"post","link":"https:\/\/revistacienciaecultura.org.br\/?p=7492","title":{"rendered":"Linha do tempo da revista Ci\u00eancia &#038; Cultura"},"content":{"rendered":"<h4 id=\"pioneira-na-divulgacao-cientifica-no-brasil-revista-celebra-75-anos-conheca-alguns-momentos-marcantes-de-sua-historia\"><span style=\"color: #808080;\">Pioneira na divulga\u00e7\u00e3o cient\u00edfica no Brasil, revista celebra 75 anos. Conhe\u00e7a alguns momentos marcantes de sua hist\u00f3ria.<\/span><\/h4>\n<p>&nbsp;<\/p>\n<p>A revista <span style=\"color: #800000;\"><a style=\"color: #800000;\" href=\"https:\/\/revistacienciaecultura.org.br\/\"><strong>Ci\u00eancia &amp; Cultura<\/strong><\/a><\/span>, a mais antiga publica\u00e7\u00e3o de divulga\u00e7\u00e3o cient\u00edfica em circula\u00e7\u00e3o no Brasil, celebra 75 anos de exist\u00eancia. Fundada em 1949, apenas alguns meses ap\u00f3s a cria\u00e7\u00e3o da <span style=\"color: #800000;\"><a style=\"color: #800000;\" href=\"http:\/\/www.sbpcnet.org.br\/\"><strong>Sociedade Brasileira para o progresso da Ci\u00eancia (SBPC)<\/strong><\/a><\/span>, a <span style=\"color: #800000;\"><a style=\"color: #800000;\" href=\"https:\/\/revistacienciaecultura.org.br\/\"><strong>Ci\u00eancia &amp; Cultura<\/strong><\/a><\/span> surgiu com a miss\u00e3o de disseminar o conhecimento cient\u00edfico e estreitar os la\u00e7os entre cientistas e o p\u00fablico. Conforme destacado na contracapa de sua primeira edi\u00e7\u00e3o, a revista foi concebida para ser &#8220;aberta n\u00e3o apenas a cientistas, mas a todos os que se interessem pela ci\u00eancia, por suas aplica\u00e7\u00f5es e pelas consequ\u00eancias destas&#8221;. Desde ent\u00e3o, j\u00e1 foram publicadas 466 edi\u00e7\u00f5es, todas acess\u00edveis online no Acervo Digital da SBPC ou na Hemeroteca Digital Brasileira, da Biblioteca Nacional.<\/p>\n<p>Ao longo de sua hist\u00f3ria, a publica\u00e7\u00e3o passou por diversas fases, mas manteve-se fiel ao seu prop\u00f3sito original: informar a comunidade cient\u00edfica sobre quest\u00f5es cruciais para a ci\u00eancia no Brasil. <span style=\"color: #800000;\"><a style=\"color: #800000;\" href=\"https:\/\/revistacienciaecultura.org.br\/\"><strong>Ci\u00eancia &amp; Cultura<\/strong><\/a><\/span> desempenha um papel fundamental no debate sobre grandes temas cient\u00edficos e culturais da atualidade, atraindo novas gera\u00e7\u00f5es de pesquisadores e oferecendo conte\u00fados ricos para reflex\u00e3o.<\/p>\n<p>Com uma periodicidade trimestral, cada edi\u00e7\u00e3o da revista aborda um tema espec\u00edfico sob diferentes perspectivas: ci\u00eancia, cultura, arte e filosofia. Mensalmente, s\u00e3o publicados novos cap\u00edtulos, incluindo artigos, ensaios, reportagens jornal\u00edsticas, textos de opini\u00e3o, v\u00eddeos e podcasts.<\/p>\n<p>A linha do tempo presente na edi\u00e7\u00e3o comemorativa destaca de forma l\u00fadica os momentos marcantes da revista, reafirmando sua import\u00e2ncia como um dos mais antigos e significativos ve\u00edculos de divulga\u00e7\u00e3o cient\u00edfica no Brasil.<\/p>\n<p><strong>\u00a0<\/strong><\/p>\n<h4 id=\"anos-1940\"><strong>Anos 1940 <\/strong><\/h4>\n<h6 id=\"figura-1-capa-primeira-edicao-de-1949\" style=\"text-align: center;\"><strong><img loading=\"lazy\" class=\"aligncenter wp-image-7493\" src=\"https:\/\/revistacienciaecultura.org.br\/wp-content\/uploads\/2024\/11\/lt-1-214x300.jpg\" alt=\"\" width=\"286\" height=\"400\" srcset=\"https:\/\/revistacienciaecultura.org.br\/wp-content\/uploads\/2024\/11\/lt-1-214x300.jpg 214w, https:\/\/revistacienciaecultura.org.br\/wp-content\/uploads\/2024\/11\/lt-1-731x1024.jpg 731w, https:\/\/revistacienciaecultura.org.br\/wp-content\/uploads\/2024\/11\/lt-1-768x1076.jpg 768w, https:\/\/revistacienciaecultura.org.br\/wp-content\/uploads\/2024\/11\/lt-1-9x12.jpg 9w, https:\/\/revistacienciaecultura.org.br\/wp-content\/uploads\/2024\/11\/lt-1-800x1121.jpg 800w, https:\/\/revistacienciaecultura.org.br\/wp-content\/uploads\/2024\/11\/lt-1.jpg 843w\" sizes=\"(max-width: 286px) 100vw, 286px\" \/><br \/>\n<\/strong>Figura 1. Capa primeira edi\u00e7\u00e3o de 1949<\/h6>\n<p>&nbsp;<\/p>\n<ul>\n<li>O primeiro n\u00famero da revista Ci\u00eancia &amp; Cultura foi publicado em 1949, um ano depois da cria\u00e7\u00e3o da SBPC.<\/li>\n<li>Idealizada por Jos\u00e9 Reis (1907-2002), que a dirigiu de 1949 a 1954 e de 1972 a 1985, a<span style=\"color: #800000;\">\u00a0<\/span><a href=\"https:\/\/revistacienciaecultura.org.br\/\"><strong><span style=\"color: #800000;\">Ci\u00eancia &amp; Cultura<\/span> <\/strong><\/a>n\u00e3o \u00e9 considerada \u201capenas\u201d uma revista, mas um \u00f3rg\u00e3o da SBPC.<\/li>\n<li>A revista era dividida em sess\u00f5es: pesquisas recentes, notas originais, coment\u00e1rios, homens e institui\u00e7\u00f5es, livros e revistas e notici\u00e1rio.<\/li>\n<li>A publica\u00e7\u00e3o tamb\u00e9m abordava as tend\u00eancias e novidades da produ\u00e7\u00e3o cient\u00edfica brasileira e mundial e j\u00e1 contava com ilustra\u00e7\u00f5es e fotos.<\/li>\n<\/ul>\n<p>&nbsp;<\/p>\n<h4 id=\"anos-1960\"><strong>Anos 1960<\/strong><\/h4>\n<h6 id=\"figura-2-capa-primeira-edicao-de-1968\" style=\"text-align: center;\"><img loading=\"lazy\" class=\"aligncenter wp-image-7494\" src=\"https:\/\/revistacienciaecultura.org.br\/wp-content\/uploads\/2024\/11\/lt-2-201x300.jpg\" alt=\"\" width=\"268\" height=\"400\" srcset=\"https:\/\/revistacienciaecultura.org.br\/wp-content\/uploads\/2024\/11\/lt-2-201x300.jpg 201w, https:\/\/revistacienciaecultura.org.br\/wp-content\/uploads\/2024\/11\/lt-2-687x1024.jpg 687w, https:\/\/revistacienciaecultura.org.br\/wp-content\/uploads\/2024\/11\/lt-2-768x1144.jpg 768w, https:\/\/revistacienciaecultura.org.br\/wp-content\/uploads\/2024\/11\/lt-2-8x12.jpg 8w, https:\/\/revistacienciaecultura.org.br\/wp-content\/uploads\/2024\/11\/lt-2-800x1192.jpg 800w, https:\/\/revistacienciaecultura.org.br\/wp-content\/uploads\/2024\/11\/lt-2.jpg 839w\" sizes=\"(max-width: 268px) 100vw, 268px\" \/><br \/>\nFigura 2. Capa primeira edi\u00e7\u00e3o de 1968<\/h6>\n<p>&nbsp;<\/p>\n<ul>\n<li>Em 1968, a Ci\u00eancia &amp; Cultura \u00e9 remodelada: A lombada passa a ser em formato brochura e as ilustra\u00e7\u00f5es das capas recebem maior cuidado visual.<\/li>\n<li>A miss\u00e3o da revista \u00e9 atuar na difus\u00e3o e divulga\u00e7\u00e3o cient\u00edfica e tamb\u00e9m no cen\u00e1rio das grandes quest\u00f5es culturais de nossa \u00e9poca, identificando tend\u00eancias e abordando temas pr\u00f3prios do conhecimento e da din\u00e2mica de suas transforma\u00e7\u00f5es culturais, cient\u00edficas e tecnol\u00f3gicas.<\/li>\n<li>Tamb\u00e9m passa a fazer parte da revista as cr\u00edticas ao regime militar \u2013 especialmente \u00e0 concep\u00e7\u00e3o da ci\u00eancia somente como tecnologia e \u00e0 destina\u00e7\u00e3o pelo Estado de verbas apenas a parques industriais e n\u00e3o \u00e0 pesquisa b\u00e1sica realizada nas universidades.<\/li>\n<\/ul>\n<p>&nbsp;<\/p>\n<h4 id=\"anos-1970\"><strong>Anos 1970<\/strong><\/h4>\n<h6 id=\"figura-3-capa-primeira-edicao-de-1972\" style=\"text-align: center;\"><img loading=\"lazy\" class=\"aligncenter wp-image-7495\" src=\"https:\/\/revistacienciaecultura.org.br\/wp-content\/uploads\/2024\/11\/lt-3-210x300.jpg\" alt=\"\" width=\"280\" height=\"400\" srcset=\"https:\/\/revistacienciaecultura.org.br\/wp-content\/uploads\/2024\/11\/lt-3-210x300.jpg 210w, https:\/\/revistacienciaecultura.org.br\/wp-content\/uploads\/2024\/11\/lt-3-718x1024.jpg 718w, https:\/\/revistacienciaecultura.org.br\/wp-content\/uploads\/2024\/11\/lt-3-768x1095.jpg 768w, https:\/\/revistacienciaecultura.org.br\/wp-content\/uploads\/2024\/11\/lt-3-8x12.jpg 8w, https:\/\/revistacienciaecultura.org.br\/wp-content\/uploads\/2024\/11\/lt-3-800x1141.jpg 800w, https:\/\/revistacienciaecultura.org.br\/wp-content\/uploads\/2024\/11\/lt-3.jpg 964w\" sizes=\"(max-width: 280px) 100vw, 280px\" \/><br \/>\nFigura 3. Capa primeira edi\u00e7\u00e3o de 1972<\/h6>\n<p>&nbsp;<\/p>\n<ul>\n<li>A SBPC assumiu um papel importante no processo de democratiza\u00e7\u00e3o, aumentou sua independ\u00eancia e conquistou maior reconhecimento pelo governo durante o regime militar, e a Ci\u00eancia &amp; Cultura teve papel fundamental como ve\u00edculo de divulga\u00e7\u00e3o cient\u00edfica.<\/li>\n<li>A revista continua criticando a ditadura militar e defendendo a liberdade de pesquisa.<\/li>\n<li>A cr\u00edtica volta-se principalmente \u00e0 concep\u00e7\u00e3o da ci\u00eancia somente como tecnologia e \u00e0 destina\u00e7\u00e3o pelo Estado de verbas apenas a parques industriais e n\u00e3o \u00e0 pesquisa b\u00e1sica realizada nas universidades.<\/li>\n<\/ul>\n<p>&nbsp;<\/p>\n<h4 id=\"anos-1990\"><strong>Anos 1990<\/strong><\/h4>\n<h6 id=\"figura-4-capa-primeira-edicao-de-1990\" style=\"text-align: center;\"><img loading=\"lazy\" class=\"aligncenter wp-image-7496\" src=\"https:\/\/revistacienciaecultura.org.br\/wp-content\/uploads\/2024\/11\/lt-4-227x300.jpg\" alt=\"\" width=\"303\" height=\"400\" srcset=\"https:\/\/revistacienciaecultura.org.br\/wp-content\/uploads\/2024\/11\/lt-4-227x300.jpg 227w, https:\/\/revistacienciaecultura.org.br\/wp-content\/uploads\/2024\/11\/lt-4-775x1024.jpg 775w, https:\/\/revistacienciaecultura.org.br\/wp-content\/uploads\/2024\/11\/lt-4-768x1015.jpg 768w, https:\/\/revistacienciaecultura.org.br\/wp-content\/uploads\/2024\/11\/lt-4-9x12.jpg 9w, https:\/\/revistacienciaecultura.org.br\/wp-content\/uploads\/2024\/11\/lt-4-800x1057.jpg 800w, https:\/\/revistacienciaecultura.org.br\/wp-content\/uploads\/2024\/11\/lt-4.jpg 1125w\" sizes=\"(max-width: 303px) 100vw, 303px\" \/><br \/>\nFigura 4. Capa primeira edi\u00e7\u00e3o de 1990<\/h6>\n<p>&nbsp;<\/p>\n<ul>\n<li>Nos anos 1990, a revista passa por nova reformula\u00e7\u00e3o e come\u00e7a a ser publicada em ingl\u00eas.<\/li>\n<li>Assim, a revista torna-se o \u201c<em>Journal of the Brazilian Association for the Advancement of Science<\/em>\u201d.<\/li>\n<li>Ela tamb\u00e9m passa por nova reformula\u00e7\u00e3o gr\u00e1fica e come\u00e7a a ter publica\u00e7\u00e3o mensal.<\/li>\n<\/ul>\n<p>&nbsp;<\/p>\n<h4 id=\"anos-2000\"><strong>Anos 2000<\/strong><\/h4>\n<h6 id=\"figura-5-capa-primeira-edicao-de-2002\" style=\"text-align: center;\"><img loading=\"lazy\" class=\"aligncenter wp-image-7497\" src=\"https:\/\/revistacienciaecultura.org.br\/wp-content\/uploads\/2024\/11\/lt-5-214x300.jpg\" alt=\"\" width=\"286\" height=\"400\" srcset=\"https:\/\/revistacienciaecultura.org.br\/wp-content\/uploads\/2024\/11\/lt-5-214x300.jpg 214w, https:\/\/revistacienciaecultura.org.br\/wp-content\/uploads\/2024\/11\/lt-5-731x1024.jpg 731w, https:\/\/revistacienciaecultura.org.br\/wp-content\/uploads\/2024\/11\/lt-5-768x1076.jpg 768w, https:\/\/revistacienciaecultura.org.br\/wp-content\/uploads\/2024\/11\/lt-5-9x12.jpg 9w, https:\/\/revistacienciaecultura.org.br\/wp-content\/uploads\/2024\/11\/lt-5-800x1121.jpg 800w, https:\/\/revistacienciaecultura.org.br\/wp-content\/uploads\/2024\/11\/lt-5.jpg 843w\" sizes=\"(max-width: 286px) 100vw, 286px\" \/><br \/>\nFigura 5. Capa primeira edi\u00e7\u00e3o de 2002<\/h6>\n<p><strong>\u00a0<\/strong><\/p>\n<ul>\n<li>Ap\u00f3s a reuni\u00e3o anual de julho de 2000, em Bras\u00edlia, o conselho deliberativo da SBPC define que a revista deve voltar a ser publicada em portugu\u00eas.<\/li>\n<li>A partir de 2002, a publica\u00e7\u00e3o passa a ser produzida no\u00a0Laborat\u00f3rio de Estudos Avan\u00e7ados em Jornalismo (Labjor), na Unicamp e torna-se dispon\u00edvel em vers\u00e3o impressa e on-line.<\/li>\n<li>A revista moderniza-se e passa a conter um n\u00facleo tem\u00e1tico, intitulado de \u201cTemas e Tend\u00eancias\u201d, para aprofundar debates atuais, sendo sens\u00edvel \u00e0s tend\u00eancias e buscando uma linguagem mais acess\u00edvel ao leitor.<\/li>\n<li>A revista \u00e9 indexada na plataforma Scielo, publicando artigos cient\u00edficos, ensaios, not\u00edcias e atualidades.<\/li>\n<\/ul>\n<p><strong>\u00a0<\/strong><\/p>\n<h4 id=\"anos-2020\"><strong>Anos 2020<\/strong><\/h4>\n<h6 id=\"figura-6-capa-primeira-edicao-de-2022\" style=\"text-align: center;\"><img loading=\"lazy\" class=\"aligncenter wp-image-7498\" src=\"https:\/\/revistacienciaecultura.org.br\/wp-content\/uploads\/2024\/11\/lt-6-211x300.jpg\" alt=\"\" width=\"281\" height=\"400\" srcset=\"https:\/\/revistacienciaecultura.org.br\/wp-content\/uploads\/2024\/11\/lt-6-211x300.jpg 211w, https:\/\/revistacienciaecultura.org.br\/wp-content\/uploads\/2024\/11\/lt-6-719x1024.jpg 719w, https:\/\/revistacienciaecultura.org.br\/wp-content\/uploads\/2024\/11\/lt-6-768x1094.jpg 768w, https:\/\/revistacienciaecultura.org.br\/wp-content\/uploads\/2024\/11\/lt-6-8x12.jpg 8w, https:\/\/revistacienciaecultura.org.br\/wp-content\/uploads\/2024\/11\/lt-6-800x1140.jpg 800w, https:\/\/revistacienciaecultura.org.br\/wp-content\/uploads\/2024\/11\/lt-6.jpg 829w\" sizes=\"(max-width: 281px) 100vw, 281px\" \/><br \/>\nFigura 6. Capa primeira edi\u00e7\u00e3o de 2022<\/h6>\n<p>&nbsp;<\/p>\n<ul>\n<li>A revista \u00e9 novamente reformulada e torna-se inteiramente digital.<\/li>\n<li>A reformula\u00e7\u00e3o da revista visa possibilitar um maior engajamento com as diversas plataformas e m\u00eddias sociais, ampliando seu alcance e o seu impacto na sociedade.<\/li>\n<li>De publica\u00e7\u00e3o trimestral, a cada edi\u00e7\u00e3o a revista escolhe um tema para abord\u00e1-lo do ponto de vista da ci\u00eancia, cultura, arte e filosofia.<\/li>\n<li>Todos os meses, um novo cap\u00edtulo \u00e9 publicado, trazendo novos artigos, ensaios, reportagens jornal\u00edsticas, textos de opini\u00e3o, v\u00eddeos, podcasts e muito mais.<\/li>\n<\/ul>\n","protected":false},"excerpt":{"rendered":"Pioneira na divulga\u00e7\u00e3o cient\u00edfica no Brasil, revista celebra 75 anos. Conhe\u00e7a alguns&hellip;\n","protected":false},"author":19,"featured_media":7499,"comment_status":"open","ping_status":"open","sticky":false,"template":"","format":"standard","meta":[],"categories":[1,2],"tags":[],"acf":[],"_links":{"self":[{"href":"https:\/\/revistacienciaecultura.org.br\/index.php?rest_route=\/wp\/v2\/posts\/7492"}],"collection":[{"href":"https:\/\/revistacienciaecultura.org.br\/index.php?rest_route=\/wp\/v2\/posts"}],"about":[{"href":"https:\/\/revistacienciaecultura.org.br\/index.php?rest_route=\/wp\/v2\/types\/post"}],"author":[{"embeddable":true,"href":"https:\/\/revistacienciaecultura.org.br\/index.php?rest_route=\/wp\/v2\/users\/19"}],"replies":[{"embeddable":true,"href":"https:\/\/revistacienciaecultura.org.br\/index.php?rest_route=%2Fwp%2Fv2%2Fcomments&post=7492"}],"version-history":[{"count":2,"href":"https:\/\/revistacienciaecultura.org.br\/index.php?rest_route=\/wp\/v2\/posts\/7492\/revisions"}],"predecessor-version":[{"id":7501,"href":"https:\/\/revistacienciaecultura.org.br\/index.php?rest_route=\/wp\/v2\/posts\/7492\/revisions\/7501"}],"wp:featuredmedia":[{"embeddable":true,"href":"https:\/\/revistacienciaecultura.org.br\/index.php?rest_route=\/wp\/v2\/media\/7499"}],"wp:attachment":[{"href":"https:\/\/revistacienciaecultura.org.br\/index.php?rest_route=%2Fwp%2Fv2%2Fmedia&parent=7492"}],"wp:term":[{"taxonomy":"category","embeddable":true,"href":"https:\/\/revistacienciaecultura.org.br\/index.php?rest_route=%2Fwp%2Fv2%2Fcategories&post=7492"},{"taxonomy":"post_tag","embeddable":true,"href":"https:\/\/revistacienciaecultura.org.br\/index.php?rest_route=%2Fwp%2Fv2%2Ftags&post=7492"}],"curies":[{"name":"wp","href":"https:\/\/api.w.org\/{rel}","templated":true}]}}