{"id":7511,"date":"2024-11-19T07:30:58","date_gmt":"2024-11-19T07:30:58","guid":{"rendered":"https:\/\/revistacienciaecultura.org.br\/?p=7511"},"modified":"2024-11-18T20:00:48","modified_gmt":"2024-11-18T20:00:48","slug":"bpc-abre-inscricoes-para-a-reuniao-regional-no-espirito-santo","status":"publish","type":"post","link":"https:\/\/revistacienciaecultura.org.br\/?p=7511","title":{"rendered":"SBPC abre inscri\u00e7\u00f5es para a Reuni\u00e3o Regional no Esp\u00edrito Santo"},"content":{"rendered":"<h4 id=\"o-evento-sera-realizado-entre-os-dias-19-e-21-de-fevereiro-de-2025-com-o-tema-oceano-e-clima-a-urgencia-de-construir-um-desenvolvimento-sustentavel-na-ufes-em-vitoria\"><span style=\"color: #808080;\">O evento ser\u00e1 realizado entre os dias 19 e 21 de fevereiro de 2025 com o tema \u201cOceano e Clima: a urg\u00eancia de construir um desenvolvimento sustent\u00e1vel\u201d na Ufes, em Vit\u00f3ria<\/span><\/h4>\n<p>&nbsp;<\/p>\n<p>J\u00e1 est\u00e3o abertas as inscri\u00e7\u00f5es para a Reuni\u00e3o Regional da Sociedade Brasileira para o Progresso da Ci\u00eancia (SBPC) em Vit\u00f3ria (ES), que ser\u00e1 realizada entre os dias 19 e 21 de fevereiro de 2025, no campus de Goiabeiras da Universidade Federal do Esp\u00edrito Santo (Ufes). Com o tema\u00a0<strong>\u201cOceano e Clima: a urg\u00eancia de construir um desenvolvimento sustent\u00e1vel\u201d<\/strong>, o evento reunir\u00e1 especialistas e p\u00fablico para discutir os desafios clim\u00e1ticos e a import\u00e2ncia da gest\u00e3o dos oceanos.<\/p>\n<p>As inscri\u00e7\u00f5es s\u00e3o gratuitas e garantem aos participantes crach\u00e1 e certificado de participa\u00e7\u00e3o geral. Al\u00e9m disso, os dois mil primeiros inscritos no evento e credenciados at\u00e9 o dia 19 de fevereiro receber\u00e3o material exclusivo da RR.<\/p>\n<p>Cl\u00e1udia Linhares Sales, secret\u00e1ria-geral da SBPC e coordenadora geral do evento, e Cristina Engel de Alvarez, pr\u00f3-reitora de Planejamento e Desenvolvimento Institucional da Ufes, conselheira da SBPC e coordenadora-executiva da Comiss\u00e3o Local da reuni\u00e3o, explicam que a escolha do tema levou em conta a import\u00e2ncia do oceano para as atividades econ\u00f4micas e de pesquisa do Esp\u00edrito Santo e a emerg\u00eancia clim\u00e1tica. O tema tamb\u00e9m est\u00e1 conectado com a \u201cD\u00e9cada das Na\u00e7\u00f5es Unidas de Ci\u00eancia Oce\u00e2nica para o Desenvolvimento Sustent\u00e1vel\u201d (2021-2030), que tem por objetivo fortalecer a gest\u00e3o dos oceanos e zonas costeiras, al\u00e9m de apoiar os pa\u00edses na implementa\u00e7\u00e3o da Agenda 2030 para o desenvolvimento sustent\u00e1vel.<\/p>\n<p>\u201cVivemos uma seca severa na Amaz\u00f4nia e ainda n\u00e3o nos recuperamos dos impactos devastadores de inunda\u00e7\u00f5es, como as que ocorreram no Rio Grande do Sul. Os oceanos e o clima est\u00e3o intimamente conectados e \u00e9 preciso que compreendamos essa rela\u00e7\u00e3o para lidar com os impactos dos eventos extremos, cada vez mais frequentes\u201d, pontua Linhares Sales.<\/p>\n<p>O cartaz do evento ilustra de forma simb\u00f3lica este tema, apresentando uma imagem a\u00e9rea hist\u00f3rica do Esp\u00edrito Santo, com destaque para os rios Doce, Itapemirim e S\u00e3o Mateus, al\u00e9m de outras riquezas naturais do estado, como a Mata Atl\u00e2ntica e o mar. Segundo Linhares Sales, a imagem escolhida reflete a rela\u00e7\u00e3o \u00edntima entre a natureza e os desafios atuais, convidando \u00e0 reflex\u00e3o sobre o que j\u00e1 foi perdido e o que ainda pode ser preservado.\u00a0\u201cNa busca da imagem, encontramos um lindo mapa do Esp\u00edrito Santo, que retrata os rios, as montanhas, a ilha de Vit\u00f3ria, o oceano e tantos outros rios que ali des\u00e1guam. Essa imagem, desenho humano de uma vista a\u00e9rea, nos remete ao encantamento e deslumbre com a natureza e \u00e0 vontade de resgatar nosso pertencimento ao planeta e \u00e0 sua biodiversidade\u201d, comenta.<\/p>\n<p>Linhares Sales ressalta que o encontro tamb\u00e9m simboliza o retorno da SBPC ao Esp\u00edrito Santo, 30 anos ap\u00f3s a \u00faltima Reuni\u00e3o Anual (46\u00aa edi\u00e7\u00e3o), realizada em Vit\u00f3ria, em 1994, com o tema \u201cA \u00e9tica e a consolida\u00e7\u00e3o da democracia\u201d. \u201cHavia uma demanda por parte dos nossos parceiros no estado e da universidade por uma nova reuni\u00e3o. Sentimos tamb\u00e9m a falta de uma Secretaria Regional da SBPC no estado. Esses fatores nos motivaram a propor a realiza\u00e7\u00e3o dessa Reuni\u00e3o Regional \u00e0 nossa conselheira Cristina Engel e ao reitor da Ufes, o professor Eust\u00e1quio Vinicius Ribeiro de Castro, que imediatamente acolheram a ideia, formaram uma comiss\u00e3o local e est\u00e3o se dedicando com muito entusiasmo para a realiza\u00e7\u00e3o deste evento\u201d, acrescenta. Segundo ela, a expectativa \u00e9 que o evento contribua para atrair novos associados e viabilizar a reabertura da Secretaria Regional da SBPC no estado.<\/p>\n<p>&nbsp;<\/p>\n<h4 id=\"programacao\"><strong>Programa\u00e7\u00e3o<\/strong><\/h4>\n<p>A cerim\u00f4nia de abertura da Reuni\u00e3o Regional em Vit\u00f3ria ser\u00e1 no Teatro Universit\u00e1rio da Ufes, no dia 19\/02, e contar\u00e1 com uma homenagem especial ao cientista Ennio Candotti, presidente da SBPC por quatro mandatos e ex-professor da Ufes, falecido em dezembro de 2023. Candotti, reconhecido por sua contribui\u00e7\u00e3o significativa \u00e0 ci\u00eancia e \u00e0 educa\u00e7\u00e3o no Brasil, ser\u00e1 lembrado por sua trajet\u00f3ria de compromisso com o desenvolvimento cient\u00edfico e com a forma\u00e7\u00e3o de novas gera\u00e7\u00f5es de pesquisadores.<\/p>\n<p>Ap\u00f3s a homenagem, o vice-presidente da SBPC,\u00a0<strong>Paulo Artaxo<\/strong>, dar\u00e1 in\u00edcio \u00e0s atividades do evento com uma confer\u00eancia sobre\u00a0<strong>mudan\u00e7as clim\u00e1ticas<\/strong>. Artaxo, coordenador do Programa Fapesp de Mudan\u00e7as Clim\u00e1ticas Globais e membro do\u00a0<strong>Painel Intergovernamental de Mudan\u00e7as Clim\u00e1ticas (IPCC)<\/strong>, \u00e9 uma refer\u00eancia mundial no tema e um dos cientistas brasileiros mais citados internacionalmente.<\/p>\n<p>A programa\u00e7\u00e3o da Reuni\u00e3o Regional seguir\u00e1 nos dias 20 e 21 de fevereiro com mesas-redondas e confer\u00eancias que contar\u00e3o com a participa\u00e7\u00e3o de cientistas, pesquisadores, professores e especialistas de diferentes \u00e1reas, como meio ambiente, clima, tecnologia, Intelig\u00eancia Artificial, e educa\u00e7\u00e3o superior e ambiental. As discuss\u00f5es ser\u00e3o uma oportunidade \u00fanica para abordar as interconex\u00f5es entre esses campos do conhecimento e suas implica\u00e7\u00f5es no desenvolvimento sustent\u00e1vel. O programa completo da Reuni\u00e3o Regional estar\u00e1 dispon\u00edvel na segunda quinzena de janeiro.<\/p>\n<p>As atividades ter\u00e3o transmiss\u00e3o ao vivo pelo canal da SBPC no YouTube, permitindo que um p\u00fablico amplo acompanhe os debates e trocas de ideias em tempo real.<\/p>\n<p>Al\u00e9m disso, a Reuni\u00e3o Regional contar\u00e1 com uma vers\u00e3o sint\u00e9tica do\u00a0<strong>Programa SBPC vai \u00e0 Escola<\/strong>, com oficinas voltadas para professores do ensino b\u00e1sico e estudantes de licenciatura, al\u00e9m de mostras cient\u00edficas abertas a estudantes e ao p\u00fablico em geral. Dentre as atividades, destaca-se a exposi\u00e7\u00e3o iterativa\u00a0<strong>\u201cPrimatas da Mata Atl\u00e2ntica\u201d<\/strong>, promovida pelo\u00a0<strong>Instituto Nacional do Meio Ambiente<\/strong>, que ir\u00e1 apresentar de forma interativa a fauna e a import\u00e2ncia da preserva\u00e7\u00e3o dessa rica biodiversidade.<\/p>\n<p>O\u00a0<strong>Museu de Ci\u00eancias da Vida<\/strong>\u00a0tamb\u00e9m marcar\u00e1 presen\u00e7a, apresentando inova\u00e7\u00f5es nas t\u00e9cnicas de preserva\u00e7\u00e3o de esp\u00e9cimes biol\u00f3gicos para fins de pesquisa cient\u00edfica.<\/p>\n<p>Mais informa\u00e7\u00f5es, acesse o site da\u00a0<a href=\"https:\/\/rr.sbpcnet.org.br\/espiritosanto\/\" target=\"_blank\" rel=\"noopener\"><strong><span style=\"color: #800000;\">Reuni\u00e3o Regional da SBPC no Esp\u00edrito Santo<\/span><\/strong><\/a>, neste link:\u00a0<span style=\"color: #800000;\"><strong><a style=\"color: #800000;\" href=\"https:\/\/rr.sbpcnet.org.br\/espiritosanto\/\" target=\"_blank\" rel=\"noopener\">https:\/\/rr.sbpcnet.org.br\/espiritosanto\/<\/a><\/strong><\/span>.<\/p>\n<p><span style=\"color: #808080;\"><em>Jornal da Ci\u00eancia<\/em><\/span><\/p>\n","protected":false},"excerpt":{"rendered":"O evento ser\u00e1 realizado entre os dias 19 e 21 de fevereiro&hellip;\n","protected":false},"author":19,"featured_media":7514,"comment_status":"open","ping_status":"open","sticky":false,"template":"","format":"standard","meta":[],"categories":[1,2],"tags":[],"acf":[],"_links":{"self":[{"href":"https:\/\/revistacienciaecultura.org.br\/index.php?rest_route=\/wp\/v2\/posts\/7511"}],"collection":[{"href":"https:\/\/revistacienciaecultura.org.br\/index.php?rest_route=\/wp\/v2\/posts"}],"about":[{"href":"https:\/\/revistacienciaecultura.org.br\/index.php?rest_route=\/wp\/v2\/types\/post"}],"author":[{"embeddable":true,"href":"https:\/\/revistacienciaecultura.org.br\/index.php?rest_route=\/wp\/v2\/users\/19"}],"replies":[{"embeddable":true,"href":"https:\/\/revistacienciaecultura.org.br\/index.php?rest_route=%2Fwp%2Fv2%2Fcomments&post=7511"}],"version-history":[{"count":3,"href":"https:\/\/revistacienciaecultura.org.br\/index.php?rest_route=\/wp\/v2\/posts\/7511\/revisions"}],"predecessor-version":[{"id":7513,"href":"https:\/\/revistacienciaecultura.org.br\/index.php?rest_route=\/wp\/v2\/posts\/7511\/revisions\/7513"}],"wp:featuredmedia":[{"embeddable":true,"href":"https:\/\/revistacienciaecultura.org.br\/index.php?rest_route=\/wp\/v2\/media\/7514"}],"wp:attachment":[{"href":"https:\/\/revistacienciaecultura.org.br\/index.php?rest_route=%2Fwp%2Fv2%2Fmedia&parent=7511"}],"wp:term":[{"taxonomy":"category","embeddable":true,"href":"https:\/\/revistacienciaecultura.org.br\/index.php?rest_route=%2Fwp%2Fv2%2Fcategories&post=7511"},{"taxonomy":"post_tag","embeddable":true,"href":"https:\/\/revistacienciaecultura.org.br\/index.php?rest_route=%2Fwp%2Fv2%2Ftags&post=7511"}],"curies":[{"name":"wp","href":"https:\/\/api.w.org\/{rel}","templated":true}]}}