{"id":7516,"date":"2024-11-20T07:30:40","date_gmt":"2024-11-20T07:30:40","guid":{"rendered":"https:\/\/revistacienciaecultura.org.br\/?p=7516"},"modified":"2024-11-19T19:09:37","modified_gmt":"2024-11-19T19:09:37","slug":"sbpc-realiza-jornada-pela-ciencia-e-educacao-e-convida-sociedades-cientificas-afiliadas-e-toda-a-comunidade-academica-a-participar","status":"publish","type":"post","link":"https:\/\/revistacienciaecultura.org.br\/?p=7516","title":{"rendered":"SBPC realiza Jornada pela Ci\u00eancia e Educa\u00e7\u00e3o e convida sociedades cient\u00edficas afiliadas e toda a comunidade acad\u00eamica a participar"},"content":{"rendered":"<h4 id=\"o-ato-sera-realizado-na-proxima-segunda-feira-dia-25-de-novembro-com-o-objetivo-de-alertar-para-a-ameaca-de-cortes-de-recursos-destinados-aos-dois-setores-que-podem-comprometer-o-futuro-do-pai\"><span style=\"color: #808080;\">O ato ser\u00e1 realizado na pr\u00f3xima segunda-feira, dia 25 de novembro, com o\u00a0objetivo de alertar para a amea\u00e7a de cortes de recursos destinados aos dois setores, que podem comprometer o futuro do Pa\u00eds<\/span><\/h4>\n<p>&nbsp;<\/p>\n<p>No dia 25 de novembro, pr\u00f3xima segunda-feira, a Sociedade Brasileira para o Progresso da Ci\u00eancia (SBPC) promover\u00e1 a Jornada pela Ci\u00eancia e Educa\u00e7\u00e3o. O principal objetivo do evento \u00e9 alertar para a amea\u00e7a de cortes de recursos destinados aos dois setores, que podem comprometer o futuro do Pa\u00eds. A SBPC convida todas as Sociedades Afiliadas, al\u00e9m da comunidade cient\u00edfica e acad\u00eamica, a se engajarem na luta por mais investimentos nas \u00e1reas essenciais para o desenvolvimento nacional.<\/p>\n<p>A Jornada ter\u00e1 como mote a defesa do or\u00e7amento da ci\u00eancia e da educa\u00e7\u00e3o, visando a garantir que no or\u00e7amento de 2025 sejam previstos recursos adequados \u00e0s necessidades do setor. A ideia \u00e9 que a mobiliza\u00e7\u00e3o inclua, entre outras a\u00e7\u00f5es, mesas-redondas, confer\u00eancias, rodas de conversa, v\u00eddeos, entrevistas, inser\u00e7\u00f5es na m\u00eddia e artigos nos quais especialistas de diferentes \u00e1reas mostrar\u00e3o a import\u00e2ncia da ci\u00eancia e da educa\u00e7\u00e3o para o bem-estar e o progresso da sociedade. A a\u00e7\u00e3o tamb\u00e9m busca sensibilizar a popula\u00e7\u00e3o e os parlamentares sobre os riscos que os cortes or\u00e7ament\u00e1rios representam para a sustentabilidade e o crescimento do Brasil.<\/p>\n<p>No dia do ato,\u00a0<strong>a SBPC promover\u00e1, \u00e0s 10h, uma atividade online\u00a0<\/strong>com a inten\u00e7\u00e3o de reunir presidentes de entidades representativas, como a Associa\u00e7\u00e3o Nacional dos Dirigentes das Institui\u00e7\u00f5es Federais de Ensino Superior (Andifes), o Conselho Nacional das Institui\u00e7\u00f5es da Rede Federal de Educa\u00e7\u00e3o Profissional, Cient\u00edfica e Tecnol\u00f3gica (Conif), a Associa\u00e7\u00e3o Nacional de P\u00f3s-Graduandos (ANPG), entre outras, com destaque para personalidades e parlamentares. Para ampliar a visibilidade da causa, a entidade incentiva o uso de hashtags nas redes sociais, como\u00a0<strong>#maisciencia, #maiseduca\u00e7\u00e3o, #cienciaparaofuturo, #educa\u00e7\u00e3oparaofuturo, #ci\u00eanciasemcorte e #educa\u00e7\u00e3osemcorte<\/strong>.<\/p>\n<p>A urg\u00eancia desta Jornada se deve aos insistentes rumores, espalhados pela imprensa, que amea\u00e7am cortes n\u00e3o apenas nos benef\u00edcios destinados aos cidad\u00e3os mais vulner\u00e1veis \u2013 como o auxilio-desemprego e o Benef\u00edcio de Presta\u00e7\u00e3o Continuada \u2013 mas tamb\u00e9m em tudo o que constr\u00f3i nosso futuro, em especial a educa\u00e7\u00e3o e a ci\u00eancia. \u201cA SBPC e a comunidade acad\u00eamica e cient\u00edfica n\u00e3o podem assistir, paradas, a essa ofensiva contra a intelig\u00eancia e contra a realiza\u00e7\u00e3o das potencialidades, naturais e humanas, de nosso Pa\u00eds\u201d, afirmou o presidente da SBPC, prof. Renato Janine Ribeiro.<\/p>\n<p>Ele observa ainda que a uni\u00e3o da educa\u00e7\u00e3o e da ci\u00eancia brasileiras tem sido fundamental para resistir a essas amea\u00e7as e avan\u00e7ar na luta por mais investimentos. \u201cEstamos vendo uma tentativa de corte de verbas do Or\u00e7amento da Uni\u00e3o, justamente nas \u00e1reas mais cruciais para o futuro do pa\u00eds, como educa\u00e7\u00e3o, sa\u00fade, meio ambiente e ci\u00eancia\u201d, afirma. Para ele, enquanto setores mais conservadores buscam retirar recursos dessas \u00e1reas fundamentais, \u00e9 preciso que a sociedade se una para garantir que o pa\u00eds invista nas bases do seu futuro.<\/p>\n<p>Janine Ribeiro afirma ainda que a prioridade do governo \u2013 e do Pa\u00eds \u2013 deve ser vencer a mis\u00e9ria e superar a pobreza, oferecendo ao seu povo condi\u00e7\u00f5es de vida dignas e oportunidades de progredir. \u201cNosso pa\u00eds tem um enorme potencial, n\u00e3o apenas em termos de biodiversidade, mas tamb\u00e9m em termos de Intelig\u00eancia Artificial, ci\u00eancia, cultura e inova\u00e7\u00e3o. Isso precisa ser cuidado e nutrido para que o Brasil construa um futuro pr\u00f3spero\u201d, completa.<\/p>\n<p>Claudia Linhares Sales, secret\u00e1ria-geral da SBPC, destacou que a expectativa com essa mobiliza\u00e7\u00e3o \u00e9 que ela sensibilize o Congresso Nacional sobre a import\u00e2ncia de blindar os recursos destinados \u00e0 ci\u00eancia e \u00e0 educa\u00e7\u00e3o. \u201cA meta \u00e9 n\u00e3o apenas reverter os cortes or\u00e7ament\u00e1rios, mas tamb\u00e9m garantir que os recursos do Fundo Nacional do Desenvolvimento Cient\u00edfico e Tecnol\u00f3gico (FNDCT), principal fonte de financiamento da pesquisa cient\u00edfica no Brasil, sejam integralmente aplicados neste setor.\u201d<\/p>\n<p>J\u00e1 o vice-presidente da SBPC, Paulo Artaxo, alerta que esta instabilidade no or\u00e7amento pode comprometer a capacidade do Brasil de enfrentar os desafios do futuro. \u201cSem o investimento necess\u00e1rio em ci\u00eancia, v\u00e1rias quest\u00f5es importantes para a sociedade brasileira podem ficar em aberto. Por isso, cada sociedade\/institui\u00e7\u00e3o precisa fomentar discuss\u00f5es estrat\u00e9gicas em suas \u00e1reas, mostrando \u00e0 popula\u00e7\u00e3o o quanto a ci\u00eancia \u00e9 essencial para o nosso desenvolvimento\u201d, afirma.<\/p>\n<p>&nbsp;<\/p>\n<h4 id=\"convite-a-participacao\"><strong>Convite \u00e0 participa\u00e7\u00e3o<\/strong><\/h4>\n<p>A SBPC convida institui\u00e7\u00f5es, organiza\u00e7\u00f5es e a comunidade acad\u00eamica de todo o Brasil a se engajar na Jornada pela Ci\u00eancia e Educa\u00e7\u00e3o, promovendo, no dia 25 de novembro, atividades que estimulem a reflex\u00e3o sobre a import\u00e2ncia da ci\u00eancia e da educa\u00e7\u00e3o como pilares para um Brasil mais justo, desenvolvido e sustent\u00e1vel. A SBPC acredita que, apenas com o investimento adequado nas \u00e1reas essenciais, o pa\u00eds ser\u00e1 capaz de alcan\u00e7ar um futuro promissor para todos os seus cidad\u00e3os.<\/p>\n<p>Uma circular foi enviada \u00e0s 157 sociedades cient\u00edficas afiliadas e \u00e0s 69 universidades federais, al\u00e9m de outras entidades, convidando-as a organizar eventos na mesma data sobre o tema. Tais eventos ser\u00e3o amplamente divulgados nas redes sociais e demais ve\u00edculos da SBPC.<\/p>\n<p><span style=\"color: #808080;\"><em>Jornal da Ci\u00eancia<\/em><\/span><\/p>\n","protected":false},"excerpt":{"rendered":"O ato ser\u00e1 realizado na pr\u00f3xima segunda-feira, dia 25 de novembro, com&hellip;\n","protected":false},"author":19,"featured_media":6016,"comment_status":"open","ping_status":"open","sticky":false,"template":"","format":"standard","meta":[],"categories":[1,2],"tags":[],"acf":[],"_links":{"self":[{"href":"https:\/\/revistacienciaecultura.org.br\/index.php?rest_route=\/wp\/v2\/posts\/7516"}],"collection":[{"href":"https:\/\/revistacienciaecultura.org.br\/index.php?rest_route=\/wp\/v2\/posts"}],"about":[{"href":"https:\/\/revistacienciaecultura.org.br\/index.php?rest_route=\/wp\/v2\/types\/post"}],"author":[{"embeddable":true,"href":"https:\/\/revistacienciaecultura.org.br\/index.php?rest_route=\/wp\/v2\/users\/19"}],"replies":[{"embeddable":true,"href":"https:\/\/revistacienciaecultura.org.br\/index.php?rest_route=%2Fwp%2Fv2%2Fcomments&post=7516"}],"version-history":[{"count":2,"href":"https:\/\/revistacienciaecultura.org.br\/index.php?rest_route=\/wp\/v2\/posts\/7516\/revisions"}],"predecessor-version":[{"id":7518,"href":"https:\/\/revistacienciaecultura.org.br\/index.php?rest_route=\/wp\/v2\/posts\/7516\/revisions\/7518"}],"wp:featuredmedia":[{"embeddable":true,"href":"https:\/\/revistacienciaecultura.org.br\/index.php?rest_route=\/wp\/v2\/media\/6016"}],"wp:attachment":[{"href":"https:\/\/revistacienciaecultura.org.br\/index.php?rest_route=%2Fwp%2Fv2%2Fmedia&parent=7516"}],"wp:term":[{"taxonomy":"category","embeddable":true,"href":"https:\/\/revistacienciaecultura.org.br\/index.php?rest_route=%2Fwp%2Fv2%2Fcategories&post=7516"},{"taxonomy":"post_tag","embeddable":true,"href":"https:\/\/revistacienciaecultura.org.br\/index.php?rest_route=%2Fwp%2Fv2%2Ftags&post=7516"}],"curies":[{"name":"wp","href":"https:\/\/api.w.org\/{rel}","templated":true}]}}