{"id":7519,"date":"2024-11-21T07:30:49","date_gmt":"2024-11-21T07:30:49","guid":{"rendered":"https:\/\/revistacienciaecultura.org.br\/?p=7519"},"modified":"2024-11-20T13:27:00","modified_gmt":"2024-11-20T13:27:00","slug":"livros-gratuitos-no-portal-do-livro-aberto","status":"publish","type":"post","link":"https:\/\/revistacienciaecultura.org.br\/?p=7519","title":{"rendered":"Livros gratuitos no Portal do Livro Aberto"},"content":{"rendered":"<h4 id=\"ibict-disponibiliza-download-gratuito-de-livros-em-ciencia-e-tecnologia\"><span style=\"color: #808080;\">IBICT disponibiliza download gratuito de livros em Ci\u00eancia e Tecnologia<\/span><\/h4>\n<p>&nbsp;<\/p>\n<p>Voc\u00ea sabia que agora \u00e9 poss\u00edvel ter acesso a uma variedade de livros sobre ci\u00eancia de forma totalmente gratuita? Isso mesmo! O <span style=\"color: #800000;\"><strong><a style=\"color: #800000;\" href=\"https:\/\/livroaberto.ibict.br\/\">Portal do Livro Ab<\/a><a style=\"color: #800000;\" href=\"https:\/\/livroaberto.ibict.br\/\">erto<\/a><\/strong><\/span>, desenvolvido pelo Instituto Brasileiro de Informa\u00e7\u00e3o em Ci\u00eancia e Tecnologia (IBICT), em parceria com a Financiadora de Estudos e Projetos (FINEP), re\u00fane uma cole\u00e7\u00e3o diversificada de publica\u00e7\u00f5es oficiais do Governo, abrangendo uma gama impressionante de temas. Gra\u00e7as \u00e0 tecnologia de digitaliza\u00e7\u00e3o empregada pelo IBICT, obras que estavam h\u00e1 muito tempo esgotadas em formato impresso agora est\u00e3o dispon\u00edveis para download gratuito pela internet. Esses documentos, muitas vezes desconhecidos pelo p\u00fablico em geral, s\u00e3o uma valiosa fonte para pesquisas, elabora\u00e7\u00e3o de pol\u00edticas p\u00fablicas e aprofundamento do conhecimento cient\u00edfico. Com quase quinhentos t\u00edtulos dispon\u00edveis, o Portal do Livro Aberto abrange uma vasta gama de temas essenciais para o desenvolvimento cient\u00edfico e tecnol\u00f3gico do Brasil. Voc\u00ea encontrar\u00e1 obras que exploram Tecnologias da Informa\u00e7\u00e3o e Comunica\u00e7\u00e3o, F\u00e1rmacos e Complexo Industrial da Sa\u00fade, Petr\u00f3leo e G\u00e1s, Biotecnologia, Mudan\u00e7as Clim\u00e1ticas, entre muitos outros. Esta \u00e9 uma oportunidade \u00fanica para mergulhar no universo da ci\u00eancia e explorar temas que v\u00e3o desde a nanotecnologia at\u00e9 a biodiversidade. No Portal do Livro Aberto, voc\u00ea pode realizar buscas por autor, assunto ou data de publica\u00e7\u00e3o, facilitando a descoberta de conte\u00fados espec\u00edficos. Os livros est\u00e3o dispon\u00edveis para download em formato PDF, garantindo acesso f\u00e1cil e gratuito a conhecimentos que s\u00e3o fundamentais para acad\u00eamicos, estudantes, profissionais e interessados em geral.<\/p>\n<p>Confira alguns dos t\u00edtulos que voc\u00ea pode encontrar no Portal do Livro Aberto:<\/p>\n<p><a href=\"http:\/\/livroaberto.ibict.br\/handle\/1\/563\" target=\"_blank\" rel=\"noopener\"><img loading=\"lazy\" class=\"alignnone size-full wp-image-7520\" src=\"https:\/\/revistacienciaecultura.org.br\/wp-content\/uploads\/2024\/11\/livro1.jpg\" alt=\"\" width=\"96\" height=\"120\" srcset=\"https:\/\/revistacienciaecultura.org.br\/wp-content\/uploads\/2024\/11\/livro1.jpg 96w, https:\/\/revistacienciaecultura.org.br\/wp-content\/uploads\/2024\/11\/livro1-10x12.jpg 10w\" sizes=\"(max-width: 96px) 100vw, 96px\" \/><\/a><\/p>\n<h4 id=\"inovacao-em-temas-estrategicos-de-saude-publica-volume-1-coletanea-de-textos\"><a href=\"http:\/\/livroaberto.ibict.br\/handle\/1\/563\" target=\"_blank\" rel=\"noopener\"><span style=\"color: #800000;\"><strong>Inova\u00e7\u00e3o em Temas Estrat\u00e9gicos de Sa\u00fade P\u00fablica: Volume 1: Colet\u00e2nea de Textos<\/strong><\/span><\/a><\/h4>\n<p>O DECIIS da SCTIE, atrav\u00e9s da publica\u00e7\u00e3o &#8220;Inova\u00e7\u00e3o em Temas Estrat\u00e9gicos de Sa\u00fade P\u00fablica&#8221;, analisa o desenvolvimento tecnol\u00f3gico em sa\u00fade, destacando o Complexo Industrial da Sa\u00fade (CIS). O foco \u00e9 promover acesso \u00e0 sa\u00fade com qualidade e efici\u00eancia, explorando temas emergentes e estrat\u00e9gicos para o setor.<\/p>\n<p>&nbsp;<\/p>\n<p><strong><a href=\"http:\/\/livroaberto.ibict.br\/handle\/1\/1056\" target=\"_blank\" rel=\"noopener\"><img loading=\"lazy\" class=\"alignnone size-full wp-image-7522\" src=\"https:\/\/revistacienciaecultura.org.br\/wp-content\/uploads\/2024\/11\/livros2.jpg\" alt=\"\" width=\"120\" height=\"120\" srcset=\"https:\/\/revistacienciaecultura.org.br\/wp-content\/uploads\/2024\/11\/livros2.jpg 120w, https:\/\/revistacienciaecultura.org.br\/wp-content\/uploads\/2024\/11\/livros2-12x12.jpg 12w, https:\/\/revistacienciaecultura.org.br\/wp-content\/uploads\/2024\/11\/livros2-80x80.jpg 80w\" sizes=\"(max-width: 120px) 100vw, 120px\" \/><\/a>\u00a0<\/strong><\/p>\n<h4 id=\"livro-vermelho-das-criancas\"><a href=\"http:\/\/livroaberto.ibict.br\/handle\/1\/1056\" target=\"_blank\" rel=\"noopener\"><span style=\"color: #800000;\"><strong>Livro Vermelho das Crian\u00e7as<\/strong><\/span><\/a><\/h4>\n<p>O Livro Vermelho das Crian\u00e7as apresenta respostas sobre conserva\u00e7\u00e3o da fauna, explicando esp\u00e9cies amea\u00e7adas de extin\u00e7\u00e3o. Destaca a import\u00e2ncia da Lista de Esp\u00e9cies Amea\u00e7adas e discute principais amea\u00e7as aos animais. Com hist\u00f3rias e curiosidades, oferece uma abordagem educativa e divertida sobre como proteger esses 50 bichos no Brasil.<a href=\"http:\/\/livroaberto.ibict.br\/handle\/1\/1056\"><\/p>\n<p><\/a><\/p>\n<p><a href=\"http:\/\/livroaberto.ibict.br\/handle\/1\/708\" target=\"_blank\" rel=\"noopener\"><img loading=\"lazy\" class=\"alignnone size-full wp-image-7523\" src=\"https:\/\/revistacienciaecultura.org.br\/wp-content\/uploads\/2024\/11\/livros3.jpg\" alt=\"\" width=\"84\" height=\"120\" srcset=\"https:\/\/revistacienciaecultura.org.br\/wp-content\/uploads\/2024\/11\/livros3.jpg 84w, https:\/\/revistacienciaecultura.org.br\/wp-content\/uploads\/2024\/11\/livros3-8x12.jpg 8w\" sizes=\"(max-width: 84px) 100vw, 84px\" \/><\/a><\/p>\n<h4 id=\"conservacao-da-biodiversidade-legislacao-e-politicas-publicas\"><a href=\"http:\/\/livroaberto.ibict.br\/handle\/1\/708\" target=\"_blank\" rel=\"noopener\"><span style=\"color: #800000;\"><strong>Conserva\u00e7\u00e3o da biodiversidade: legisla\u00e7\u00e3o e pol\u00edticas p\u00fablicas<\/strong><\/span><\/a><\/h4>\n<p>A obra aborda os fundamentos cient\u00edficos e os valores das normas de prote\u00e7\u00e3o da flora e fauna, destacando a biodiversidade brasileira e sua constitucionalidade. Explora as leis de prote\u00e7\u00e3o, o desenvolvimento hist\u00f3rico das normas nacionais e internacionais, e as compet\u00eancias entre Uni\u00e3o, estados e munic\u00edpios na gest\u00e3o do patrim\u00f4nio biol\u00f3gico. Discute instrumentos de prote\u00e7\u00e3o, acesso ao patrim\u00f4nio gen\u00e9tico e gest\u00e3o de unidades de conserva\u00e7\u00e3o, al\u00e9m das pol\u00edticas contra o desmatamento.<\/p>\n<p>&nbsp;<\/p>\n<p>&nbsp;<\/p>\n<p><strong><a href=\"http:\/\/livroaberto.ibict.br\/handle\/1\/1017\" target=\"_blank\" rel=\"noopener\"><img loading=\"lazy\" class=\"alignnone size-full wp-image-7524\" src=\"https:\/\/revistacienciaecultura.org.br\/wp-content\/uploads\/2024\/11\/livros4.jpg\" alt=\"\" width=\"120\" height=\"120\" srcset=\"https:\/\/revistacienciaecultura.org.br\/wp-content\/uploads\/2024\/11\/livros4.jpg 120w, https:\/\/revistacienciaecultura.org.br\/wp-content\/uploads\/2024\/11\/livros4-12x12.jpg 12w, https:\/\/revistacienciaecultura.org.br\/wp-content\/uploads\/2024\/11\/livros4-80x80.jpg 80w\" sizes=\"(max-width: 120px) 100vw, 120px\" \/><\/a>\u00a0<\/strong><\/p>\n<h4 id=\"vocabulario-ambiental-infanto-juvenil\"><a href=\"http:\/\/livroaberto.ibict.br\/handle\/1\/1017\" target=\"_blank\" rel=\"noopener\"><span style=\"color: #800000;\"><strong>Vocabul\u00e1rio ambiental infanto-juvenil<\/strong><\/span><\/a><\/h4>\n<p>O Vocabul\u00e1rio Ambiental Infanto-juvenil explora palavras e conceitos ambientais com uma abordagem que mescla ci\u00eancia, arte e ludicidade. Seu objetivo \u00e9 tornar acess\u00edvel o significado desses termos, promovendo a educa\u00e7\u00e3o ambiental desde cedo. A obra visa despertar o interesse das crian\u00e7as pela conserva\u00e7\u00e3o ambiental, justi\u00e7a social, crescimento econ\u00f4mico sustent\u00e1vel e paz, abordando temas essenciais para o s\u00e9culo atual.<\/p>\n<p>&nbsp;<\/p>\n<p><strong>\u00a0<\/strong><\/p>\n<p><a href=\"http:\/\/livroaberto.ibict.br\/handle\/1\/750\" target=\"_blank\" rel=\"noopener\"><strong> <img loading=\"lazy\" class=\"alignnone size-full wp-image-7525\" src=\"https:\/\/revistacienciaecultura.org.br\/wp-content\/uploads\/2024\/11\/livros5.jpg\" alt=\"\" width=\"84\" height=\"120\" srcset=\"https:\/\/revistacienciaecultura.org.br\/wp-content\/uploads\/2024\/11\/livros5.jpg 84w, https:\/\/revistacienciaecultura.org.br\/wp-content\/uploads\/2024\/11\/livros5-8x12.jpg 8w\" sizes=\"(max-width: 84px) 100vw, 84px\" \/><\/strong><\/a><\/p>\n<h4 id=\"os-saberes-tradicionais-e-a-biodiversidade-no-brasil\"><a href=\"http:\/\/livroaberto.ibict.br\/handle\/1\/750\" target=\"_blank\" rel=\"noopener\"><span style=\"color: #800000;\"><strong>Os Saberes Tradicionais e a Biodiversidade no Brasil<\/strong><\/span><\/a><\/h4>\n<p>O documento aborda a biodiversidade brasileira, sua import\u00e2ncia para a conserva\u00e7\u00e3o ambiental e sua integra\u00e7\u00e3o com aspectos culturais e sociais. Explora conceitos fundamentais, como biodiversidade e manejo por comunidades tradicionais, destacando sua hist\u00f3ria e identificando essas comunidades. Define tamb\u00e9m o saber tradicional e sua rela\u00e7\u00e3o com a ci\u00eancia, proporcionando uma vis\u00e3o abrangente sobre esses temas essenciais para a gest\u00e3o sustent\u00e1vel dos recursos naturais.<\/p>\n<p>&nbsp;<\/p>\n<p>&nbsp;<\/p>\n<p><a href=\"https:\/\/livroaberto.ibict.br\/\" target=\"_blank\" rel=\"noopener\"><span style=\"color: #800000;\"><strong>Confira outros t\u00edtulos aqui<\/strong><\/span><\/a><\/p>\n<p>&nbsp;<\/p>\n<p>&nbsp;<\/p>\n<h6 id=\"capa-freepik-com-reproducao\"><strong>Capa. Freepik.com. Reprodu\u00e7\u00e3o<\/strong><\/h6>\n","protected":false},"excerpt":{"rendered":"IBICT disponibiliza download gratuito de livros em Ci\u00eancia e Tecnologia &nbsp; Voc\u00ea&hellip;\n","protected":false},"author":19,"featured_media":7521,"comment_status":"open","ping_status":"open","sticky":false,"template":"","format":"standard","meta":[],"categories":[1,2],"tags":[],"acf":[],"_links":{"self":[{"href":"https:\/\/revistacienciaecultura.org.br\/index.php?rest_route=\/wp\/v2\/posts\/7519"}],"collection":[{"href":"https:\/\/revistacienciaecultura.org.br\/index.php?rest_route=\/wp\/v2\/posts"}],"about":[{"href":"https:\/\/revistacienciaecultura.org.br\/index.php?rest_route=\/wp\/v2\/types\/post"}],"author":[{"embeddable":true,"href":"https:\/\/revistacienciaecultura.org.br\/index.php?rest_route=\/wp\/v2\/users\/19"}],"replies":[{"embeddable":true,"href":"https:\/\/revistacienciaecultura.org.br\/index.php?rest_route=%2Fwp%2Fv2%2Fcomments&post=7519"}],"version-history":[{"count":2,"href":"https:\/\/revistacienciaecultura.org.br\/index.php?rest_route=\/wp\/v2\/posts\/7519\/revisions"}],"predecessor-version":[{"id":7527,"href":"https:\/\/revistacienciaecultura.org.br\/index.php?rest_route=\/wp\/v2\/posts\/7519\/revisions\/7527"}],"wp:featuredmedia":[{"embeddable":true,"href":"https:\/\/revistacienciaecultura.org.br\/index.php?rest_route=\/wp\/v2\/media\/7521"}],"wp:attachment":[{"href":"https:\/\/revistacienciaecultura.org.br\/index.php?rest_route=%2Fwp%2Fv2%2Fmedia&parent=7519"}],"wp:term":[{"taxonomy":"category","embeddable":true,"href":"https:\/\/revistacienciaecultura.org.br\/index.php?rest_route=%2Fwp%2Fv2%2Fcategories&post=7519"},{"taxonomy":"post_tag","embeddable":true,"href":"https:\/\/revistacienciaecultura.org.br\/index.php?rest_route=%2Fwp%2Fv2%2Ftags&post=7519"}],"curies":[{"name":"wp","href":"https:\/\/api.w.org\/{rel}","templated":true}]}}