{"id":7536,"date":"2024-11-27T07:30:42","date_gmt":"2024-11-27T07:30:42","guid":{"rendered":"https:\/\/revistacienciaecultura.org.br\/?p=7536"},"modified":"2024-11-26T18:21:23","modified_gmt":"2024-11-26T18:21:23","slug":"jornada-pela-ciencia-e-educacao-destaca-o-erro-de-cortar-recursos-desses-setores-no-orcamento","status":"publish","type":"post","link":"https:\/\/revistacienciaecultura.org.br\/?p=7536","title":{"rendered":"Jornada pela Ci\u00eancia e Educa\u00e7\u00e3o destaca o erro de cortar recursos desses setores no Or\u00e7amento"},"content":{"rendered":"<h4 id=\"encontro-virtual-promovido-pela-sbpc-contou-com-a-participacao-de-cientistas-pesquisadores-professores-reitores-e-parlamentares-defensores-da-ciencia-e-da-educacao-de-todos-os-espectros-politicos\"><span style=\"color: #808080;\">Encontro virtual, promovido pela SBPC contou com a participa\u00e7\u00e3o de cientistas, pesquisadores, professores, reitores e parlamentares defensores da ci\u00eancia e da educa\u00e7\u00e3o de todos os espectros pol\u00edticos<\/span><\/h4>\n<p>&nbsp;<\/p>\n<p>A comunidade cient\u00edfica reiterou, no come\u00e7o desta semana, sua preocupa\u00e7\u00e3o com a possibilidade, que vem sendo ventilada pela imprensa e redes sociais, de cortes no j\u00e1 escasso or\u00e7amento federal para a Ci\u00eancia, Tecnologia e Inova\u00e7\u00e3o (CT&amp;I) e Educa\u00e7\u00e3o. O sentimento foi expresso com clareza durante a Jornada pela Ci\u00eancia e Educa\u00e7\u00e3o, uma s\u00e9rie de eventos promovidos pela Sociedade Brasileira para o Progresso da Ci\u00eancia (SBPC), com apoio de diversas entidades e sociedades cient\u00edficas em atividades presenciais e online ao longo de toda a segunda-feira (25\/11).<\/p>\n<p>A Jornada teve in\u00edcio \u00e0s 10h com o Ato Central, realizado pela SBPC. O evento contou com a participa\u00e7\u00e3o de cientistas, pesquisadores, professores, reitores e parlamentares de todos os espectros pol\u00edticos, defensores da ci\u00eancia e da educa\u00e7\u00e3o.<\/p>\n<p>\u201cEstamos muito preocupados com a campanha conduzida por um certo setor da sociedade, minorit\u00e1rio, mas com muito poder econ\u00f4mico, para que sejam feitos cortes nas principais pol\u00edticas do governo\u201d, afirmou na abertura do ato o presidente da SBPC, Renato Janine Ribeiro.<\/p>\n<p>Ele disse que a SBPC considera muito importante \u201cpoupar da voracidade da tesoura or\u00e7ament\u00e1ria\u201d os aux\u00edlios aos mais pobres e vulner\u00e1veis, como o Benef\u00edcio de Presta\u00e7\u00e3o Continuada (BPC), o Bolsa Fam\u00edlia, o Seguro Desemprego. \u201cPor\u00e9m, consideramos que ci\u00eancia e educa\u00e7\u00e3o s\u00e3o essenciais para o futuro do Brasil. N\u00e3o podemos condenar \u00e0 fome uma parte da popula\u00e7\u00e3o, mas tamb\u00e9m n\u00e3o podemos condenar ao atraso o nosso pa\u00eds. Da\u00ed import\u00e2ncia de reunir v\u00e1rias for\u00e7as vivas da comunidade nessa luta\u201d, frisou Ribeiro.<\/p>\n<p>O principal objetivo da Jornada foi defender o or\u00e7amento destinado \u00e0 ci\u00eancia e \u00e0 educa\u00e7\u00e3o \u2013 que est\u00e1 para ser anunciado pelo Governo Federal ainda esta semana -, buscando assegurar que os recursos para 2025 atendam \u00e0s necessidades dessas \u00e1reas. O foco, conforme Janine Ribeiro, foi a sensibiliza\u00e7\u00e3o de parlamentares sobre o risco que representam os cortes de recursos federais para a sustentabilidade e o crescimento do Brasil, uma vez que as altera\u00e7\u00f5es or\u00e7ament\u00e1rias passam pelo Legislativo. A\u00a0<span style=\"color: #800000;\"><a style=\"color: #800000;\" href=\"https:\/\/www.jornaldaciencia.org.br\/sbpc-e-abc-encaminham-carta-a-lula-contra-possiveis-cortes-no-fndct\/\" target=\"_blank\" rel=\"noopener\">SBPC vem se manifestado com veem\u00eancia contra poss\u00edveis cortes or\u00e7ament\u00e1rios no Fundo Nacional de Desenvolvimento Cient\u00edfico e Tecnol\u00f3gico, o FNDCT<\/a><\/span>, principal fonte de recursos para o setor.<\/p>\n<p>A cientista Helena Nader, presidente da Academia Brasileira de Ci\u00eancias (ABC), reiterou que o objetivo dessas manifesta\u00e7\u00f5es n\u00e3o \u00e9 \u201cpedir aumento de sal\u00e1rio\u201d, mas sim defender a cria\u00e7\u00e3o de mais bolsas de p\u00f3s-gradua\u00e7\u00e3o, \u00fanica forma de atrair os jovens c\u00e9rebros para pesquisarem no pa\u00eds e viabilizar a perman\u00eancia deles nas universidades. Em seu pronunciamento, a presidente da ABC trouxe dados que demonstram a incongru\u00eancia de se cortar o or\u00e7amento em \u00e1reas t\u00e3o estrat\u00e9gicas, quando esses recursos j\u00e1 s\u00e3o t\u00e3o reduzidos e distantes do que aplicam pa\u00edses da dimens\u00e3o do Brasil.<\/p>\n<p>Segundo ela, o FNDCT receber\u00e1 este ano R$ 12,7 bilh\u00f5es, o equivalente aproximado de US$ 2 bilh\u00f5es. \u201c\u00c9 nada!\u201d frisou Nader. E alertou: \u201cIsso \u00e9 todo o recurso da ci\u00eancia, mas, ainda desses recursos, somente 50% \u00e9 que s\u00e3o os n\u00e3o-reembols\u00e1veis, que \u00e9 onde est\u00e3o pensando em colocar uma retirada de 30%\u201d. Ela lembrou que nos Estados Unidos s\u00e3o investidos mais de US$ 880 bilh\u00f5es somente em CT&amp;I.<\/p>\n<p>No encerramento da Jornada, o presidente da SBPC declarou que as dimens\u00f5es do Brasil, de seu Produto Interno Bruto (PIB) e a qualifica\u00e7\u00e3o da comunidade cient\u00edfica brasileira tornam uma obriga\u00e7\u00e3o levar o pa\u00eds adiante. \u201cN\u00f3s temos o dever, absoluto, moral, de fazer esse pa\u00eds render o quanto ele pode, um dever em rela\u00e7\u00e3o ao Brasil, em rela\u00e7\u00e3o ao nosso povo\u201d, concluiu Janine Ribeiro.<\/p>\n<p>A\u00a0Jornada pela Ci\u00eancia e Educa\u00e7\u00e3o contou ainda com a presen\u00e7a online de presidentes de entidades representativas, como a Associa\u00e7\u00e3o Nacional dos Dirigentes das Institui\u00e7\u00f5es Federais de Ensino Superior (Andifes), o Conselho Nacional das Institui\u00e7\u00f5es da Rede Federal de Educa\u00e7\u00e3o Profissional, Cient\u00edfica e Tecnol\u00f3gica (Conif), a Associa\u00e7\u00e3o Nacional de P\u00f3s-Graduandos (ANPG), entre outras, com destaque para personalidades e parlamentares.\u00a0A\u00a0<span style=\"color: #800000;\"><a style=\"color: #800000;\" href=\"https:\/\/www.youtube.com\/watch?v=C_8UVTAQKYI&amp;ab_channel=SBPCnet\" target=\"_blank\" rel=\"noopener\">sess\u00e3o foi transmitida pelo canal da SBPC no Youtube<\/a><\/span>\u00a0e teve uma intensa a\u00e7\u00e3o nas redes sociais, com a utiliza\u00e7\u00e3o de hashtags, como\u00a0<strong>#maisciencia, #maiseduca\u00e7\u00e3o, #cienciaparaofuturo, #educa\u00e7\u00e3oparaofuturo, #ci\u00eanciasemcorte e #educa\u00e7\u00e3osemcorte<\/strong>.<\/p>\n<p><span style=\"color: #808080;\"><em>Jornal da Ci\u00eancia<\/em><\/span><\/p>\n","protected":false},"excerpt":{"rendered":"Encontro virtual, promovido pela SBPC contou com a participa\u00e7\u00e3o de cientistas, pesquisadores,&hellip;\n","protected":false},"author":19,"featured_media":7537,"comment_status":"open","ping_status":"open","sticky":false,"template":"","format":"standard","meta":[],"categories":[1,2],"tags":[],"acf":[],"_links":{"self":[{"href":"https:\/\/revistacienciaecultura.org.br\/index.php?rest_route=\/wp\/v2\/posts\/7536"}],"collection":[{"href":"https:\/\/revistacienciaecultura.org.br\/index.php?rest_route=\/wp\/v2\/posts"}],"about":[{"href":"https:\/\/revistacienciaecultura.org.br\/index.php?rest_route=\/wp\/v2\/types\/post"}],"author":[{"embeddable":true,"href":"https:\/\/revistacienciaecultura.org.br\/index.php?rest_route=\/wp\/v2\/users\/19"}],"replies":[{"embeddable":true,"href":"https:\/\/revistacienciaecultura.org.br\/index.php?rest_route=%2Fwp%2Fv2%2Fcomments&post=7536"}],"version-history":[{"count":2,"href":"https:\/\/revistacienciaecultura.org.br\/index.php?rest_route=\/wp\/v2\/posts\/7536\/revisions"}],"predecessor-version":[{"id":7539,"href":"https:\/\/revistacienciaecultura.org.br\/index.php?rest_route=\/wp\/v2\/posts\/7536\/revisions\/7539"}],"wp:featuredmedia":[{"embeddable":true,"href":"https:\/\/revistacienciaecultura.org.br\/index.php?rest_route=\/wp\/v2\/media\/7537"}],"wp:attachment":[{"href":"https:\/\/revistacienciaecultura.org.br\/index.php?rest_route=%2Fwp%2Fv2%2Fmedia&parent=7536"}],"wp:term":[{"taxonomy":"category","embeddable":true,"href":"https:\/\/revistacienciaecultura.org.br\/index.php?rest_route=%2Fwp%2Fv2%2Fcategories&post=7536"},{"taxonomy":"post_tag","embeddable":true,"href":"https:\/\/revistacienciaecultura.org.br\/index.php?rest_route=%2Fwp%2Fv2%2Ftags&post=7536"}],"curies":[{"name":"wp","href":"https:\/\/api.w.org\/{rel}","templated":true}]}}