{"id":7550,"date":"2024-12-05T07:30:37","date_gmt":"2024-12-05T07:30:37","guid":{"rendered":"https:\/\/revistacienciaecultura.org.br\/?p=7550"},"modified":"2024-12-06T14:15:06","modified_gmt":"2024-12-06T14:15:06","slug":"johanna-dobereiner-e-sua-presenca-em-eventos-e-publicacoes-da-sbpc","status":"publish","type":"post","link":"https:\/\/revistacienciaecultura.org.br\/?p=7550","title":{"rendered":"Johanna D\u00f6bereiner e sua presen\u00e7a em eventos e publica\u00e7\u00f5es da SBPC"},"content":{"rendered":"<h4 id=\"cientista-que-revolucionou-a-agricultura-brasileira-teve-participacao-intensa-em-atividades-da-entidade\"><span style=\"color: #808080;\">Cientista que revolucionou a agricultura brasileira teve participa\u00e7\u00e3o intensa em atividades da entidade<\/span><\/h4>\n<p>&nbsp;<\/p>\n<p>A grande pesquisadora Johanna D\u00f6bereiner (1924, 2000) teve uma intera\u00e7\u00e3o significativa com a <span style=\"color: #800000;\"><strong><a style=\"color: #800000;\" href=\"http:\/\/www.sbpcnet.org.br\/\" target=\"_blank\" rel=\"noopener\">Sociedade Brasileira para o Progresso da Ci\u00eancia (SBPC)<\/a><\/strong><\/span> ao longo de sua carreira. Foi comum a muitos jovens pesquisadores, entre as d\u00e9cadas de 1950 e 1970, darem in\u00edcio \u00e0 apresenta\u00e7\u00e3o p\u00fablica de seus trabalhos cient\u00edficos em reuni\u00f5es anuais da SBPC. Neste per\u00edodo, a SBPC, uma entidade cientifica multidisciplinar, acolhia em suas reuni\u00f5es anuais pesquisadores e estudantes de muitas \u00e1reas do conhecimento, mesmo porque existiam ainda poucas sociedades cient\u00edficas de \u00e1reas espec\u00edficas. Muitas delas, que surgiriam nas d\u00e9cadas seguintes, emergiram dos espa\u00e7os de discuss\u00e3o dentro da SBPC e foram, ao longo do tempo, organizando seus encontros cient\u00edficos espec\u00edficos. Nas reuni\u00f5es anuais da SBPC, que se iniciaram em 1948, a grande maioria dos trabalhos cient\u00edficos era apresentada por meio de comunica\u00e7\u00f5es orais, cujos resumos estendidos eram publicados em suplementos da revista <span style=\"color: #800000;\"><strong><a style=\"color: #800000;\" href=\"https:\/\/revistacienciaecultura.org.br\/\">Ci\u00eancia &amp; Cultura<\/a><\/strong><\/span> da SBPC. Eles foram se transformando em grossos volumes, nas d\u00e9cadas seguintes, em fun\u00e7\u00e3o do grande crescimento no n\u00famero das comunica\u00e7\u00f5es.<\/p>\n<p>Johanna D\u00f6bereiner estreou na SBPC na VIII Reuni\u00e3o Anual, ocorrida em Ouro Preto em julho de 1956, quando tinha uns cinco anos de Brasil. Ali, tendo Am\u00e9rico Groszmann como coautor, apresentou a comunica\u00e7\u00e3o \u201cDiferen\u00e7as fisiol\u00f3gicas e morfol\u00f3gicas entre tribus de bact\u00e9rias do g\u00eanero <em>Beijerinckia<\/em> isoladas em solo brasileiro\u201d. No primeiro par\u00e1grafo delinearam claramente o objetivo das pesquisas que iniciavam e ressaltaram a import\u00e2ncia da \u201cpesquisa pura\u201d: \u201cMicrorganismos t\u00eam sido ultimamente objeto de estudos b\u00e1sicos de gen\u00e9tica e evolu\u00e7\u00e3o. Fi\u00e9is \u00e0 tese de que \u00e9 poss\u00edvel realizar pesquisa pura em organismos de valor econ\u00f4mico, escolhemos as bact\u00e9rias do g\u00eanero <em>Beijerinckia<\/em>, comuns em solos tropicais \u00e1cidos, capazes de fixar o azoto livre do ar, colocando-o em forma assimil\u00e1vel pelas plantas\u201d.<sup>[1] <\/sup>Logo depois afirmam que \u201cD\u00f6bereiner foi quem primeiro observou o g\u00eanero no Brasil\u201d, em 1955. (Figura 1)<\/p>\n<h6 id=\"figura-1-anuncio-da-programacao-da-viii-reuniao-anual-da-sbpc-em-ouro-preto-mg-1956-reproducao\" style=\"text-align: center;\"><img loading=\"lazy\" class=\"aligncenter wp-image-7551\" src=\"https:\/\/revistacienciaecultura.org.br\/wp-content\/uploads\/2024\/12\/jd-1-220x300.jpg\" alt=\"\" width=\"293\" height=\"400\" srcset=\"https:\/\/revistacienciaecultura.org.br\/wp-content\/uploads\/2024\/12\/jd-1-220x300.jpg 220w, https:\/\/revistacienciaecultura.org.br\/wp-content\/uploads\/2024\/12\/jd-1-751x1024.jpg 751w, https:\/\/revistacienciaecultura.org.br\/wp-content\/uploads\/2024\/12\/jd-1-768x1047.jpg 768w, https:\/\/revistacienciaecultura.org.br\/wp-content\/uploads\/2024\/12\/jd-1-9x12.jpg 9w, https:\/\/revistacienciaecultura.org.br\/wp-content\/uploads\/2024\/12\/jd-1-800x1091.jpg 800w, https:\/\/revistacienciaecultura.org.br\/wp-content\/uploads\/2024\/12\/jd-1.jpg 831w\" sizes=\"(max-width: 293px) 100vw, 293px\" \/><br \/>\n<strong>Figura 1. An\u00fancio da programa\u00e7\u00e3o da VIII Reuni\u00e3o Anual da SBPC em Ouro Preto (MG), 1956.<br \/>\n<\/strong>(Reprodu\u00e7\u00e3o)<\/h6>\n<p>&nbsp;<\/p>\n<p>No entanto, a primeira refer\u00eancia a Johanna D\u00f6bereiner na <span style=\"color: #800000;\"><strong><a style=\"color: #800000;\" href=\"https:\/\/revistacienciaecultura.org.br\/\">Ci\u00eancia &amp; Cultura<\/a><\/strong> <\/span>j\u00e1 surgira um pouco antes, no n\u00famero 1 do volume 8, de 1956,<sup>[2]<\/sup> quando se noticiou a apresenta\u00e7\u00e3o de seu trabalho no primeiro encontro realizado pela Regi\u00e3o Brasil da Sociedade Internacional de Biometria, em janeiro daquele ano no Instituto Biol\u00f3gico. O trabalho tinha tamb\u00e9m Am\u00e9rico Groszmann como coautor: \u201cProblemas na an\u00e1lise estat\u00edstica do crescimento de popula\u00e7\u00f5es de bact\u00e9rias\u201d. Em 1959, na XI Reuni\u00e3o Anual da SBPC na Universidade da Bahia, em Salvador, em conjunto com Roberto Avahydo, ela apresentou a comunica\u00e7\u00e3o \u201cInflu\u00eancia da umidade do solo na popula\u00e7\u00e3o de bact\u00e9rias do g\u00eanero <em>Beijerinckia Derx<\/em>\u201d. Este trabalho resultou na publica\u00e7\u00e3o de seu primeiro artigo na <span style=\"color: #800000;\"><strong><a style=\"color: #800000;\" href=\"https:\/\/revistacienciaecultura.org.br\/\">Ci\u00eancia &amp; Cultura<\/a><\/strong><\/span>, com o mesmo t\u00edtulo, e no qual ela \u00e9 apresentada como \u201cT\u00e9cnico da Sec\u00e7\u00e3o de Fertilidade do Solo do Instituto de Ecologia e Experimenta\u00e7\u00e3o Agr\u00edcola e bolsista do Conselho Nacional de Pesquisas\u201d.<sup>[3]<\/sup> Seu primeiro trabalho em uma revista cient\u00edfica internacional ocorreria dois anos depois. (Figura 2)<\/p>\n<h6 id=\"figura-2-primeira-pagina-do-artigo-de-dobereiner-e-avahydo-ciencia-cultura-1959reproducao\" style=\"text-align: center;\"><img loading=\"lazy\" class=\"aligncenter wp-image-7552\" src=\"https:\/\/revistacienciaecultura.org.br\/wp-content\/uploads\/2024\/12\/jd-2-198x300.jpg\" alt=\"\" width=\"264\" height=\"400\" srcset=\"https:\/\/revistacienciaecultura.org.br\/wp-content\/uploads\/2024\/12\/jd-2-198x300.jpg 198w, https:\/\/revistacienciaecultura.org.br\/wp-content\/uploads\/2024\/12\/jd-2-676x1024.jpg 676w, https:\/\/revistacienciaecultura.org.br\/wp-content\/uploads\/2024\/12\/jd-2-768x1164.jpg 768w, https:\/\/revistacienciaecultura.org.br\/wp-content\/uploads\/2024\/12\/jd-2-8x12.jpg 8w, https:\/\/revistacienciaecultura.org.br\/wp-content\/uploads\/2024\/12\/jd-2-800x1212.jpg 800w, https:\/\/revistacienciaecultura.org.br\/wp-content\/uploads\/2024\/12\/jd-2.jpg 904w\" sizes=\"(max-width: 264px) 100vw, 264px\" \/><br \/>\n<strong>Figura 2. Primeira p\u00e1gina do artigo de D\u00f6bereiner e Avahydo Ci\u00eancia &amp; Cultura, 1959<br \/>\n<\/strong>(Reprodu\u00e7\u00e3o)<\/h6>\n<p>&nbsp;<\/p>\n<p>Sete anos depois, a <span style=\"color: #800000;\"><strong><a style=\"color: #800000;\" href=\"https:\/\/revistacienciaecultura.org.br\/\">Ci\u00eancia &amp; Cultura<\/a><\/strong><\/span> noticiava a apresenta\u00e7\u00e3o de trabalho de Johanna D\u00f6bereiner no I Simp\u00f3sio Latino-americano de Microbiologia dos Solos, organizado pela Sociedade Bot\u00e2nica do Brasil e que ocorreu na ABC, em janeiro de 1966, com o t\u00edtulo \u201cFixa\u00e7\u00e3o Simbi\u00f3tica de Nitrog\u00eanio Atmosf\u00e9rico\u201d.<sup>[4]<\/sup> Ao longo de suas edi\u00e7\u00f5es a <span style=\"color: #800000;\"><strong><a style=\"color: #800000;\" href=\"https:\/\/revistacienciaecultura.org.br\/\">Ci\u00eancia &amp; Cultura<\/a><\/strong> <\/span>publicou diversas not\u00edcias sobre a carreira de Johanna D\u00f6bereiner, como suas premia\u00e7\u00f5es, a entrada na ABC e publica\u00e7\u00e3o na revista Interci\u00eancia, em 1979.<\/p>\n<p>Em 1976, na XXVIII Reuni\u00e3o Anual da SBPC, ocorrida em Bras\u00edlia, Johanna D\u00f6bereiner foi escolhida como Presidente de Honra da reuni\u00e3o, o que atestava o seu grande prest\u00edgio na comunidade cient\u00edfica. Ela fez um discurso na abertura do evento, tendo sido apresentada por Warwick Kerr. (Figura 3)<\/p>\n<h6 id=\"figura-3-programacao-da-xxviii-reuniao-anual-da-sbpc-fonte-centro-de-memoria-amelia-imperio-hamburger-da-sbpc-reproducao\" style=\"text-align: center;\"><img loading=\"lazy\" class=\"aligncenter wp-image-7553\" src=\"https:\/\/revistacienciaecultura.org.br\/wp-content\/uploads\/2024\/12\/jd-3-300x194.jpg\" alt=\"\" width=\"400\" height=\"258\" srcset=\"https:\/\/revistacienciaecultura.org.br\/wp-content\/uploads\/2024\/12\/jd-3-300x194.jpg 300w, https:\/\/revistacienciaecultura.org.br\/wp-content\/uploads\/2024\/12\/jd-3-1024x661.jpg 1024w, https:\/\/revistacienciaecultura.org.br\/wp-content\/uploads\/2024\/12\/jd-3-768x496.jpg 768w, https:\/\/revistacienciaecultura.org.br\/wp-content\/uploads\/2024\/12\/jd-3-18x12.jpg 18w, https:\/\/revistacienciaecultura.org.br\/wp-content\/uploads\/2024\/12\/jd-3-800x516.jpg 800w, https:\/\/revistacienciaecultura.org.br\/wp-content\/uploads\/2024\/12\/jd-3-1160x749.jpg 1160w, https:\/\/revistacienciaecultura.org.br\/wp-content\/uploads\/2024\/12\/jd-3.jpg 1168w\" sizes=\"(max-width: 400px) 100vw, 400px\" \/><br \/>\n<strong>Figura 3. Programa\u00e7\u00e3o da XXVIII Reuni\u00e3o Anual da SBPC.<br \/>\n<\/strong>(Fonte: Centro de Mem\u00f3ria Am\u00e9lia Imp\u00e9rio Hamburger da SBPC. Reprodu\u00e7\u00e3o)<\/h6>\n<p>&nbsp;<\/p>\n<p>Foi uma reuni\u00e3o tensa e intensa, com grande participa\u00e7\u00e3o de pesquisadores e estudantes e com discuss\u00f5es pol\u00edticas inflamadas em pleno governo Geisel e na capital do pa\u00eds. Como principal homenageada do evento, Johanna D\u00f6bereiner fez um discurso na sess\u00e3o inaugural da XXVIII SBPC no Gin\u00e1sio de Esportes que estava lotado. (Figura 4)<\/p>\n<h6 id=\"figura-4-johanna-dobereiner-discursa-na-abertura-da-xxviii-reuniao-anual-da-sbpc-fonte-centro-de-memoria-aih-da-sbpc-reproducao\" style=\"text-align: center;\"><img loading=\"lazy\" class=\"aligncenter wp-image-7554\" src=\"https:\/\/revistacienciaecultura.org.br\/wp-content\/uploads\/2024\/12\/jd-4-273x300.jpg\" alt=\"\" width=\"364\" height=\"400\" srcset=\"https:\/\/revistacienciaecultura.org.br\/wp-content\/uploads\/2024\/12\/jd-4-273x300.jpg 273w, https:\/\/revistacienciaecultura.org.br\/wp-content\/uploads\/2024\/12\/jd-4-768x843.jpg 768w, https:\/\/revistacienciaecultura.org.br\/wp-content\/uploads\/2024\/12\/jd-4-11x12.jpg 11w, https:\/\/revistacienciaecultura.org.br\/wp-content\/uploads\/2024\/12\/jd-4.jpg 770w\" sizes=\"(max-width: 364px) 100vw, 364px\" \/><br \/>\n<strong>Figura 4. Johanna D\u00f6bereiner discursa na Abertura da XXVIII Reuni\u00e3o Anual da SBPC.<br \/>\n<\/strong>(Fonte: Centro de Mem\u00f3ria AIH da SBPC. Reprodu\u00e7\u00e3o)<\/h6>\n<p>&nbsp;<\/p>\n<p>Na XXXII Reuni\u00e3o Anual da SBPC, em julho de 1980, na UERJ, Johanna D\u00f6bereiner foi convidada para fazer uma confer\u00eancia com o t\u00edtulo \u201cProgressos Recentes na Pesquisa sobre a Fixa\u00e7\u00e3o de Nitrog\u00eanio\u201d, tendo sido apresentada pelo f\u00edsico-qu\u00edmico Ricardo Ferreira. Em 1982, ela publicou, com Jos\u00e9 Ivo Baldani, um longo artigo na <strong><a href=\"https:\/\/revistacienciaecultura.org.br\/\"><span style=\"color: #800000;\">Ci\u00eancia &amp; Cultura<\/span><\/a><\/strong>: \u201cBases Cient\u00edficas para uma Agricultura Biol\u00f3gica\u201d.<sup>[5]<\/sup> Escreveram no \u00faltimo par\u00e1grafo, \u00e0 guisa de conclus\u00e3o: \u201cConclu\u00edmos, portanto, que h\u00e1 muitos subs\u00eddios cient\u00edficos para se desenvolver sistemas agr\u00edcolas cada vez mais &#8216;biol\u00f3gicos&#8217;, sem preju\u00edzo da produtividade. Eles s\u00e3o economicamente vi\u00e1veis e deveriam ser muito melhor explorados. Por outro lado, a preocupa\u00e7\u00e3o exagerada de eliminar de vez qualquer aduba\u00e7\u00e3o e defensivos qu\u00edmicos sem fundamento cient\u00edfico n\u00e3o somente trar\u00e1 s\u00e9rios preju\u00edzos para a produtividade agr\u00edcola e a sua rentabilidade como ainda afastar\u00e1 o agricultor das reais vantagens dos sistemas agr\u00edcolas acima descritos.\u201d<\/p>\n<p>A partir de meados da d\u00e9cada de 1970 ela e seu grupo de pesquisas passaram a apresentar muitos trabalhos, em geral, a cada dois anos, em encontros da ABC e eles est\u00e3o referenciados nos Anais da ABC.<sup>[i]<\/sup> Quando a revista <span style=\"color: #800000;\"><strong><a style=\"color: #800000;\" href=\"https:\/\/revistacienciaecultura.org.br\/\">Ci\u00eancia &amp; Cultura<\/a><\/strong> <\/span>sofreu uma grande transforma\u00e7\u00e3o em 1990, e passou a ser publicada em ingl\u00eas sob a coordena\u00e7\u00e3o editorial de Luiz Rodolpho Travassos, Johanna D\u00f6bereiner se tornou membro do seu <em>Advisory Board<\/em>, tendo ali permanecido at\u00e9 meados de 2000. Nesse per\u00edodo publicou na <strong><a href=\"https:\/\/revistacienciaecultura.org.br\/\"><span style=\"color: #800000;\">Ci\u00eancia &amp; Cultura<\/span><\/a><\/strong>, em 1992, o artigo \u201c<em>Recent changes in concepts of plant bacteria interactions: Endophytic N<sub>2<\/sub> fixing bacteria<\/em>\u201d.<sup>[6] <\/sup>(Figura 5)<\/p>\n<h6 id=\"figura-5-titulo-e-resumo-do-artigo-de-johanna-dobereiner-na-ciencia-cultura-em-1992reproducao\" style=\"text-align: center;\"><img loading=\"lazy\" class=\"aligncenter wp-image-7555\" src=\"https:\/\/revistacienciaecultura.org.br\/wp-content\/uploads\/2024\/12\/jd-5-300x225.jpg\" alt=\"\" width=\"400\" height=\"299\" srcset=\"https:\/\/revistacienciaecultura.org.br\/wp-content\/uploads\/2024\/12\/jd-5-300x225.jpg 300w, https:\/\/revistacienciaecultura.org.br\/wp-content\/uploads\/2024\/12\/jd-5-768x575.jpg 768w, https:\/\/revistacienciaecultura.org.br\/wp-content\/uploads\/2024\/12\/jd-5-16x12.jpg 16w, https:\/\/revistacienciaecultura.org.br\/wp-content\/uploads\/2024\/12\/jd-5-800x599.jpg 800w, https:\/\/revistacienciaecultura.org.br\/wp-content\/uploads\/2024\/12\/jd-5.jpg 910w\" sizes=\"(max-width: 400px) 100vw, 400px\" \/><br \/>\n<strong>Figura 5 . T\u00edtulo e resumo do artigo de Johanna D\u00f6bereiner na Ci\u00eancia &amp; Cultura, em 1992<br \/>\n<\/strong>(Reprodu\u00e7\u00e3o)<\/h6>\n<p>&nbsp;<\/p>\n<p>A revista de divulga\u00e7\u00e3o cient\u00edfica Ci\u00eancia Hoje, criada pela SBPC em 1982 no Rio de Janeiro, fez um perfil de Johanna D\u00f6bereiner em seu n\u00famero de novembro\/dezembro de 1983.<sup>[7]<\/sup> Ela foi entrevistada por Carlos Chagas Filho e deixou um interessante depoimento sobre sua trajet\u00f3ria pessoal e cient\u00edfica at\u00e9 aquele momento.<sup>[ii]<\/sup><\/p>\n<p>Johanna D\u00f6bereiner publicou um texto de divulga\u00e7\u00e3o cient\u00edfica na Ci\u00eancia Hoje, em 1987, com Norma Gouvea Rumjanek, com o t\u00edtulo: \u201cBact\u00e9rias e Leguminosas, uma associa\u00e7\u00e3o eficiente\u201d.<sup>[8]<\/sup> Em 1989, ela e Helv\u00e9cio De-Polli escreveram um belo artigo de divulga\u00e7\u00e3o para a Ci\u00eancia Hoje: \u201cUma bact\u00e9ria para a agricultura\u201d.<sup>[9]<\/sup> (Figura 6)<\/p>\n<h6 id=\"figura-6-perfil-de-johanna-dobereiner-no-numero-9-da-ciencia-hoje-1983-reproducao\" style=\"text-align: center;\"><img loading=\"lazy\" class=\"aligncenter wp-image-7556\" src=\"https:\/\/revistacienciaecultura.org.br\/wp-content\/uploads\/2024\/12\/jd-6-217x300.jpg\" alt=\"\" width=\"290\" height=\"400\" srcset=\"https:\/\/revistacienciaecultura.org.br\/wp-content\/uploads\/2024\/12\/jd-6-217x300.jpg 217w, https:\/\/revistacienciaecultura.org.br\/wp-content\/uploads\/2024\/12\/jd-6-742x1024.jpg 742w, https:\/\/revistacienciaecultura.org.br\/wp-content\/uploads\/2024\/12\/jd-6-9x12.jpg 9w, https:\/\/revistacienciaecultura.org.br\/wp-content\/uploads\/2024\/12\/jd-6.jpg 750w\" sizes=\"(max-width: 290px) 100vw, 290px\" \/><br \/>\n<strong>Figura 6. Perfil de Johanna D\u00f6bereiner no n\u00famero 9 da Ci\u00eancia Hoje, 1983.<br \/>\n<\/strong>(Reprodu\u00e7\u00e3o)<\/h6>\n<p>&nbsp;<\/p>\n<p>Entre a d\u00e9cada de 1950 e o ano 2000, a <strong><a href=\"https:\/\/revistacienciaecultura.org.br\/\"><span style=\"color: #800000;\">Ci\u00eancia &amp; Cultura<\/span><\/a><\/strong> trouxe cerca de uma centena de men\u00e7\u00f5es a Johanna D\u00f6bereiner, noticiando comunica\u00e7\u00f5es, artigos, premia\u00e7\u00f5es e outras atividades. No Informe Ci\u00eancia Hoje e no Jornal da Ci\u00eancia Hoje, depois Jornal da Ci\u00eancia, existem 24 men\u00e7\u00f5es a Johanna D\u00f6bereiner em notas ali publicadas entre 1988 e 2017.<\/p>\n<p>Com o t\u00edtulo Ci\u00eancia, Tecnologia e Desenvolvimento Nacional, A SBPC promoveu, em 22 de novembro de 1988, um painel na C\u00e2mara dos Deputados do qual Johanna D\u00f6bereiner participou; seu depoimento consta da publica\u00e7\u00e3o feita.<sup>[10]<\/sup> Ele inicia assim seu depoimento: \u201cOs investimentos em ci\u00eancia e tecnologia s\u00e3o altamente compensados por seu retorno a sociedade, seja de forma econ\u00f4mica, ecol\u00f3gica ou social. Darei tr\u00eas exemplos de retorno dos investimentos em projetos de pesquisa b\u00e1sica integrada entre universidades e institui\u00e7\u00f5es de pesquisa aplicada\u201d. Os tr\u00eas exemplos que menciona s\u00e3o: o caso da soja, em particular no cerrado; o caso de cana-de-a\u00e7\u00facar e o programa Pro\u00e1lcool; e o do retorno ecol\u00f3gico de investimentos em pesquisas com alguns tipos de \u00e1rvores\u00a0leguminosas que se associam com riz\u00f3bios, obtendo nitrog\u00eanio do ar e enriquecendo solos erodidos com mat\u00e9ria org\u00e2nica.<sup>[10]<\/sup> Em outras publica\u00e7\u00f5es da sociedade, ela tamb\u00e9m contribuiu, como no \u201cDocumenta, n. 4: Aspectos Estrat\u00e9gicos de um Projeto Nacional\u201d, de 1995, no qual foi um dos cientistas consultados [LEITE LOPES, 1995]. Na XLVII Reuni\u00e3o Anual da SBPC, realizada em S\u00e3o Luiz do Maranh\u00e3o, em julho de 1995, a Embrapa programou uma palestra de Johanna D\u00f6bereiner na III Expoci\u00eancia: \u201cA import\u00e2ncia da fixa\u00e7\u00e3o biol\u00f3gica do nitrog\u00eanio na agricultura sustent\u00e1vel\u201d.<\/p>\n<p>O gr\u00e1fico abaixo traz as men\u00e7\u00f5es ao nome \u201cD\u00f6bereiner\u201d nos peri\u00f3dicos <span style=\"color: #800000;\"><strong><a style=\"color: #800000;\" href=\"https:\/\/revistacienciaecultura.org.br\/\">Ci\u00eancia &amp; Cultura<\/a><\/strong><\/span>, Anais da ABC (AABC), O Globo e nos jornais e revistas da base da Hemeroteca Digital da Biblioteca Nacional.<sup>[iii]<\/sup> Tais men\u00e7\u00f5es traduzem parcialmente a presen\u00e7a de Johanna D\u00f6bereiner na m\u00eddia impressa brasileira em seu per\u00edodo de atua\u00e7\u00e3o profissional no Brasil. V\u00ea-se o crescimento de men\u00e7\u00f5es nos AABC a partir da d\u00e9cada de 1980 e o maior n\u00famero de cita\u00e7\u00f5es gerais a ela na d\u00e9cada de 1990. (Figura 7)<\/p>\n<h6 id=\"figura-7-mencoes-a-johanna-dobereiner-em-periodicosfonte-elaboracao-do-autor\" style=\"text-align: center;\"><img loading=\"lazy\" class=\"aligncenter wp-image-7557\" src=\"https:\/\/revistacienciaecultura.org.br\/wp-content\/uploads\/2024\/12\/jd-7-300x176.jpg\" alt=\"\" width=\"600\" height=\"352\" srcset=\"https:\/\/revistacienciaecultura.org.br\/wp-content\/uploads\/2024\/12\/jd-7-300x176.jpg 300w, https:\/\/revistacienciaecultura.org.br\/wp-content\/uploads\/2024\/12\/jd-7-1024x601.jpg 1024w, https:\/\/revistacienciaecultura.org.br\/wp-content\/uploads\/2024\/12\/jd-7-768x451.jpg 768w, https:\/\/revistacienciaecultura.org.br\/wp-content\/uploads\/2024\/12\/jd-7-18x12.jpg 18w, https:\/\/revistacienciaecultura.org.br\/wp-content\/uploads\/2024\/12\/jd-7-800x470.jpg 800w, https:\/\/revistacienciaecultura.org.br\/wp-content\/uploads\/2024\/12\/jd-7-1160x681.jpg 1160w, https:\/\/revistacienciaecultura.org.br\/wp-content\/uploads\/2024\/12\/jd-7.jpg 1362w\" sizes=\"(max-width: 600px) 100vw, 600px\" \/><br \/>\n<strong>Figura 7. Men\u00e7\u00f5es a Johanna D\u00f6bereiner em peri\u00f3dicos<br \/>\n<\/strong>(Fonte: Elabora\u00e7\u00e3o do autor)<\/h6>\n<p>&nbsp;<\/p>\n<p>Mais recentemente a SBPC teve um papel importante na divulga\u00e7\u00e3o da obra de Johanna D\u00f6bereiner ao propor ao MCTI e aos Correios e Tel\u00e9grafos, em 2018, a produ\u00e7\u00e3o de um selo comemorativo nacional com os nomes dela e de Cesar Lattes, o que foi realizado. Ela foi tamb\u00e9m motivo de homenagem no Calend\u00e1rio 2020\/21 da SBPC. no m\u00eas de novembro de 2020.<sup>[iv]<\/sup> (Figura 8)<\/p>\n<h6 id=\"figura-8-selo-comemorativo-de-cesar-lattes-e-johanna-dobereiner-2018-reproducao\" style=\"text-align: center;\"><img loading=\"lazy\" class=\"aligncenter wp-image-7558\" src=\"https:\/\/revistacienciaecultura.org.br\/wp-content\/uploads\/2024\/12\/jd-8-300x177.jpg\" alt=\"\" width=\"400\" height=\"235\" srcset=\"https:\/\/revistacienciaecultura.org.br\/wp-content\/uploads\/2024\/12\/jd-8-300x177.jpg 300w, https:\/\/revistacienciaecultura.org.br\/wp-content\/uploads\/2024\/12\/jd-8-18x12.jpg 18w, https:\/\/revistacienciaecultura.org.br\/wp-content\/uploads\/2024\/12\/jd-8.jpg 710w\" sizes=\"(max-width: 400px) 100vw, 400px\" \/><br \/>\n<strong>Figura 8. Selo comemorativo de Cesar Lattes e Johanna D\u00f6bereiner, 2018.<br \/>\n<\/strong>(Reprodu\u00e7\u00e3o)<\/h6>\n<p>&nbsp;<\/p>\n<p>Em 2023, a SBPC e a ABC criaram comiss\u00f5es para organizar atividades comemorativas do centen\u00e1rio, em 2024, destes dois importantes cientistas. A SBPC, em sua Reuni\u00e3o Anual em Bel\u00e9m, organizou debates sobre as obras desses cientistas e de outros, tamb\u00e9m centen\u00e1rios: Aziz Ab\u2019S\u00e1ber, Carolina Bori e Berta Ribeiro. Colocou, ainda, grandes pain\u00e9is sobre cada um deles em lugares estrat\u00e9gicos do campus da UFPA onde a reuni\u00e3o ocorria. (Figura 9)<\/p>\n<h6 id=\"figura-9-painel-de-johanna-dobereiner-no-campus-da-ufpa-sbpc-2024-reproducao\" style=\"text-align: center;\"><img loading=\"lazy\" class=\"aligncenter wp-image-7559\" src=\"https:\/\/revistacienciaecultura.org.br\/wp-content\/uploads\/2024\/12\/jd-9-300x237.jpg\" alt=\"\" width=\"400\" height=\"316\" srcset=\"https:\/\/revistacienciaecultura.org.br\/wp-content\/uploads\/2024\/12\/jd-9-300x237.jpg 300w, https:\/\/revistacienciaecultura.org.br\/wp-content\/uploads\/2024\/12\/jd-9-768x607.jpg 768w, https:\/\/revistacienciaecultura.org.br\/wp-content\/uploads\/2024\/12\/jd-9-15x12.jpg 15w, https:\/\/revistacienciaecultura.org.br\/wp-content\/uploads\/2024\/12\/jd-9.jpg 787w\" sizes=\"(max-width: 400px) 100vw, 400px\" \/><br \/>\n<strong>Figura 9. Painel de Johanna D\u00f6bereiner no campus da UFPA, SBPC 2024.<br \/>\n<\/strong>(Reprodu\u00e7\u00e3o)<\/h6>\n<p>&nbsp;<\/p>\n<p>A SBPC, em parceria com a ABC e apoiada por outras institui\u00e7\u00f5es como a Embrapa, o CBPF, o MAST e o INCT-CPCT, montou uma bela exposi\u00e7\u00e3o no Congresso Nacional, no m\u00eas de agosto de 2024, \u201cCientistas do Brasil: Cesar Lattes e Johanna D\u00f6bereiner\u201d, que, neste momento, est\u00e1 em itiner\u00e2ncia por outros estados do pa\u00eds. (Figura 10)<\/p>\n<h6 id=\"figura-10-exposicao-sobre-cesar-lattes-e-johanna-dobereiner-congresso-nacional-agosto-de-2024reproducao\" style=\"text-align: center;\"><img loading=\"lazy\" class=\"aligncenter wp-image-7560\" src=\"https:\/\/revistacienciaecultura.org.br\/wp-content\/uploads\/2024\/12\/jd-10-300x169.jpg\" alt=\"\" width=\"400\" height=\"225\" srcset=\"https:\/\/revistacienciaecultura.org.br\/wp-content\/uploads\/2024\/12\/jd-10-300x169.jpg 300w, https:\/\/revistacienciaecultura.org.br\/wp-content\/uploads\/2024\/12\/jd-10-1024x576.jpg 1024w, https:\/\/revistacienciaecultura.org.br\/wp-content\/uploads\/2024\/12\/jd-10-768x432.jpg 768w, https:\/\/revistacienciaecultura.org.br\/wp-content\/uploads\/2024\/12\/jd-10-18x10.jpg 18w, https:\/\/revistacienciaecultura.org.br\/wp-content\/uploads\/2024\/12\/jd-10-800x450.jpg 800w, https:\/\/revistacienciaecultura.org.br\/wp-content\/uploads\/2024\/12\/jd-10-1160x653.jpg 1160w, https:\/\/revistacienciaecultura.org.br\/wp-content\/uploads\/2024\/12\/jd-10.jpg 1454w\" sizes=\"(max-width: 400px) 100vw, 400px\" \/><br \/>\n<strong>Figura 10. Exposi\u00e7\u00e3o sobre Cesar Lattes e Johanna D\u00f6bereiner <\/strong><strong>Congresso Nacional, agosto de 2024<br \/>\n<\/strong>(Reprodu\u00e7\u00e3o)<\/h6>\n<p>&nbsp;<\/p>\n<p>A <strong><a href=\"https:\/\/revistacienciaecultura.org.br\/\"><span style=\"color: #800000;\">Ci\u00eancia &amp; Cultura<\/span><\/a><\/strong> produziu neste ano de 2024 um <span style=\"color: #800000;\"><strong><a style=\"color: #800000;\" href=\"https:\/\/revistacienciaecultura.org.br\/?p=7432\" target=\"_blank\" rel=\"noopener\">n\u00famero especial sobre Johanna D\u00f6bereiner<\/a><\/strong><\/span>, com v\u00e1rios artigos sobre sua obra e que tamb\u00e9m reproduz o texto por ela escrito para a <span style=\"color: #800000;\"><strong><a style=\"color: #800000;\" href=\"https:\/\/revistacienciaecultura.org.br\/\">Ci\u00eancia &amp; Cultura<\/a><\/strong><\/span> em 1982. Para a SBPC \u00e9 um dever homenagear uma cientista que tanto fez pela ci\u00eancia e pelo pa\u00eds.<\/p>\n<hr \/>\n<h5 id=\"nota\"><span style=\"color: #808080;\"><strong>Nota<\/strong><\/span><\/h5>\n<h5 id=\"este-texto-e-uma-versao-estendida-da-secao-10-do-artigo-a-carreira-impecavel-de-uma-cientista-brilhante-e-seu-impacto-na-ciencia-agricola-brasileira-a-a-franco-d-a-campos-e-i-c\"><span style=\"color: #808080;\"><em>Este texto \u00e9 uma vers\u00e3o estendida da se\u00e7\u00e3o 10 do artigo \u201cA carreira impec\u00e1vel de uma cientista brilhante e seu impacto na ci\u00eancia agr\u00edcola brasileira\u201d [A.A. Franco, D. A. Campos e I. C.Moreira], a ser publicado em um livro de homenagem a Johanna D\u00f6bereiner pela Academia Brasileira de Ci\u00eancias (ABC). Agrade\u00e7o ao pessoal do Centro de Mem\u00f3ria Am\u00e9lia Imp\u00e9rio Hamburger da SBPC pelo levantamento de parte dos dados aqui utilizados. Foi feita tamb\u00e9m utiliza\u00e7\u00e3o de peri\u00f3dicos existentes na Hemeroteca Digital da Biblioteca Nacional.<\/em><\/span><\/h5>\n<h5 id=\"i-a-primeira-referencia-a-johanna-dobereiner-nos-anais-da-abc-aabc-refere-se-a-uma-comunicacao-dela-fixacao-de-nitrogenio-em-gramineas-apresentada-pelo-academico-e-malavolta-e\"><span style=\"color: #808080;\">[i] A primeira refer\u00eancia a Johanna D\u00f6bereiner nos Anais da ABC (AABC) refere-se a uma comunica\u00e7\u00e3o dela, \u201cFixa\u00e7\u00e3o de Nitrog\u00eanio em Gram\u00edneas\u201d, apresentada pelo acad\u00eamico E. Malavolta e feito em 9 de setembro de 1975.<sup>[12]<\/sup><\/span><\/h5>\n<h5 id=\"ii-esta-entrevista-de-johanna-dobereiner-foi-posteriormente-publicada-no-livro-cientistas-do-brasil-depoimentos-produzido-pela-sbpc-em-1998-13\"><span style=\"color: #808080;\">[ii] Esta entrevista de Johanna D\u00f6bereiner foi posteriormente publicada no livro \u201cCientistas do Brasil: depoimentos\u201d, produzido pela SBPC, em 1998.<sup>[13]<\/sup><\/span><\/h5>\n<h5 id=\"iii-na-busca-nos-bancos-de-dados-foi-utilizado-o-sobrenome-dobereiner-que-permite-localizar-todas-as-paginas-destes-periodicos-que-fazem-referencia-a-este-nome-ha-alguma-falha-ni\"><span style=\"color: #808080;\">[iii] Na busca nos bancos de dados foi utilizado o sobrenome \u201cD\u00f6bereiner\u201d, que permite localizar todas as p\u00e1ginas destes peri\u00f3dicos que fazem refer\u00eancia a este nome. H\u00e1 alguma falha nisto por causa da presen\u00e7a de outras pessoas com este mesmo sobrenome &#8211; como seu marido J\u00fcrgen e seu filho Christian &#8211; mas sempre em n\u00famero muito menor (e que foram retirados quando identificados) do que as men\u00e7\u00f5es a Johanna D\u00f6bereiner, o que n\u00e3o invalida o quadro geral dessas cita\u00e7\u00f5es.<\/span><\/h5>\n<h5 id=\"iv-em-2006-no-livro-pioneiras-da-ciencia-no-brasil-publicado-pela-sbpc-e-patrocinado-pelo-mct-johanna-teve-sua-biografia-apresentada-14\"><span style=\"color: #808080;\">[iv] Em 2006, no livro Pioneiras da Ci\u00eancia no Brasil, publicado pela SBPC e patrocinado pelo MCT, Johanna teve sua biografia apresentada.<sup>[14]<\/sup><\/span><\/h5>\n<hr \/>\n<h5 id=\"referencias\"><span style=\"color: #808080;\"><strong>Refer\u00eancias<\/strong><\/span><\/h5>\n<h5 id=\"1-a-groszmann-e-j-dobereiner-diferencas-fisiologicas-e-morfologicas-entre-tribus-de-bacterias-do-genero-beijerinckia-isoladas-em-solo-brasileiro-ciencia-e-cultura-84-242-1956\"><span style=\"color: #808080;\">[1] A. GROSZMANN E J. D\u00d6BEREINER. Diferen\u00e7as fisiol\u00f3gicas e morfol\u00f3gicas entre tribus de bact\u00e9rias do g\u00eanero Beijerinckia isoladas em solo brasileiro. Ci\u00eancia e Cultura <em>8<\/em>(4): 242, 1956.<\/span><\/h5>\n<h5 id=\"2-a-groszmann-e-j-dobereiner-problemas-na-analise-estatistica-do-crescimento-de-populacoes-de-bacterias-ciencia-e-cultura-81-74-1956\"><span style=\"color: #808080;\">[2] A. GROSZMANN E J. D\u00d6BEREINER. Problemas na an\u00e1lise estat\u00edstica do crescimento de popula\u00e7\u00f5es de bact\u00e9rias. Ci\u00eancia e Cultura <em>8<\/em>(1): 74, 1956.<\/span><\/h5>\n<h5 id=\"3-j-dobereiner-e-r-avahydo-influencia-da-umidade-do-solo-na-populacao-de-bacterias-do-genero-beijerinckia-derx-ciencia-e-cultura-114-208-218-1959\"><span style=\"color: #808080;\">[3] J. D\u00d6BEREINER E R. AVAHYDO. Influ\u00eancia da umidade do solo na popula\u00e7\u00e3o de bact\u00e9rias do g\u00eanero <em>Beijerinckia Derx<\/em>. Ci\u00eancia e Cultura <em>11<\/em>(4): 208-218, 1959.<\/span><\/h5>\n<h5 id=\"4-ciencia-e-cultura-183-308-1966\"><span style=\"color: #808080;\">[4] CI\u00caNCIA E CULTURA <em>18<\/em>(3): 308, 1966.<\/span><\/h5>\n<h5 id=\"5-j-dobereiner-e-j-i-baldani-bases-cientificas-para-uma-agricultura-biologica-ciencia-e-cultura-347-869-881-1982\"><span style=\"color: #808080;\">[5] J. D\u00d6BEREINER E J. I. BALDANI. Bases Cient\u00edficas para uma Agricultura Biol\u00f3gica. Ci\u00eancia e Cultura <em>34<\/em>(7): 869-881, 1982.<\/span><\/h5>\n<h5 id=\"6-j-dobereiner-recent-changes-in-concepts-of-plant-bacteria-interactions-endophytic-n2-fixing-bacteria-ciencia-e-cultura-445-310-313-1992\"><span style=\"color: #808080;\">[6] J. D\u00d6BEREINER. Recent changes in concepts of plant bacteria interactions: Endophytic N<sub>2<\/sub> fixing bacteria. Ci\u00eancia e Cultura <em>44<\/em>(5): 310-313, 1992.<\/span><\/h5>\n<h5 id=\"7-j-dobereiner-perfil-johanna-dobereiner-entrevista-a-carlos-chagas-filho-ciencia-hoje-29-68-70-1983\"><span style=\"color: #808080;\">[7] J. D\u00d6BEREINER. Perfil: Johanna D\u00f6bereiner &#8211; Entrevista a Carlos Chagas Filho, Ci\u00eancia Hoje <em>2<\/em>(9), 68-70, 1983.<\/span><\/h5>\n<h5 id=\"8-j-dobereiner-e-n-g-rumjanek-bacterias-e-leguminosas-uma-associacao-eficiente-ciencia-hoje-531-17-1987\"><span style=\"color: #808080;\">[8] J. D\u00d6BEREINER E N. G. RUMJANEK. \u201cBact\u00e9rias e Leguminosas, uma associa\u00e7\u00e3o eficiente\u201d. Ci\u00eancia Hoje <em>5<\/em>(31): 17, 1987.<\/span><\/h5>\n<h5 id=\"9-h-de-polli-e-j-dobereiner-uma-bacteria-para-a-agricultura-ciencia-hoje-755-16-1989\"><span style=\"color: #808080;\">[9] H. DE-POLLI E J. D\u00d6BEREINER. Uma bact\u00e9ria para a agricultura. Ci\u00eancia Hoje <em>7<\/em>(55): 16, 1989.<\/span><\/h5>\n<h5 id=\"10-sbpc-ciencia-tecnologia-e-desenvolvimento-nacional-painel-na-camara-dos-deputados-em-22-de-novembro-de-1988-sao-paulo-sbpc-1989\"><span style=\"color: #808080;\">[10] SBPC. Ci\u00eancia, Tecnologia e Desenvolvimento Nacional. Painel na C\u00e2mara dos Deputados em 22 de novembro de 1988. S\u00e3o Paulo: SBPC, 1989.<\/span><\/h5>\n<h5 id=\"11-j-leite-lopes-coord-documenta-n-4-aspectos-estrategicos-de-um-projeto-nacional-sbpc-1995-p-6\"><span style=\"color: #808080;\">[11] J. LEITE LOPES (coord.). Documenta n. 4: Aspectos Estrat\u00e9gicos de um Projeto Nacional, SBPC, 1995, p. 6.<\/span><\/h5>\n<h5 id=\"12-j-dobereiner-fixacao-de-nitrogenio-em-gramineas-an-acad-bras-cienc-473-4-566-567-1975\"><span style=\"color: #808080;\">[12] J. D\u00d6BEREINER. Fixa\u00e7\u00e3o de Nitrog\u00eanio em gram\u00edneas. An. Acad. Bras. Ci\u00eanc. <em>47<\/em>(3\/4): 566-567, 1975.<\/span><\/h5>\n<h5 id=\"13-sbpc-cientistas-do-brasil-depoimentos-sao-paulo-sbpc-1998\"><span style=\"color: #808080;\">[13] SBPC. Cientistas do Brasil &#8211; Depoimentos. S\u00e3o Paulo: SBPC, 1998.<\/span><\/h5>\n<h5 id=\"14-h-p-melo-e-l-m-c-s-rodrigues-pioneiras-da-ciencia-no-brasil-rio-de-janeiro-sbpc-rj-2006\"><span style=\"color: #808080;\">[14] H. P. MELO E L. M. C. S. RODRIGUES. Pioneiras da ci\u00eancia no Brasil. Rio de Janeiro: SBPC-RJ, 2006.<\/span><\/h5>\n","protected":false},"excerpt":{"rendered":"Cientista que revolucionou a agricultura brasileira teve participa\u00e7\u00e3o intensa em atividades da&hellip;\n","protected":false},"author":20,"featured_media":7561,"comment_status":"open","ping_status":"open","sticky":false,"template":"","format":"standard","meta":[],"categories":[1,2],"tags":[],"acf":[],"_links":{"self":[{"href":"https:\/\/revistacienciaecultura.org.br\/index.php?rest_route=\/wp\/v2\/posts\/7550"}],"collection":[{"href":"https:\/\/revistacienciaecultura.org.br\/index.php?rest_route=\/wp\/v2\/posts"}],"about":[{"href":"https:\/\/revistacienciaecultura.org.br\/index.php?rest_route=\/wp\/v2\/types\/post"}],"author":[{"embeddable":true,"href":"https:\/\/revistacienciaecultura.org.br\/index.php?rest_route=\/wp\/v2\/users\/20"}],"replies":[{"embeddable":true,"href":"https:\/\/revistacienciaecultura.org.br\/index.php?rest_route=%2Fwp%2Fv2%2Fcomments&post=7550"}],"version-history":[{"count":1,"href":"https:\/\/revistacienciaecultura.org.br\/index.php?rest_route=\/wp\/v2\/posts\/7550\/revisions"}],"predecessor-version":[{"id":7562,"href":"https:\/\/revistacienciaecultura.org.br\/index.php?rest_route=\/wp\/v2\/posts\/7550\/revisions\/7562"}],"wp:featuredmedia":[{"embeddable":true,"href":"https:\/\/revistacienciaecultura.org.br\/index.php?rest_route=\/wp\/v2\/media\/7561"}],"wp:attachment":[{"href":"https:\/\/revistacienciaecultura.org.br\/index.php?rest_route=%2Fwp%2Fv2%2Fmedia&parent=7550"}],"wp:term":[{"taxonomy":"category","embeddable":true,"href":"https:\/\/revistacienciaecultura.org.br\/index.php?rest_route=%2Fwp%2Fv2%2Fcategories&post=7550"},{"taxonomy":"post_tag","embeddable":true,"href":"https:\/\/revistacienciaecultura.org.br\/index.php?rest_route=%2Fwp%2Fv2%2Ftags&post=7550"}],"curies":[{"name":"wp","href":"https:\/\/api.w.org\/{rel}","templated":true}]}}