{"id":7564,"date":"2024-12-04T07:30:16","date_gmt":"2024-12-04T07:30:16","guid":{"rendered":"https:\/\/revistacienciaecultura.org.br\/?p=7564"},"modified":"2024-12-02T17:56:37","modified_gmt":"2024-12-02T17:56:37","slug":"inscricoes-abertas-para-a-sessao-de-posteres-da-77a-reuniao-anual-da-sbpc","status":"publish","type":"post","link":"https:\/\/revistacienciaecultura.org.br\/?p=7564","title":{"rendered":"Inscri\u00e7\u00f5es abertas para a Sess\u00e3o de P\u00f4steres da 77\u00aa Reuni\u00e3o Anual da SBPC"},"content":{"rendered":"<h4 id=\"o-evento-sera-realizado-entre-os-dias-13-e-19-de-julho-de-2025-na-universidade-federal-rural-de-pernambuco-ufrpe-em-recife-com-o-tema-progresso-e-ciencia-em-todos-os-territorios\" class=\"western\"><span style=\"color: #808080;\">O evento ser\u00e1 realizado entre os dias 13 e 19 de julho de 2025 na Universidade Federal Rural de Pernambuco (UFRPE), em Recife, com o tema \u201cProgresso \u00e9 Ci\u00eancia em todos os Territ\u00f3rios\u201d<\/span><\/h4>\n<p>&nbsp;<\/p>\n<p class=\"western\">Os interessados em participar da 77\u00aa Reuni\u00e3o Anual da Sociedade Brasileira para o Progresso da Ci\u00eancia (SBPC), com submiss\u00e3o de trabalho na\u00a0<b>Sess\u00e3o de P\u00f4steres<\/b>, t\u00eam at\u00e9 26 de mar\u00e7o de 2025 para se inscrever.\u00a0Com o tema\u00a0<b>\u201cProgresso \u00e9 Ci\u00eancia em todos os Territ\u00f3rios\u201d<\/b>, o evento ser\u00e1 realizado entre os dias 13 e 19 de julho de 2025 na Universidade Federal Rural de Pernambuco (UFRPE), em Recife.<\/p>\n<p class=\"western\">Podem ser submetidos trabalhos com resultados de pesquisas cient\u00edficas e tecnol\u00f3gicas, nas \u00e1reas de Ci\u00eancias Exatas e da Terra, Ci\u00eancias Biol\u00f3gicas, Engenharias, Ci\u00eancias da Sa\u00fade, Ci\u00eancias Agr\u00e1rias, Ci\u00eancias Sociais Aplicadas, Ci\u00eancias Humanas, Lingu\u00edstica, Letras e Artes.<\/p>\n<p class=\"western\">Os trabalhos ser\u00e3o analisados pelos assessores da SBPC e poder\u00e3o ser aceitos ou recusados. Somente os aceitos, e com a taxa de inscri\u00e7\u00e3o paga, ser\u00e3o programados para apresenta\u00e7\u00e3o na Sess\u00e3o de P\u00f4steres, cujo formato de apresenta\u00e7\u00e3o \u00e9 v\u00eddeo-p\u00f4ster ou tamb\u00e9m p\u00f4ster presencial durante o evento. A taxa de inscri\u00e7\u00e3o dever\u00e1 ser paga somente se o trabalho for aceito.\u00a0<a href=\"https:\/\/ra.sbpcnet.org.br\/77RA\/inscricao-e-envio-de-resumo\/\" target=\"_blank\" rel=\"noopener\"><b><span style=\"color: #800000;\">Consulte neste link as Normas<\/span><\/b><\/a>.<\/p>\n<p class=\"western\"><b>Vale destacar que o prazo final para inscri\u00e7\u00e3o poder\u00e1 ser antecipado caso o limite de 600 trabalhos esgote, o que far\u00e1 com que essa categoria de inscri\u00e7\u00e3o fique automaticamente indispon\u00edvel.<\/b><\/p>\n<p class=\"western\">A Sess\u00e3o de P\u00f4steres tamb\u00e9m incluir\u00e1 a\u00a0<b>Jornada Nacional de Inicia\u00e7\u00e3o Cient\u00edfica (JNIC)<\/b>, que apresentar\u00e1 os melhores trabalhos de inicia\u00e7\u00e3o cient\u00edfica e tecnol\u00f3gica, selecionados pelas institui\u00e7\u00f5es de origem, como universidades, centros de ensino e pesquisa, Institutos Federais, Centros Federais de Educa\u00e7\u00e3o Tecnol\u00f3gica, entre outras. Os respons\u00e1veis das Institui\u00e7\u00f5es que optarem por participar devem consultar as normas no site oficial.<\/p>\n<p class=\"western\">Para obter mais informa\u00e7\u00f5es sobre o processo de submiss\u00e3o de trabalhos, acesse o site oficial da 77\u00aa Reuni\u00e3o Anual:\u00a0<a href=\"https:\/\/ra.sbpcnet.org.br\/77RA\/\" target=\"_blank\" rel=\"noopener\"><span style=\"color: #800000;\"><strong>https:\/\/ra.sbpcnet.org.br\/77RA<\/strong><\/span>\/<\/a>.<\/p>\n<p>&nbsp;<\/p>\n<h4 id=\"festa-da-ciencia\" class=\"western\"><b>Festa da Ci\u00eancia\u00a0<\/b><\/h4>\n<p class=\"western\">Criada em 1948, a SBPC \u00e9 uma entidade voltada \u00e0 defesa do avan\u00e7o cient\u00edfico e tecnol\u00f3gico e do desenvolvimento educacional e cultural do Brasil. Desde 1949, a entidade realiza, ininterruptamente, as Reuni\u00f5es Anuais, com os objetivos de difundir para toda a popula\u00e7\u00e3o os avan\u00e7os da Ci\u00eancia nacional nas diversas \u00e1reas do conhecimento, al\u00e9m de debater pol\u00edticas p\u00fablicas nas \u00e1reas de Ci\u00eancia, Tecnologia, Inova\u00e7\u00e3o e Educa\u00e7\u00e3o.<\/p>\n<p class=\"western\">Esta 77\u00aa edi\u00e7\u00e3o Reuni\u00e3o Anual da SBPC tem como objetivo refor\u00e7ar a import\u00e2ncia da ci\u00eancia para o desenvolvimento inclusivo e sustent\u00e1vel em todas as regi\u00f5es do Pa\u00eds. O evento reunir\u00e1 pesquisadores, estudantes, profissionais e entusiastas da ci\u00eancia para discutir temas relevantes e compartilhar conhecimentos, em uma rica e diversificada programa\u00e7\u00e3o. Al\u00e9m da Sess\u00e3o de P\u00f4steres, o evento contar\u00e1 com confer\u00eancias, mesas-redondas, pain\u00e9is, atividades culturais, exposi\u00e7\u00f5es interativas e mostras cient\u00edficas. O encontro tamb\u00e9m promover\u00e1 minicursos, webminicursos e atividades espec\u00edficas para estudantes e professores de diferentes n\u00edveis de ensino, pesquisadores, profissionais de diversas \u00e1reas e o p\u00fablico em geral.<\/p>\n<p class=\"western\"><b>A inscri\u00e7\u00e3o para a Reuni\u00e3o Anual j\u00e1 pode ser realizada diretamente no site oficial do evento<\/b>. A participa\u00e7\u00e3o no evento \u00e9\u00a0<b>gratuita<\/b>, exceto para aqueles que desejarem adquirir o material do evento ou para autores que tiverem trabalhos aceitos na Sess\u00e3o de P\u00f4steres. Os minicursos e webminicursos tamb\u00e9m possuem uma taxa de matr\u00edcula.<\/p>\n<p class=\"western\">A SBPC convida todos os interessados a participarem deste encontro que celebra a ci\u00eancia e seu papel fundamental no desenvolvimento da sociedade!<\/p>\n<p class=\"western\">Todas as informa\u00e7\u00f5es sobre o evento podem ser acessadas neste link:\u00a0<span style=\"color: #800000;\"><strong><a style=\"color: #800000;\" href=\"https:\/\/ra.sbpcnet.org.br\/77RA\/\" target=\"_blank\" rel=\"noopener\">https:\/\/ra.sbpcnet.org.br\/77RA\/<\/a><\/strong><\/span><\/p>\n<p class=\"western\"><span style=\"color: #808080;\"><i>Jornal da Ci\u00eancia<\/i><\/span><\/p>\n","protected":false},"excerpt":{"rendered":"O evento ser\u00e1 realizado entre os dias 13 e 19 de julho&hellip;\n","protected":false},"author":19,"featured_media":7566,"comment_status":"open","ping_status":"open","sticky":false,"template":"","format":"standard","meta":[],"categories":[1,2],"tags":[],"acf":[],"_links":{"self":[{"href":"https:\/\/revistacienciaecultura.org.br\/index.php?rest_route=\/wp\/v2\/posts\/7564"}],"collection":[{"href":"https:\/\/revistacienciaecultura.org.br\/index.php?rest_route=\/wp\/v2\/posts"}],"about":[{"href":"https:\/\/revistacienciaecultura.org.br\/index.php?rest_route=\/wp\/v2\/types\/post"}],"author":[{"embeddable":true,"href":"https:\/\/revistacienciaecultura.org.br\/index.php?rest_route=\/wp\/v2\/users\/19"}],"replies":[{"embeddable":true,"href":"https:\/\/revistacienciaecultura.org.br\/index.php?rest_route=%2Fwp%2Fv2%2Fcomments&post=7564"}],"version-history":[{"count":2,"href":"https:\/\/revistacienciaecultura.org.br\/index.php?rest_route=\/wp\/v2\/posts\/7564\/revisions"}],"predecessor-version":[{"id":7567,"href":"https:\/\/revistacienciaecultura.org.br\/index.php?rest_route=\/wp\/v2\/posts\/7564\/revisions\/7567"}],"wp:featuredmedia":[{"embeddable":true,"href":"https:\/\/revistacienciaecultura.org.br\/index.php?rest_route=\/wp\/v2\/media\/7566"}],"wp:attachment":[{"href":"https:\/\/revistacienciaecultura.org.br\/index.php?rest_route=%2Fwp%2Fv2%2Fmedia&parent=7564"}],"wp:term":[{"taxonomy":"category","embeddable":true,"href":"https:\/\/revistacienciaecultura.org.br\/index.php?rest_route=%2Fwp%2Fv2%2Fcategories&post=7564"},{"taxonomy":"post_tag","embeddable":true,"href":"https:\/\/revistacienciaecultura.org.br\/index.php?rest_route=%2Fwp%2Fv2%2Ftags&post=7564"}],"curies":[{"name":"wp","href":"https:\/\/api.w.org\/{rel}","templated":true}]}}