{"id":7571,"date":"2024-12-10T10:53:28","date_gmt":"2024-12-10T10:53:28","guid":{"rendered":"https:\/\/revistacienciaecultura.org.br\/?p=7571"},"modified":"2024-12-10T10:54:11","modified_gmt":"2024-12-10T10:54:11","slug":"direitos-humanos-em-foco-uma-luta-constante-pela-dignidade-global","status":"publish","type":"post","link":"https:\/\/revistacienciaecultura.org.br\/?p=7571","title":{"rendered":"Direitos Humanos em foco: Uma luta constante pela dignidade global"},"content":{"rendered":"<h4 id=\"no-dia-internacional-dos-direitos-humanos-onu-destaca-desafios-e-reforca-a-importancia-de-proteger-direitos-fundamentais-para-enfrentar-crises-globais\"><span style=\"color: #808080;\">No Dia Internacional dos Direitos Humanos, ONU destaca desafios e refor\u00e7a a import\u00e2ncia de proteger direitos fundamentais para enfrentar crises globais.<\/span><\/h4>\n<p>&nbsp;<\/p>\n<p>No Dia Internacional dos Direitos Humanos, celebrado em 10 de dezembro, o secret\u00e1rio-geral da ONU, Ant\u00f3nio Guterres, destacou as amea\u00e7as crescentes aos direitos fundamentais em todo o mundo. Em mensagem para marcar a data, Guterres alertou que milh\u00f5es de pessoas enfrentam pobreza, fome e sistemas prec\u00e1rios de sa\u00fade e educa\u00e7\u00e3o, ressaltando que todos os direitos humanos s\u00e3o indivis\u00edveis. &#8220;Quando um direito \u00e9 prejudicado, todos os demais s\u00e3o afetados&#8221;, afirmou.<\/p>\n<p>Sob o tema de 2024, \u201cNossos Direitos, Nosso Futuro, Agora\u201d, a campanha da ONU enfatiza o papel dos direitos humanos como for\u00e7a preventiva, protetora e transformadora, especialmente em tempos de crise. Volker Turk, alto-comiss\u00e1rio da ONU para os Direitos Humanos, lembrou que os direitos humanos s\u00e3o essenciais para a constru\u00e7\u00e3o de sociedades pac\u00edficas e resilientes. &#8220;Eles n\u00e3o s\u00e3o meras ideias abstratas, mas normas concretas que protegem contra abusos e promovem dignidade e respeito&#8221;, declarou.<\/p>\n<p>Entre os desafios apontados, Guterres chamou aten\u00e7\u00e3o para o avan\u00e7o do autoritarismo, a dissemina\u00e7\u00e3o de discursos de \u00f3dio e a indiferen\u00e7a \u00e0s normas do direito internacional. Essas quest\u00f5es agravam conflitos em regi\u00f5es como Ucr\u00e2nia, Sud\u00e3o, Mianmar e o Oriente M\u00e9dio, onde o custo humano da guerra \u00e9 \u201cincalcul\u00e1vel\u201d. Turk refor\u00e7ou a necessidade de regular o fluxo de armas para \u00e1reas de conflito e de responsabilizar os Estados por viola\u00e7\u00f5es, incluindo o uso de minas antipessoais e armas nucleares.<\/p>\n<p>Outro ponto crucial abordado foi a crise de credibilidade das institui\u00e7\u00f5es tradicionais. A prolifera\u00e7\u00e3o de desinforma\u00e7\u00e3o, especialmente nas m\u00eddias sociais, tem alimentado divis\u00f5es, enfraquecido o jornalismo independente e deslegitimado defensores dos direitos humanos. Segundo Turk, enfrentar esse desafio \u00e9 vital para restaurar a confian\u00e7a nas \u201cautoridades cognitivas da modernidade\u201d, como ci\u00eancia e academia.<\/p>\n<p>Os direitos humanos, proclamados pela Declara\u00e7\u00e3o Universal de 1948, transcendem fronteiras e culturas, garantindo igualdade e dignidade para todos. Contudo, sua implementa\u00e7\u00e3o exige compromisso cont\u00ednuo dos Estados e engajamento da sociedade civil. A ONU refor\u00e7a que proteger esses direitos n\u00e3o apenas combate injusti\u00e7as presentes, mas tamb\u00e9m promove mudan\u00e7as sociais significativas, empoderando comunidades marginalizadas e pavimentando o caminho para um futuro mais justo.<\/p>\n<p>Neste 76\u00ba anivers\u00e1rio da Declara\u00e7\u00e3o Universal, o mundo \u00e9 convidado a refletir sobre os avan\u00e7os alcan\u00e7ados e os desafios persistentes. Como afirmou Guterres, \u201cdefender os direitos humanos \u00e9 sarar divis\u00f5es e construir a paz\u201d. A mensagem \u00e9 clara: os direitos humanos s\u00e3o nossa for\u00e7a comum para enfrentar crises e transformar o mundo em um lugar melhor para todos.<\/p>\n<h3 id=\"\"><\/h3>\n<h4 id=\"cinco-fatos-essenciais-sobre-os-direitos-humanos\">Cinco fatos essenciais sobre os direitos humanos<\/h4>\n<p>&nbsp;<\/p>\n<p><strong>1. Universais e inalien\u00e1veis<\/strong><br \/>\nOs direitos humanos s\u00e3o inerentes a todos, independentemente de ra\u00e7a, g\u00eanero, nacionalidade ou cren\u00e7as, garantindo igualdade e dignidade. Eles incluem direitos fundamentais, como o direito \u00e0 vida, e direitos que promovem uma exist\u00eancia plena, como acesso \u00e0 educa\u00e7\u00e3o e sa\u00fade. S\u00e3o inalien\u00e1veis, s\u00f3 podendo ser limitados em situa\u00e7\u00f5es legais espec\u00edficas.<\/p>\n<p>&nbsp;<\/p>\n<p><strong>2. Indivis\u00edveis e interdependentes<\/strong><br \/>\nOs direitos humanos est\u00e3o conectados e dependem uns dos outros. Por exemplo, o direito \u00e0 educa\u00e7\u00e3o facilita a participa\u00e7\u00e3o pol\u00edtica, enquanto o direito \u00e0 sa\u00fade e \u00e0 \u00e1gua pot\u00e1vel \u00e9 essencial para a dignidade e a vida. Ignorar qualquer direito pode desencadear um efeito domin\u00f3, prejudicando comunidades inteiras.<\/p>\n<p>&nbsp;<\/p>\n<p><strong>3. Marco global: Declara\u00e7\u00e3o Universal dos Direitos Humanos<\/strong><br \/>\nAdotada em 1948, ap\u00f3s a Segunda Guerra Mundial, a Declara\u00e7\u00e3o Universal consolidou princ\u00edpios universais de igualdade, liberdade e prote\u00e7\u00e3o contra tortura, servindo de base para mais de 80 tratados internacionais. Junto aos Pactos Internacionais de Direitos Civis, Pol\u00edticos, Econ\u00f4micos, Sociais e Culturais, forma a Carta Internacional dos Direitos Humanos.<\/p>\n<p>&nbsp;<\/p>\n<p><strong>4. Obriga\u00e7\u00f5es dos Estados e suporte aos indiv\u00edduos<\/strong><br \/>\nOs Estados t\u00eam o dever de respeitar, proteger e cumprir os direitos humanos. Al\u00e9m disso, tratados internacionais fornecem ferramentas para indiv\u00edduos e comunidades promoverem mudan\u00e7as e exigirem seus direitos. Movimentos como o \u201cFridays for the Future\u201d mostram como esses direitos podem impulsionar causas globais, como a justi\u00e7a clim\u00e1tica.<\/p>\n<p>&nbsp;<\/p>\n<p><strong>5. Dia dos Direitos Humanos: reflex\u00e3o e a\u00e7\u00e3o<\/strong><br \/>\nComemorado em 10 de dezembro, o Dia dos Direitos Humanos celebra a ado\u00e7\u00e3o da Declara\u00e7\u00e3o Universal, servindo como momento de reflex\u00e3o sobre avan\u00e7os e desafios. Em 2024, o tema &#8220;Nossos Direitos, Nosso Futuro, Agora&#8221; destaca o papel transformador dos direitos humanos, especialmente em tempos de crise.<\/p>\n<p><span style=\"color: #808080;\"><em>Com informa\u00e7\u00f5es de ONU News<\/em><\/span><\/p>\n<p>&nbsp;<\/p>\n<h6 id=\"capa-freepik-com\">Capa. Freepik.com<\/h6>\n","protected":false},"excerpt":{"rendered":"No Dia Internacional dos Direitos Humanos, ONU destaca desafios e refor\u00e7a a&hellip;\n","protected":false},"author":19,"featured_media":7572,"comment_status":"open","ping_status":"open","sticky":false,"template":"","format":"standard","meta":[],"categories":[1,2],"tags":[],"acf":[],"_links":{"self":[{"href":"https:\/\/revistacienciaecultura.org.br\/index.php?rest_route=\/wp\/v2\/posts\/7571"}],"collection":[{"href":"https:\/\/revistacienciaecultura.org.br\/index.php?rest_route=\/wp\/v2\/posts"}],"about":[{"href":"https:\/\/revistacienciaecultura.org.br\/index.php?rest_route=\/wp\/v2\/types\/post"}],"author":[{"embeddable":true,"href":"https:\/\/revistacienciaecultura.org.br\/index.php?rest_route=\/wp\/v2\/users\/19"}],"replies":[{"embeddable":true,"href":"https:\/\/revistacienciaecultura.org.br\/index.php?rest_route=%2Fwp%2Fv2%2Fcomments&post=7571"}],"version-history":[{"count":2,"href":"https:\/\/revistacienciaecultura.org.br\/index.php?rest_route=\/wp\/v2\/posts\/7571\/revisions"}],"predecessor-version":[{"id":7574,"href":"https:\/\/revistacienciaecultura.org.br\/index.php?rest_route=\/wp\/v2\/posts\/7571\/revisions\/7574"}],"wp:featuredmedia":[{"embeddable":true,"href":"https:\/\/revistacienciaecultura.org.br\/index.php?rest_route=\/wp\/v2\/media\/7572"}],"wp:attachment":[{"href":"https:\/\/revistacienciaecultura.org.br\/index.php?rest_route=%2Fwp%2Fv2%2Fmedia&parent=7571"}],"wp:term":[{"taxonomy":"category","embeddable":true,"href":"https:\/\/revistacienciaecultura.org.br\/index.php?rest_route=%2Fwp%2Fv2%2Fcategories&post=7571"},{"taxonomy":"post_tag","embeddable":true,"href":"https:\/\/revistacienciaecultura.org.br\/index.php?rest_route=%2Fwp%2Fv2%2Ftags&post=7571"}],"curies":[{"name":"wp","href":"https:\/\/api.w.org\/{rel}","templated":true}]}}