{"id":7606,"date":"2024-12-11T15:30:34","date_gmt":"2024-12-11T15:30:34","guid":{"rendered":"https:\/\/revistacienciaecultura.org.br\/?p=7606"},"modified":"2024-12-16T10:29:54","modified_gmt":"2024-12-16T10:29:54","slug":"a-desinformacao-e-os-desafios-para-a-democracia","status":"publish","type":"post","link":"https:\/\/revistacienciaecultura.org.br\/?p=7606","title":{"rendered":"A desinforma\u00e7\u00e3o e os desafios para a democracia"},"content":{"rendered":"<h4 id=\"juremir-machado-da-silva-escritor-e-professor-da-puc-rs-discute-o-combate-a-desinformacao-em-video-da-ciencia-cultura\"><span style=\"color: #808080;\">Juremir Machado da Silva, escritor e professor da PUC-RS, discute o combate \u00e0 desinforma\u00e7\u00e3o em v\u00eddeo da Ci\u00eancia &amp; Cultura<\/span><\/h4>\n<p>&nbsp;<\/p>\n<p>Na edi\u00e7\u00e3o especial da <a href=\"https:\/\/revistacienciaecultura.org.br\/\"><strong><span style=\"color: #800000;\">Ci\u00eancia &amp; Cultura<\/span><\/strong><\/a>, que aborda \u201cDesinforma\u00e7\u00e3o, Democracia e Autoritarismo\u201d, o professor Renato Janine Ribeiro, presidente da Sociedade Brasileira para o Progresso da Ci\u00eancia (SBPC), re\u00fane vozes de especialistas para discutir o impacto da comunica\u00e7\u00e3o de qualidade na vida p\u00fablica. Entre os destaques est\u00e1 Juremir Machado, professor de jornalismo da PUC-RS, que reflete sobre o perigo das fake news para o bem-estar da popula\u00e7\u00e3o. Ele aponta que a dissemina\u00e7\u00e3o de informa\u00e7\u00f5es falsas enfraquece a confian\u00e7a nas institui\u00e7\u00f5es e prejudica a ado\u00e7\u00e3o de medidas essenciais, como a vacina\u00e7\u00e3o em massa e o uso de protocolos baseados na ci\u00eancia.<\/p>\n<p>Juremir Machado destaca que a desinforma\u00e7\u00e3o vai al\u00e9m de um risco pol\u00edtico: ela \u00e9 uma amea\u00e7a direta \u00e0 sa\u00fade coletiva. Ao alimentar negacionismos e desconfian\u00e7a, cria barreiras que dificultam a implementa\u00e7\u00e3o de pol\u00edticas p\u00fablicas eficazes, muitas vezes agravando crises e promovendo divis\u00f5es, ansiedade e incerteza entre a popula\u00e7\u00e3o. Nesse contexto, o jornalismo e a comunica\u00e7\u00e3o baseada em evid\u00eancias emergem como ferramentas indispens\u00e1veis para salvar vidas e combater a manipula\u00e7\u00e3o de informa\u00e7\u00f5es que compromete a seguran\u00e7a coletiva. \u201cPara tomar o controle da narrativa, voc\u00ea precisa primeiro enfraquecer a no\u00e7\u00e3o de verdade. Quando se ataca a verdade, se enfraquece a credibilidade de qualquer um. Isso \u00e9 uma derrota hist\u00f3rica\u201d, afirma.<\/p>\n<p>Para o pesquisador, comunicar com clareza, responsabilidade e empatia \u00e9 t\u00e3o vital quanto os avan\u00e7os cient\u00edficos na luta por uma sociedade mais saud\u00e1vel. Ele refor\u00e7a que a ci\u00eancia e a comunica\u00e7\u00e3o devem andar de m\u00e3os dadas, oferecendo \u00e0 popula\u00e7\u00e3o informa\u00e7\u00f5es precisas e acess\u00edveis.<\/p>\n<p><strong>Assista ao v\u00eddeo completo!<\/strong><\/p>\n<p><iframe loading=\"lazy\" title=\"A desinforma\u00e7\u00e3o e os desafios para a democracia\" width=\"1200\" height=\"675\" src=\"https:\/\/www.youtube.com\/embed\/5GE1mLji9pE?feature=oembed\" frameborder=\"0\" allow=\"accelerometer; autoplay; clipboard-write; encrypted-media; gyroscope; picture-in-picture; web-share\" referrerpolicy=\"strict-origin-when-cross-origin\" allowfullscreen><\/iframe><\/p>\n","protected":false},"excerpt":{"rendered":"Juremir Machado da Silva, escritor e professor da PUC-RS, discute o combate&hellip;\n","protected":false},"author":19,"featured_media":7612,"comment_status":"open","ping_status":"open","sticky":false,"template":"","format":"standard","meta":[],"categories":[5],"tags":[],"acf":[],"_links":{"self":[{"href":"https:\/\/revistacienciaecultura.org.br\/index.php?rest_route=\/wp\/v2\/posts\/7606"}],"collection":[{"href":"https:\/\/revistacienciaecultura.org.br\/index.php?rest_route=\/wp\/v2\/posts"}],"about":[{"href":"https:\/\/revistacienciaecultura.org.br\/index.php?rest_route=\/wp\/v2\/types\/post"}],"author":[{"embeddable":true,"href":"https:\/\/revistacienciaecultura.org.br\/index.php?rest_route=\/wp\/v2\/users\/19"}],"replies":[{"embeddable":true,"href":"https:\/\/revistacienciaecultura.org.br\/index.php?rest_route=%2Fwp%2Fv2%2Fcomments&post=7606"}],"version-history":[{"count":1,"href":"https:\/\/revistacienciaecultura.org.br\/index.php?rest_route=\/wp\/v2\/posts\/7606\/revisions"}],"predecessor-version":[{"id":7608,"href":"https:\/\/revistacienciaecultura.org.br\/index.php?rest_route=\/wp\/v2\/posts\/7606\/revisions\/7608"}],"wp:featuredmedia":[{"embeddable":true,"href":"https:\/\/revistacienciaecultura.org.br\/index.php?rest_route=\/wp\/v2\/media\/7612"}],"wp:attachment":[{"href":"https:\/\/revistacienciaecultura.org.br\/index.php?rest_route=%2Fwp%2Fv2%2Fmedia&parent=7606"}],"wp:term":[{"taxonomy":"category","embeddable":true,"href":"https:\/\/revistacienciaecultura.org.br\/index.php?rest_route=%2Fwp%2Fv2%2Fcategories&post=7606"},{"taxonomy":"post_tag","embeddable":true,"href":"https:\/\/revistacienciaecultura.org.br\/index.php?rest_route=%2Fwp%2Fv2%2Ftags&post=7606"}],"curies":[{"name":"wp","href":"https:\/\/api.w.org\/{rel}","templated":true}]}}