{"id":7615,"date":"2024-12-11T15:00:10","date_gmt":"2024-12-11T15:00:10","guid":{"rendered":"https:\/\/revistacienciaecultura.org.br\/?p=7615"},"modified":"2024-12-10T21:17:41","modified_gmt":"2024-12-10T21:17:41","slug":"a-ciencia-na-defesa-da-democracia-e-da-saude-publica","status":"publish","type":"post","link":"https:\/\/revistacienciaecultura.org.br\/?p=7615","title":{"rendered":"A ci\u00eancia na defesa da democracia e da sa\u00fade p\u00fablica"},"content":{"rendered":"<h4 id=\"medica-infectologista-luana-araujo-alerta-sobre-os-perigos-da-desinformacao-para-a-saude-publica-no-episodio-do-ciencia-cultura-cast\"><span style=\"color: #808080;\">M\u00e9dica infectologista Luana Ara\u00fajo alerta sobre os perigos da desinforma\u00e7\u00e3o para a sa\u00fade p\u00fablica no epis\u00f3dio do Ci\u00eancia &amp; Cultura Cast<\/span><\/h4>\n<p>&nbsp;<\/p>\n<p>A edi\u00e7\u00e3o especial da revista <span style=\"color: #800000;\"><a style=\"color: #800000;\" href=\"https:\/\/revistacienciaecultura.org.br\/\"><strong>Ci\u00eancia &amp; Cultura<\/strong><\/a><\/span> re\u00fane vozes de destaque em um debate urgente sobre \u201cDesinforma\u00e7\u00e3o, Democracia e Autoritarismo\u201d. Em uma s\u00e9rie de entrevistas conduzidas por Renato Janine Ribeiro, professor da USP e presidente da Sociedade Brasileira para o Progresso da Ci\u00eancia (SBPC), o papel vital da comunica\u00e7\u00e3o baseada em evid\u00eancias ganha o centro das aten\u00e7\u00f5es. Este epis\u00f3dio do Ci\u00eancia &amp; Cultura Cast traz a conversa com a infectologista Luana Ara\u00fajo, cuja atua\u00e7\u00e3o durante a pandemia da Covid-19 a consolidou como uma das vozes mais contundentes na defesa da ci\u00eancia e da transpar\u00eancia em tempos de negacionismo.<\/p>\n<p>Luana Ara\u00fajo compartilha sua experi\u00eancia marcante como defensora da vacina\u00e7\u00e3o em massa e das pol\u00edticas de sa\u00fade p\u00fablica fundamentadas em evid\u00eancias cient\u00edficas. Sua breve passagem pelo Minist\u00e9rio da Sa\u00fade, durante o governo Bolsonaro, e seu depoimento \u00e0 CPI da Covid destacam o impacto devastador da desinforma\u00e7\u00e3o sobre a gest\u00e3o da pandemia no Brasil, que resultou em mais de 720 mil mortes. Para a m\u00e9dica, a luta contra o v\u00edrus foi insepar\u00e1vel do enfrentamento \u00e0s narrativas distorcidas, que minaram a confian\u00e7a nas medidas de prote\u00e7\u00e3o e agravaram a trag\u00e9dia sanit\u00e1ria. \u201cEstamos imersos em um ambiente onde h\u00e1 uma produ\u00e7\u00e3o massiva de informa\u00e7\u00f5es de baix\u00edssima qualidade \u2013 ou, pior, de desinforma\u00e7\u00e3o feita dolosamente, com inten\u00e7\u00e3o clara\u201d, alerta.<\/p>\n<p>A entrevista de Luana Ara\u00fajo evidencia a urg\u00eancia de uma comunica\u00e7\u00e3o de qualidade, comprometida com a verdade e a ci\u00eancia, como ferramenta essencial na defesa da democracia. Para Renato Janine Ribeiro, promover um di\u00e1logo franco sobre os desafios da desinforma\u00e7\u00e3o \u00e9 crucial para fortalecer as institui\u00e7\u00f5es democr\u00e1ticas e reconstruir a confian\u00e7a da popula\u00e7\u00e3o.<\/p>\n<p><strong>Ou\u00e7a ao epis\u00f3dio completo!<\/strong><\/p>\n<p><iframe title=\"Spotify Embed: A ci\u00eancia na defesa da democracia e da sa\u00fade p\u00fablica\" style=\"border-radius: 12px\" width=\"100%\" height=\"152\" frameborder=\"0\" allowfullscreen allow=\"autoplay; clipboard-write; encrypted-media; fullscreen; picture-in-picture\" loading=\"lazy\" src=\"https:\/\/open.spotify.com\/embed\/episode\/2bns3A3orpT9U7LF1R6f9t?si=25b0f4945b4948f4&#038;utm_source=oembed\"><\/iframe><\/p>\n","protected":false},"excerpt":{"rendered":"M\u00e9dica infectologista Luana Ara\u00fajo alerta sobre os perigos da desinforma\u00e7\u00e3o para a&hellip;\n","protected":false},"author":19,"featured_media":7616,"comment_status":"open","ping_status":"open","sticky":false,"template":"","format":"standard","meta":[],"categories":[4],"tags":[],"acf":[],"_links":{"self":[{"href":"https:\/\/revistacienciaecultura.org.br\/index.php?rest_route=\/wp\/v2\/posts\/7615"}],"collection":[{"href":"https:\/\/revistacienciaecultura.org.br\/index.php?rest_route=\/wp\/v2\/posts"}],"about":[{"href":"https:\/\/revistacienciaecultura.org.br\/index.php?rest_route=\/wp\/v2\/types\/post"}],"author":[{"embeddable":true,"href":"https:\/\/revistacienciaecultura.org.br\/index.php?rest_route=\/wp\/v2\/users\/19"}],"replies":[{"embeddable":true,"href":"https:\/\/revistacienciaecultura.org.br\/index.php?rest_route=%2Fwp%2Fv2%2Fcomments&post=7615"}],"version-history":[{"count":2,"href":"https:\/\/revistacienciaecultura.org.br\/index.php?rest_route=\/wp\/v2\/posts\/7615\/revisions"}],"predecessor-version":[{"id":7638,"href":"https:\/\/revistacienciaecultura.org.br\/index.php?rest_route=\/wp\/v2\/posts\/7615\/revisions\/7638"}],"wp:featuredmedia":[{"embeddable":true,"href":"https:\/\/revistacienciaecultura.org.br\/index.php?rest_route=\/wp\/v2\/media\/7616"}],"wp:attachment":[{"href":"https:\/\/revistacienciaecultura.org.br\/index.php?rest_route=%2Fwp%2Fv2%2Fmedia&parent=7615"}],"wp:term":[{"taxonomy":"category","embeddable":true,"href":"https:\/\/revistacienciaecultura.org.br\/index.php?rest_route=%2Fwp%2Fv2%2Fcategories&post=7615"},{"taxonomy":"post_tag","embeddable":true,"href":"https:\/\/revistacienciaecultura.org.br\/index.php?rest_route=%2Fwp%2Fv2%2Ftags&post=7615"}],"curies":[{"name":"wp","href":"https:\/\/api.w.org\/{rel}","templated":true}]}}