{"id":7621,"date":"2024-12-11T14:55:03","date_gmt":"2024-12-11T14:55:03","guid":{"rendered":"https:\/\/revistacienciaecultura.org.br\/?p=7621"},"modified":"2024-12-10T21:19:53","modified_gmt":"2024-12-10T21:19:53","slug":"comunicacao-contra-a-desinformacao-e-o-autoritarismo","status":"publish","type":"post","link":"https:\/\/revistacienciaecultura.org.br\/?p=7621","title":{"rendered":"Comunica\u00e7\u00e3o contra a desinforma\u00e7\u00e3o e o autoritarismo"},"content":{"rendered":"<h4 id=\"juremir-machado-da-silva-escritor-e-professor-da-puc-rs-discute-o-combate-a-desinformacao-em-episodio-do-ciencia-cultura-cast\"><span style=\"color: #808080;\">Juremir Machado da Silva, escritor e professor da PUC-RS, discute o combate \u00e0 desinforma\u00e7\u00e3o em epis\u00f3dio do Ci\u00eancia &amp; Cultura Cast<\/span><\/h4>\n<p>&nbsp;<\/p>\n<p>A edi\u00e7\u00e3o especial da <span style=\"color: #800000;\"><a style=\"color: #800000;\" href=\"https:\/\/revistacienciaecultura.org.br\/\"><strong>Ci\u00eancia &amp; Cultura<\/strong><\/a><\/span>, dedicada ao tema \u201cDesinforma\u00e7\u00e3o, Democracia e Autoritarismo\u201d, traz uma s\u00e9rie de entrevistas conduzidas por Renato Janine Ribeiro, professor da USP e presidente da Sociedade Brasileira para o Progresso da Ci\u00eancia (SBPC). Entre os destaques est\u00e1 o jornalista e professor Juremir Machado, da PUC-RS, que reflete sobre o impacto da desinforma\u00e7\u00e3o no enfraquecimento da democracia. Para o pesquisador, o jornalismo tem o dever de combater a avalanche de fake news que distorce a realidade, alimenta discursos de \u00f3dio e fragmenta o tecido social. Ele defende a necessidade de uma comunica\u00e7\u00e3o inclusiva e respons\u00e1vel como ferramenta para restabelecer o di\u00e1logo e a confian\u00e7a entre os cidad\u00e3os.<\/p>\n<p>Juremir Machado enfatiza que a desinforma\u00e7\u00e3o n\u00e3o \u00e9 um fen\u00f4meno isolado, mas um processo sistem\u00e1tico que mina pilares democr\u00e1ticos, ao gerar polariza\u00e7\u00e3o e alimentar narrativas autorit\u00e1rias. O ambiente hostil criado por discursos agressivos e manique\u00edstas enfraquece a sociedade, transformando o debate p\u00fablico em um campo de batalha. Nesse cen\u00e1rio, o jornalismo cient\u00edfico se destaca como um instrumento crucial para informar com clareza e precis\u00e3o, promovendo um entendimento mais profundo das quest\u00f5es que afetam a popula\u00e7\u00e3o. \u201cAcredito que o papel do jornalista \u00e9 buscar a verdade factual, aquela que pode ser demonstrada\u201d, defende.<\/p>\n<p>Para ele, o papel do jornalismo vai al\u00e9m da simples divulga\u00e7\u00e3o de fatos; trata-se de uma pr\u00e1tica que deve contribuir para a forma\u00e7\u00e3o de uma sociedade consciente e resiliente ao autoritarismo. Ao unir conhecimento cient\u00edfico e comunica\u00e7\u00e3o acess\u00edvel, o jornalismo pode combater a manipula\u00e7\u00e3o de dados e criar um ambiente mais prop\u00edcio para o pensamento cr\u00edtico.<\/p>\n<p><strong>Ou\u00e7a o epis\u00f3dio completo!<\/strong><\/p>\n<p><iframe title=\"Spotify Embed: Comunica\u00e7\u00e3o contra a desinforma\u00e7\u00e3o e o autoritarismo\" style=\"border-radius: 12px\" width=\"100%\" height=\"152\" frameborder=\"0\" allowfullscreen allow=\"autoplay; clipboard-write; encrypted-media; fullscreen; picture-in-picture\" loading=\"lazy\" src=\"https:\/\/open.spotify.com\/embed\/episode\/74liwm6vcz1qefXNQMVE2X?si=5c20a29808b04088&#038;utm_source=oembed\"><\/iframe><\/p>\n","protected":false},"excerpt":{"rendered":"Juremir Machado da Silva, escritor e professor da PUC-RS, discute o combate&hellip;\n","protected":false},"author":19,"featured_media":7617,"comment_status":"open","ping_status":"open","sticky":false,"template":"","format":"standard","meta":[],"categories":[4],"tags":[],"acf":[],"_links":{"self":[{"href":"https:\/\/revistacienciaecultura.org.br\/index.php?rest_route=\/wp\/v2\/posts\/7621"}],"collection":[{"href":"https:\/\/revistacienciaecultura.org.br\/index.php?rest_route=\/wp\/v2\/posts"}],"about":[{"href":"https:\/\/revistacienciaecultura.org.br\/index.php?rest_route=\/wp\/v2\/types\/post"}],"author":[{"embeddable":true,"href":"https:\/\/revistacienciaecultura.org.br\/index.php?rest_route=\/wp\/v2\/users\/19"}],"replies":[{"embeddable":true,"href":"https:\/\/revistacienciaecultura.org.br\/index.php?rest_route=%2Fwp%2Fv2%2Fcomments&post=7621"}],"version-history":[{"count":2,"href":"https:\/\/revistacienciaecultura.org.br\/index.php?rest_route=\/wp\/v2\/posts\/7621\/revisions"}],"predecessor-version":[{"id":7642,"href":"https:\/\/revistacienciaecultura.org.br\/index.php?rest_route=\/wp\/v2\/posts\/7621\/revisions\/7642"}],"wp:featuredmedia":[{"embeddable":true,"href":"https:\/\/revistacienciaecultura.org.br\/index.php?rest_route=\/wp\/v2\/media\/7617"}],"wp:attachment":[{"href":"https:\/\/revistacienciaecultura.org.br\/index.php?rest_route=%2Fwp%2Fv2%2Fmedia&parent=7621"}],"wp:term":[{"taxonomy":"category","embeddable":true,"href":"https:\/\/revistacienciaecultura.org.br\/index.php?rest_route=%2Fwp%2Fv2%2Fcategories&post=7621"},{"taxonomy":"post_tag","embeddable":true,"href":"https:\/\/revistacienciaecultura.org.br\/index.php?rest_route=%2Fwp%2Fv2%2Ftags&post=7621"}],"curies":[{"name":"wp","href":"https:\/\/api.w.org\/{rel}","templated":true}]}}