{"id":7623,"date":"2024-12-11T15:30:57","date_gmt":"2024-12-11T15:30:57","guid":{"rendered":"https:\/\/revistacienciaecultura.org.br\/?p=7623"},"modified":"2024-12-16T10:30:35","modified_gmt":"2024-12-16T10:30:35","slug":"arte-ciencia-e-comunicacao-na-luta-pela-democracia","status":"publish","type":"post","link":"https:\/\/revistacienciaecultura.org.br\/?p=7623","title":{"rendered":"Arte, ci\u00eancia e comunica\u00e7\u00e3o na luta pela democracia"},"content":{"rendered":"<h4 id=\"martin-grossmann-professor-da-usp-defende-a-importancia-da-comunicacao-e-da-arte-no-combate-a-desinformacao-e-ao-autoritarismo-em-episodio-do-ciencia-cultura-cast\"><span style=\"color: #808080;\">Martin Grossmann, professor da USP, defende a import\u00e2ncia da comunica\u00e7\u00e3o e da arte no combate \u00e0 desinforma\u00e7\u00e3o e ao autoritarismo em epis\u00f3dio do Ci\u00eancia &amp; Cultura Cast<\/span><\/h4>\n<p>&nbsp;<\/p>\n<p>Na edi\u00e7\u00e3o especial da revista <span style=\"color: #800000;\"><a style=\"color: #800000;\" href=\"https:\/\/revistacienciaecultura.org.br\/\"><strong>Ci\u00eancia &amp; Cultura<\/strong><\/a><\/span>, dedicada ao tema \u201cDesinforma\u00e7\u00e3o, Democracia e Autoritarismo\u201d, Renato Janine Ribeiro, professor da USP e presidente da SBPC, conduz uma s\u00e9rie de entrevistas que exploram o papel da comunica\u00e7\u00e3o de qualidade na defesa da democracia. Entre os convidados, Martin Grossmann, professor da USP e coordenador da C\u00e1tedra Olavo Set\u00fabal de Arte, Cultura e Ci\u00eancia, destaca a interse\u00e7\u00e3o entre arte, ci\u00eancia e comunica\u00e7\u00e3o como ferramentas essenciais para combater a desinforma\u00e7\u00e3o.<\/p>\n<p>Martin Grossmann argumenta que, em um cen\u00e1rio onde as fake news e a polariza\u00e7\u00e3o comprometem o di\u00e1logo, a comunica\u00e7\u00e3o deve recuperar sua fun\u00e7\u00e3o central: promover entendimento e fortalecer o tecido democr\u00e1tico. Ele tamb\u00e9m reflete sobre o papel transformador da arte como resist\u00eancia em contextos autorit\u00e1rios. Segundo ele, a arte, ao questionar estruturas opressivas e amplificar vozes silenciadas, contribui para a constru\u00e7\u00e3o de uma sociedade mais inclusiva. Contudo, ele alerta para os desafios das m\u00eddias digitais, como a curadoria algor\u00edtmica, que refor\u00e7a bolhas informacionais, limitando a diversidade de narrativas acess\u00edveis. \u201cEsses discursos utilizam a democracia para se promover, mas, ao mesmo tempo, afetam negativamente a pr\u00f3pria estrutura que sustenta o sistema democr\u00e1tico\u201d, pontua.<\/p>\n<p>Para Grossmann, a solu\u00e7\u00e3o passa por pol\u00edticas p\u00fablicas que democratizem o acesso \u00e0 produ\u00e7\u00e3o cultural e promovam a inclus\u00e3o digital. A entrevista evidencia que enfrentar a desinforma\u00e7\u00e3o requer um esfor\u00e7o conjunto entre ci\u00eancia, arte e comunica\u00e7\u00e3o. A uni\u00e3o dessas \u00e1reas n\u00e3o s\u00f3 esclarece e educa, mas tamb\u00e9m inspira a transforma\u00e7\u00e3o social, demonstrando que a criatividade humana, sustentada por evid\u00eancias cient\u00edficas, pode ser um poderoso mecanismo para a constru\u00e7\u00e3o de uma democracia s\u00f3lida e plural.<\/p>\n<p><strong>Ou\u00e7a ao epis\u00f3dio completo!<\/strong><\/p>\n<p><iframe title=\"Spotify Embed: Arte, ci\u00eancia e comunica\u00e7\u00e3o na luta pela democracia\" style=\"border-radius: 12px\" width=\"100%\" height=\"152\" frameborder=\"0\" allowfullscreen allow=\"autoplay; clipboard-write; encrypted-media; fullscreen; picture-in-picture\" loading=\"lazy\" src=\"https:\/\/open.spotify.com\/embed\/episode\/0bueXjl02VzEMtnpWTZ0t2?si=f3c7de17a98b43e5&#038;utm_source=oembed\"><\/iframe><\/p>\n","protected":false},"excerpt":{"rendered":"Martin Grossmann, professor da USP, defende a import\u00e2ncia da comunica\u00e7\u00e3o e da&hellip;\n","protected":false},"author":19,"featured_media":7618,"comment_status":"open","ping_status":"open","sticky":false,"template":"","format":"standard","meta":[],"categories":[4],"tags":[],"acf":[],"_links":{"self":[{"href":"https:\/\/revistacienciaecultura.org.br\/index.php?rest_route=\/wp\/v2\/posts\/7623"}],"collection":[{"href":"https:\/\/revistacienciaecultura.org.br\/index.php?rest_route=\/wp\/v2\/posts"}],"about":[{"href":"https:\/\/revistacienciaecultura.org.br\/index.php?rest_route=\/wp\/v2\/types\/post"}],"author":[{"embeddable":true,"href":"https:\/\/revistacienciaecultura.org.br\/index.php?rest_route=\/wp\/v2\/users\/19"}],"replies":[{"embeddable":true,"href":"https:\/\/revistacienciaecultura.org.br\/index.php?rest_route=%2Fwp%2Fv2%2Fcomments&post=7623"}],"version-history":[{"count":1,"href":"https:\/\/revistacienciaecultura.org.br\/index.php?rest_route=\/wp\/v2\/posts\/7623\/revisions"}],"predecessor-version":[{"id":7624,"href":"https:\/\/revistacienciaecultura.org.br\/index.php?rest_route=\/wp\/v2\/posts\/7623\/revisions\/7624"}],"wp:featuredmedia":[{"embeddable":true,"href":"https:\/\/revistacienciaecultura.org.br\/index.php?rest_route=\/wp\/v2\/media\/7618"}],"wp:attachment":[{"href":"https:\/\/revistacienciaecultura.org.br\/index.php?rest_route=%2Fwp%2Fv2%2Fmedia&parent=7623"}],"wp:term":[{"taxonomy":"category","embeddable":true,"href":"https:\/\/revistacienciaecultura.org.br\/index.php?rest_route=%2Fwp%2Fv2%2Fcategories&post=7623"},{"taxonomy":"post_tag","embeddable":true,"href":"https:\/\/revistacienciaecultura.org.br\/index.php?rest_route=%2Fwp%2Fv2%2Ftags&post=7623"}],"curies":[{"name":"wp","href":"https:\/\/api.w.org\/{rel}","templated":true}]}}