{"id":7715,"date":"2024-12-18T08:05:12","date_gmt":"2024-12-18T08:05:12","guid":{"rendered":"https:\/\/revistacienciaecultura.org.br\/?p=7715"},"modified":"2024-12-18T10:26:26","modified_gmt":"2024-12-18T10:26:26","slug":"defendendo-a-saude-e-a-democracia","status":"publish","type":"post","link":"https:\/\/revistacienciaecultura.org.br\/?p=7715","title":{"rendered":"Defendendo a sa\u00fade e a democracia"},"content":{"rendered":"<h4 id=\"margareth-dalcolmo-pesquisadora-da-fiocruz-defende-a-informacao-para-proteger-o-bem-estar-social-e-a-democracia-em-episodio-do-ciencia-cultura-cast\"><span style=\"color: #808080;\">Margareth Dalcolmo, pesquisadora da Fiocruz, defende a informa\u00e7\u00e3o para proteger o bem-estar social e a democracia em epis\u00f3dio do Ci\u00eancia &amp; Cultura Cast<\/span><\/h4>\n<p><em>\u00a0<\/em><\/p>\n<p>Combater a desinforma\u00e7\u00e3o \u00e9 essencial para proteger n\u00e3o apenas a sa\u00fade p\u00fablica, mas tamb\u00e9m o tecido social e as institui\u00e7\u00f5es democr\u00e1ticas. A edi\u00e7\u00e3o especial da revista <span style=\"color: #800000;\"><a style=\"color: #800000;\" href=\"https:\/\/revistacienciaecultura.org.br\/\"><strong>Ci\u00eancia &amp; Cultura<\/strong><\/a><\/span>, com o tema \u201cDesinforma\u00e7\u00e3o, Democracia e Autoritarismo\u201d, traz reflex\u00f5es urgentes conduzidas por Renato Janine Ribeiro, presidente da SBPC, em uma s\u00e9rie de entrevistas com especialistas como Margareth Dalcolmo. Pesquisadora s\u00eanior da Fiocruz e presidente da SBPT, Margareth \u00e9 uma refer\u00eancia na luta contra o negacionismo em sa\u00fade, evidenciando a conex\u00e3o intr\u00ednseca entre comunica\u00e7\u00e3o de qualidade e fortalecimento da democracia.<\/p>\n<p>A desinforma\u00e7\u00e3o na sa\u00fade, como a dissemina\u00e7\u00e3o de fake news sobre vacinas, compromete avan\u00e7os cient\u00edficos e fragiliza a confian\u00e7a coletiva em evid\u00eancias. Margareth Dalcolmo destaca que a ci\u00eancia, aliada \u00e0 comunica\u00e7\u00e3o acess\u00edvel e baseada em dados, \u00e9 fundamental para conscientizar a popula\u00e7\u00e3o e neutralizar discursos negacionistas. Campanhas educativas que integrem informa\u00e7\u00f5es claras e confi\u00e1veis tornam-se cruciais para fortalecer a responsabilidade coletiva e garantir o direito \u00e0 sa\u00fade. \u201cN\u00e3o podemos aceitar que discursos nocivos comprometam a sa\u00fade p\u00fablica e ampliem o sofrimento coletivo\u201d, defende.<\/p>\n<p>Al\u00e9m de seu trabalho na ci\u00eancia, Margareth Dalcolmo exerce um papel central como divulgadora cient\u00edfica, promovendo a comunica\u00e7\u00e3o como um pilar democr\u00e1tico. Em suas entrevistas, refor\u00e7a que defender a ci\u00eancia \u00e9 defender a sociedade, pois cidad\u00e3os bem informados tomam decis\u00f5es mais conscientes e seguras.<\/p>\n<p><strong>Ou\u00e7a ao epis\u00f3dio completo!<\/strong><\/p>\n<p><iframe title=\"Spotify Embed: Defendendo a sa\u00fade e a democracia\" style=\"border-radius: 12px\" width=\"100%\" height=\"152\" frameborder=\"0\" allowfullscreen allow=\"autoplay; clipboard-write; encrypted-media; fullscreen; picture-in-picture\" loading=\"lazy\" src=\"https:\/\/open.spotify.com\/embed\/episode\/1koBZ3JTeOqoHLcE3kF9yg?si=a92d158303824c59&#038;utm_source=oembed\"><\/iframe><\/p>\n<p><em>\u00a0<\/em><\/p>\n<p>&nbsp;<\/p>\n","protected":false},"excerpt":{"rendered":"Margareth Dalcolmo, pesquisadora da Fiocruz, defende a informa\u00e7\u00e3o para proteger o bem-estar&hellip;\n","protected":false},"author":19,"featured_media":7716,"comment_status":"open","ping_status":"open","sticky":false,"template":"","format":"standard","meta":[],"categories":[4],"tags":[],"acf":[],"_links":{"self":[{"href":"https:\/\/revistacienciaecultura.org.br\/index.php?rest_route=\/wp\/v2\/posts\/7715"}],"collection":[{"href":"https:\/\/revistacienciaecultura.org.br\/index.php?rest_route=\/wp\/v2\/posts"}],"about":[{"href":"https:\/\/revistacienciaecultura.org.br\/index.php?rest_route=\/wp\/v2\/types\/post"}],"author":[{"embeddable":true,"href":"https:\/\/revistacienciaecultura.org.br\/index.php?rest_route=\/wp\/v2\/users\/19"}],"replies":[{"embeddable":true,"href":"https:\/\/revistacienciaecultura.org.br\/index.php?rest_route=%2Fwp%2Fv2%2Fcomments&post=7715"}],"version-history":[{"count":1,"href":"https:\/\/revistacienciaecultura.org.br\/index.php?rest_route=\/wp\/v2\/posts\/7715\/revisions"}],"predecessor-version":[{"id":7717,"href":"https:\/\/revistacienciaecultura.org.br\/index.php?rest_route=\/wp\/v2\/posts\/7715\/revisions\/7717"}],"wp:featuredmedia":[{"embeddable":true,"href":"https:\/\/revistacienciaecultura.org.br\/index.php?rest_route=\/wp\/v2\/media\/7716"}],"wp:attachment":[{"href":"https:\/\/revistacienciaecultura.org.br\/index.php?rest_route=%2Fwp%2Fv2%2Fmedia&parent=7715"}],"wp:term":[{"taxonomy":"category","embeddable":true,"href":"https:\/\/revistacienciaecultura.org.br\/index.php?rest_route=%2Fwp%2Fv2%2Fcategories&post=7715"},{"taxonomy":"post_tag","embeddable":true,"href":"https:\/\/revistacienciaecultura.org.br\/index.php?rest_route=%2Fwp%2Fv2%2Ftags&post=7715"}],"curies":[{"name":"wp","href":"https:\/\/api.w.org\/{rel}","templated":true}]}}