{"id":7738,"date":"2024-12-18T08:00:56","date_gmt":"2024-12-18T08:00:56","guid":{"rendered":"https:\/\/revistacienciaecultura.org.br\/?p=7738"},"modified":"2025-11-25T11:39:54","modified_gmt":"2025-11-25T11:39:54","slug":"a-luta-pela-verdade","status":"publish","type":"post","link":"https:\/\/revistacienciaecultura.org.br\/?p=7738","title":{"rendered":"A luta pela verdade"},"content":{"rendered":"<h4 id=\"eugenio-bucci-professor-da-eca-usp-defende-o-jornalismo-etico-e-plural-para-proteger-a-democracia-em-video-especial-da-ciencia-cultura\"><span style=\"color: #808080;\">Eug\u00eanio Bucci, professor da ECA-USP, defende o jornalismo \u00e9tico e plural para proteger a democracia em v\u00eddeo especial da Ci\u00eancia &amp; Cultura <\/span><\/h4>\n<p><em>\u00a0<\/em><\/p>\n<p>\u201cDesinforma\u00e7\u00e3o, Democracia e Autoritarismo\u201d. Esse \u00e9 o tema da edi\u00e7\u00e3o especial da revista <a href=\"https:\/\/revistacienciaecultura.org.br\/\"><strong><span style=\"color: #800000;\">Ci\u00eancia &amp; Cultura<\/span><\/strong><\/a>, em que o professor da USP e presidente da Sociedade Brasileira para o Progresso da Ci\u00eancia (SBPC), Renato Janine Ribeiro, conduz entrevistas que destacam o impacto da comunica\u00e7\u00e3o na defesa da democracia. Especialistas como Eug\u00eanio Bucci, professor da ECA-USP, alertam para os perigos da desinforma\u00e7\u00e3o, que fragmenta a sociedade e amea\u00e7a o bem-estar coletivo.<\/p>\n<p>Segundo Eug\u00eanio Bucci, uma comunica\u00e7\u00e3o de qualidade, \u00e9tica e plural \u00e9 essencial para sustentar o di\u00e1logo p\u00fablico e a conviv\u00eancia pac\u00edfica, resgatando o papel do jornalismo na media\u00e7\u00e3o de conflitos e na promo\u00e7\u00e3o da verdade. Ele enfatiza que a desinforma\u00e7\u00e3o n\u00e3o apenas prejudica a compreens\u00e3o dos fatos, mas compromete a sa\u00fade emocional e social da popula\u00e7\u00e3o, ao alimentar polariza\u00e7\u00f5es extremas e sentimentos de inseguran\u00e7a. Ainda, defende que o jornalismo, quando fundamentado em evid\u00eancias cient\u00edficas e comprometido com a pluralidade, pode atuar como um ant\u00eddoto contra o avan\u00e7o de regimes autorit\u00e1rios. \u201cA democracia exige uma comunica\u00e7\u00e3o \u00e9tica e confi\u00e1vel, que priorize o bem-estar coletivo e proteja a integridade das institui\u00e7\u00f5es democr\u00e1ticas\u201d, afirma. Nesse contexto, a m\u00eddia tradicional tem um papel crucial em oferecer informa\u00e7\u00f5es verificadas e em construir pontes entre diferentes vis\u00f5es de mundo.<\/p>\n<p>Para Eug\u00eanio Bucci, o enfrentamento \u00e0 desinforma\u00e7\u00e3o \u00e9 uma quest\u00e3o de sa\u00fade democr\u00e1tica e social. A comunica\u00e7\u00e3o plural, capaz de engajar diferentes perspectivas e sustentar o debate p\u00fablico de forma \u00e9tica, \u00e9 indispens\u00e1vel para garantir o equil\u00edbrio entre os direitos e deveres dos cidad\u00e3os. Em tempos de manipula\u00e7\u00e3o e discursos de \u00f3dio, preservar a liberdade de imprensa e fortalecer a confian\u00e7a no jornalismo respons\u00e1vel s\u00e3o a\u00e7\u00f5es fundamentais para proteger tanto a democracia quanto o bem-estar da popula\u00e7\u00e3o. \u201cA incapacidade de diferenciar fatos de opini\u00f5es compromete o funcionamento democr\u00e1tico. Quando fatos objetivos, como o aquecimento global ou pandemias, s\u00e3o tratados como narrativas, a pol\u00edtica degenera em fanatismo\u201d, afirma.<\/p>\n<p><strong>Assista ao v\u00eddeo completo!<\/strong><\/p>\n<p><iframe loading=\"lazy\" title=\"A luta pela verdade\" width=\"1200\" height=\"900\" src=\"https:\/\/www.youtube.com\/embed\/guvVyjZK2x0?feature=oembed\" frameborder=\"0\" allow=\"accelerometer; autoplay; clipboard-write; encrypted-media; gyroscope; picture-in-picture; web-share\" referrerpolicy=\"strict-origin-when-cross-origin\" allowfullscreen><\/iframe><\/p>\n","protected":false},"excerpt":{"rendered":"Eug\u00eanio Bucci, professor da ECA-USP, defende o jornalismo \u00e9tico e plural para&hellip;\n","protected":false},"author":19,"featured_media":7739,"comment_status":"open","ping_status":"open","sticky":false,"template":"","format":"standard","meta":[],"categories":[864,5],"tags":[],"acf":[],"_links":{"self":[{"href":"https:\/\/revistacienciaecultura.org.br\/index.php?rest_route=\/wp\/v2\/posts\/7738"}],"collection":[{"href":"https:\/\/revistacienciaecultura.org.br\/index.php?rest_route=\/wp\/v2\/posts"}],"about":[{"href":"https:\/\/revistacienciaecultura.org.br\/index.php?rest_route=\/wp\/v2\/types\/post"}],"author":[{"embeddable":true,"href":"https:\/\/revistacienciaecultura.org.br\/index.php?rest_route=\/wp\/v2\/users\/19"}],"replies":[{"embeddable":true,"href":"https:\/\/revistacienciaecultura.org.br\/index.php?rest_route=%2Fwp%2Fv2%2Fcomments&post=7738"}],"version-history":[{"count":2,"href":"https:\/\/revistacienciaecultura.org.br\/index.php?rest_route=\/wp\/v2\/posts\/7738\/revisions"}],"predecessor-version":[{"id":7741,"href":"https:\/\/revistacienciaecultura.org.br\/index.php?rest_route=\/wp\/v2\/posts\/7738\/revisions\/7741"}],"wp:featuredmedia":[{"embeddable":true,"href":"https:\/\/revistacienciaecultura.org.br\/index.php?rest_route=\/wp\/v2\/media\/7739"}],"wp:attachment":[{"href":"https:\/\/revistacienciaecultura.org.br\/index.php?rest_route=%2Fwp%2Fv2%2Fmedia&parent=7738"}],"wp:term":[{"taxonomy":"category","embeddable":true,"href":"https:\/\/revistacienciaecultura.org.br\/index.php?rest_route=%2Fwp%2Fv2%2Fcategories&post=7738"},{"taxonomy":"post_tag","embeddable":true,"href":"https:\/\/revistacienciaecultura.org.br\/index.php?rest_route=%2Fwp%2Fv2%2Ftags&post=7738"}],"curies":[{"name":"wp","href":"https:\/\/api.w.org\/{rel}","templated":true}]}}