{"id":7757,"date":"2024-12-18T08:05:00","date_gmt":"2024-12-18T08:05:00","guid":{"rendered":"https:\/\/revistacienciaecultura.org.br\/?p=7757"},"modified":"2024-12-26T12:16:12","modified_gmt":"2024-12-26T12:16:12","slug":"a-ciencia-na-defesa-da-saude-e-da-democracia","status":"publish","type":"post","link":"https:\/\/revistacienciaecultura.org.br\/?p=7757","title":{"rendered":"A ci\u00eancia na defesa da sa\u00fade e da democracia"},"content":{"rendered":"<h4 id=\"margareth-dalcolmo-pesquisadora-da-fiocruz-defende-a-informacao-para-proteger-o-bem-estar-social-e-a-democracia-em-video-especial-da-edicao-da-ciencia-cultura\"><span style=\"color: #808080;\">Margareth Dalcolmo, pesquisadora da Fiocruz, defende a informa\u00e7\u00e3o para proteger o bem-estar social e a democracia em v\u00eddeo especial da edi\u00e7\u00e3o da Ci\u00eancia &amp; Cultura<\/span><\/h4>\n<p>&nbsp;<\/p>\n<p>A comunica\u00e7\u00e3o de qualidade \u00e9 um pilar essencial para a sa\u00fade p\u00fablica, especialmente em tempos de crise e prolifera\u00e7\u00e3o de desinforma\u00e7\u00e3o. Na edi\u00e7\u00e3o especial da revista <span style=\"color: #800000;\"><a style=\"color: #800000;\" href=\"https:\/\/revistacienciaecultura.org.br\/\"><strong>Ci\u00eancia &amp; Cultura<\/strong><\/a><\/span>, dedicada ao tema \u201cDesinforma\u00e7\u00e3o, Democracia e Autoritarismo\u201d, a pesquisadora Margareth Dalcolmo, da Fiocruz, refor\u00e7a que a dissemina\u00e7\u00e3o de not\u00edcias falsas n\u00e3o apenas prejudica a\u00e7\u00f5es de sa\u00fade, como campanhas de vacina\u00e7\u00e3o, mas tamb\u00e9m mina a confian\u00e7a da popula\u00e7\u00e3o nas institui\u00e7\u00f5es e na ci\u00eancia. Para ela, a sa\u00fade p\u00fablica depende diretamente de informa\u00e7\u00f5es embasadas, capazes de orientar decis\u00f5es conscientes e proteger o bem-estar coletivo.<\/p>\n<p>O negacionismo na sa\u00fade, segundo Margareth Dalcolmo, \u00e9 uma das maiores amea\u00e7as \u00e0 democracia e \u00e0 seguran\u00e7a da popula\u00e7\u00e3o. Movimentos contr\u00e1rios \u00e0 vacina\u00e7\u00e3o e \u00e0 ado\u00e7\u00e3o de medidas sanit\u00e1rias b\u00e1sicas comprometem conquistas cient\u00edficas hist\u00f3ricas e deixam comunidades mais vulner\u00e1veis a doen\u00e7as preven\u00edveis. Al\u00e9m dos impactos diretos na sa\u00fade, essas campanhas desinformativas ampliam divis\u00f5es sociais, alimentam discursos anti\u00e9ticos e enfraquecem o senso de responsabilidade coletiva, essencial para enfrentar desafios sanit\u00e1rios e proteger direitos fundamentais. \u201cExiste todo um esquema montado para lucrar com desinforma\u00e7\u00e3o \u2013 um verdadeiro \u2018algoritmo do mal\u2019\u201d, alerta.<\/p>\n<p>Para combater esse cen\u00e1rio, Margareth Dalcolmo defende a comunica\u00e7\u00e3o cient\u00edfica como uma ferramenta indispens\u00e1vel. A clareza, a acessibilidade e a fundamenta\u00e7\u00e3o \u00e9tica na transmiss\u00e3o de informa\u00e7\u00f5es s\u00e3o, segundo ela, estrat\u00e9gias cruciais para barrar o avan\u00e7o da desinforma\u00e7\u00e3o. Ao promover uma educa\u00e7\u00e3o voltada para a ci\u00eancia e o bem-estar social, a pesquisadora enfatiza que a prote\u00e7\u00e3o da sa\u00fade p\u00fablica est\u00e1 profundamente conectada \u00e0 defesa da democracia e \u00e0 preserva\u00e7\u00e3o de uma sociedade mais justa e informada.<\/p>\n<p><strong>Assista ao v\u00eddeo completo!<\/strong><\/p>\n<p><iframe loading=\"lazy\" title=\"A ci\u00eancia na defesa da sa\u00fade e da democracia\" width=\"1200\" height=\"900\" src=\"https:\/\/www.youtube.com\/embed\/sr5giSzKx1E?feature=oembed\" frameborder=\"0\" allow=\"accelerometer; autoplay; clipboard-write; encrypted-media; gyroscope; picture-in-picture; web-share\" referrerpolicy=\"strict-origin-when-cross-origin\" allowfullscreen><\/iframe><\/p>\n","protected":false},"excerpt":{"rendered":"Margareth Dalcolmo, pesquisadora da Fiocruz, defende a informa\u00e7\u00e3o para proteger o bem-estar&hellip;\n","protected":false},"author":19,"featured_media":7758,"comment_status":"open","ping_status":"open","sticky":false,"template":"","format":"standard","meta":[],"categories":[5],"tags":[],"acf":[],"_links":{"self":[{"href":"https:\/\/revistacienciaecultura.org.br\/index.php?rest_route=\/wp\/v2\/posts\/7757"}],"collection":[{"href":"https:\/\/revistacienciaecultura.org.br\/index.php?rest_route=\/wp\/v2\/posts"}],"about":[{"href":"https:\/\/revistacienciaecultura.org.br\/index.php?rest_route=\/wp\/v2\/types\/post"}],"author":[{"embeddable":true,"href":"https:\/\/revistacienciaecultura.org.br\/index.php?rest_route=\/wp\/v2\/users\/19"}],"replies":[{"embeddable":true,"href":"https:\/\/revistacienciaecultura.org.br\/index.php?rest_route=%2Fwp%2Fv2%2Fcomments&post=7757"}],"version-history":[{"count":1,"href":"https:\/\/revistacienciaecultura.org.br\/index.php?rest_route=\/wp\/v2\/posts\/7757\/revisions"}],"predecessor-version":[{"id":7759,"href":"https:\/\/revistacienciaecultura.org.br\/index.php?rest_route=\/wp\/v2\/posts\/7757\/revisions\/7759"}],"wp:featuredmedia":[{"embeddable":true,"href":"https:\/\/revistacienciaecultura.org.br\/index.php?rest_route=\/wp\/v2\/media\/7758"}],"wp:attachment":[{"href":"https:\/\/revistacienciaecultura.org.br\/index.php?rest_route=%2Fwp%2Fv2%2Fmedia&parent=7757"}],"wp:term":[{"taxonomy":"category","embeddable":true,"href":"https:\/\/revistacienciaecultura.org.br\/index.php?rest_route=%2Fwp%2Fv2%2Fcategories&post=7757"},{"taxonomy":"post_tag","embeddable":true,"href":"https:\/\/revistacienciaecultura.org.br\/index.php?rest_route=%2Fwp%2Fv2%2Ftags&post=7757"}],"curies":[{"name":"wp","href":"https:\/\/api.w.org\/{rel}","templated":true}]}}