{"id":7763,"date":"2024-12-18T07:55:13","date_gmt":"2024-12-18T07:55:13","guid":{"rendered":"https:\/\/revistacienciaecultura.org.br\/?p=7763"},"modified":"2025-01-06T12:21:32","modified_gmt":"2025-01-06T12:21:32","slug":"comunicacao-e-democracia-em-tempos-de-extremismo","status":"publish","type":"post","link":"https:\/\/revistacienciaecultura.org.br\/?p=7763","title":{"rendered":"Comunica\u00e7\u00e3o e democracia em tempos de extremismo"},"content":{"rendered":"<h4 id=\"wilson-gomes-professor-da-ufba-discute-o-papel-estrategico-da-comunicacao-no-combate-a-desinformacao-em-video-especial-da-ciencia-cultura\"><span style=\"color: #808080;\">Wilson Gomes, professor da UFBA, discute o papel estrat\u00e9gico da comunica\u00e7\u00e3o no combate \u00e0 desinforma\u00e7\u00e3o em v\u00eddeo especial da Ci\u00eancia &amp; Cultura <\/span><\/h4>\n<p><em>\u00a0<\/em><\/p>\n<p>Wilson Gomes, professor titular da Universidade Federal da Bahia (UFBA) e coordenador do Instituto Nacional de Ci\u00eancia e Tecnologia em Democracia Digital (INCT-DD), tem se destacado pela an\u00e1lise cr\u00edtica da comunica\u00e7\u00e3o no combate \u00e0 desinforma\u00e7\u00e3o e ao autoritarismo. Em uma s\u00e9rie de entrevistas conduzidas por Renato Janine Ribeiro para a edi\u00e7\u00e3o especial da revista <span style=\"color: #800000;\"><a style=\"color: #800000;\" href=\"https:\/\/revistacienciaecultura.org.br\/\"><strong>Ci\u00eancia &amp; Cultura<\/strong><\/a> <\/span>sobre \u201cDesinforma\u00e7\u00e3o, Democracia e Autoritarismo\u201d, o pesquisador ressalta a import\u00e2ncia de um jornalismo \u00e9tico e baseado em dados para preservar a democracia e proteger o bem-estar da popula\u00e7\u00e3o. Ele defende que, em um cen\u00e1rio marcado pela polariza\u00e7\u00e3o e pelo avan\u00e7o das fake news, a comunica\u00e7\u00e3o de qualidade \u00e9 a principal ferramenta para garantir a confian\u00e7a p\u00fablica nas institui\u00e7\u00f5es e evitar retrocessos democr\u00e1ticos.<\/p>\n<p>A desinforma\u00e7\u00e3o, amplificada pelas redes sociais, amea\u00e7a a conviv\u00eancia democr\u00e1tica ao alimentar extremismos e minar a capacidade de di\u00e1logo entre diferentes setores da sociedade. Wilson Gomes destaca que o jornalismo de qualidade, comprometido com a verdade e com a \u00e9tica, \u00e9 essencial para enfrentar esse cen\u00e1rio. Para ele, al\u00e9m de iniciativas de verifica\u00e7\u00e3o de fatos, \u00e9 necess\u00e1rio um investimento cont\u00ednuo na forma\u00e7\u00e3o de uma popula\u00e7\u00e3o mais cr\u00edtica, capaz de distinguir informa\u00e7\u00f5es confi\u00e1veis das narrativas falsas que circulam nas plataformas digitais. A educa\u00e7\u00e3o midi\u00e1tica, segundo o pesquisador, \u00e9 fundamental para que os cidad\u00e3os possam tomar decis\u00f5es informadas e contribuir para a constru\u00e7\u00e3o de um debate p\u00fablico saud\u00e1vel e plural.<\/p>\n<p>Wilson Gomes tamb\u00e9m aponta para a interse\u00e7\u00e3o entre jornalismo, ci\u00eancia e arte como uma poderosa ferramenta de mobiliza\u00e7\u00e3o e sensibiliza\u00e7\u00e3o social. Ao unir essas \u00e1reas, \u00e9 poss\u00edvel criar novas narrativas que conectem diferentes camadas da sociedade e favore\u00e7am a reflex\u00e3o coletiva. Em tempos de crise, ele acredita que a comunica\u00e7\u00e3o n\u00e3o \u00e9 apenas um mecanismo t\u00e9cnico, mas uma estrat\u00e9gia vital para a defesa da democracia e do bem-estar social. \u201cO di\u00e1logo foi substitu\u00eddo por confrontos, e a democracia, que deveria promover o pluralismo, est\u00e1 amea\u00e7ada\u201d, pontua. Seu trabalho refor\u00e7a a necessidade de um esfor\u00e7o conjunto para combater a desinforma\u00e7\u00e3o, fortalecer a confian\u00e7a p\u00fablica nas fontes de informa\u00e7\u00e3o e garantir que todos os cidad\u00e3os tenham acesso a um jornalismo que promova a verdade, a justi\u00e7a e a equidade social.<\/p>\n<p><strong>Assista ao v\u00eddeo completo!<\/strong><\/p>\n<p><iframe loading=\"lazy\" title=\"Comunica\u00e7\u00e3o e democracia em tempos de extremismo\" width=\"1200\" height=\"900\" src=\"https:\/\/www.youtube.com\/embed\/EHC8wHiQuU0?feature=oembed\" frameborder=\"0\" allow=\"accelerometer; autoplay; clipboard-write; encrypted-media; gyroscope; picture-in-picture; web-share\" referrerpolicy=\"strict-origin-when-cross-origin\" allowfullscreen><\/iframe><\/p>\n<p>&nbsp;<\/p>\n<p>&nbsp;<\/p>\n","protected":false},"excerpt":{"rendered":"Wilson Gomes, professor da UFBA, discute o papel estrat\u00e9gico da comunica\u00e7\u00e3o no&hellip;\n","protected":false},"author":19,"featured_media":7764,"comment_status":"open","ping_status":"open","sticky":false,"template":"","format":"standard","meta":[],"categories":[5],"tags":[],"acf":[],"_links":{"self":[{"href":"https:\/\/revistacienciaecultura.org.br\/index.php?rest_route=\/wp\/v2\/posts\/7763"}],"collection":[{"href":"https:\/\/revistacienciaecultura.org.br\/index.php?rest_route=\/wp\/v2\/posts"}],"about":[{"href":"https:\/\/revistacienciaecultura.org.br\/index.php?rest_route=\/wp\/v2\/types\/post"}],"author":[{"embeddable":true,"href":"https:\/\/revistacienciaecultura.org.br\/index.php?rest_route=\/wp\/v2\/users\/19"}],"replies":[{"embeddable":true,"href":"https:\/\/revistacienciaecultura.org.br\/index.php?rest_route=%2Fwp%2Fv2%2Fcomments&post=7763"}],"version-history":[{"count":2,"href":"https:\/\/revistacienciaecultura.org.br\/index.php?rest_route=\/wp\/v2\/posts\/7763\/revisions"}],"predecessor-version":[{"id":7769,"href":"https:\/\/revistacienciaecultura.org.br\/index.php?rest_route=\/wp\/v2\/posts\/7763\/revisions\/7769"}],"wp:featuredmedia":[{"embeddable":true,"href":"https:\/\/revistacienciaecultura.org.br\/index.php?rest_route=\/wp\/v2\/media\/7764"}],"wp:attachment":[{"href":"https:\/\/revistacienciaecultura.org.br\/index.php?rest_route=%2Fwp%2Fv2%2Fmedia&parent=7763"}],"wp:term":[{"taxonomy":"category","embeddable":true,"href":"https:\/\/revistacienciaecultura.org.br\/index.php?rest_route=%2Fwp%2Fv2%2Fcategories&post=7763"},{"taxonomy":"post_tag","embeddable":true,"href":"https:\/\/revistacienciaecultura.org.br\/index.php?rest_route=%2Fwp%2Fv2%2Ftags&post=7763"}],"curies":[{"name":"wp","href":"https:\/\/api.w.org\/{rel}","templated":true}]}}