{"id":7770,"date":"2025-01-07T07:30:49","date_gmt":"2025-01-07T07:30:49","guid":{"rendered":"https:\/\/revistacienciaecultura.org.br\/?p=7770"},"modified":"2025-01-06T18:26:34","modified_gmt":"2025-01-06T18:26:34","slug":"inscricoes-para-os-cursos-online-da-sbpc-se-encerram-em-fevereiro","status":"publish","type":"post","link":"https:\/\/revistacienciaecultura.org.br\/?p=7770","title":{"rendered":"Inscri\u00e7\u00f5es para os cursos online da SBPC se encerram em fevereiro"},"content":{"rendered":"<h4 id=\"sao-36-webminicursos-ofertados-em-diversas-areas-do-conhecimento-com-direito-a-certificado-de-participacao\"><span style=\"color: #808080;\">S\u00e3o 36 webminicursos ofertados em diversas \u00e1reas do conhecimento, com direito a certificado de participa\u00e7\u00e3o<\/span><\/h4>\n<p>&nbsp;<\/p>\n<p>Est\u00e3o abertas as matr\u00edculas para os webminicursos oferecidos pela Sociedade Brasileira para o Progresso da Ci\u00eancia (SBPC) por meio de sua plataforma de cursos online (<span style=\"color: #800000;\"><strong><a style=\"color: #800000;\" href=\"https:\/\/cursos.sbpcnet.org.br\/\">cursos.sbpcnet.org.br<\/a><\/strong><\/span>). Ao todo, s\u00e3o disponibilizados\u00a0<strong>36 webminicursos<\/strong>\u00a0abrangendo diversas \u00e1reas do conhecimento e temas contempor\u00e2neos, ministrados por professores de institui\u00e7\u00f5es renomadas do Brasil. Os webminicursos s\u00e3o relan\u00e7amentos de alguns que j\u00e1 foram veiculados em Reuni\u00f5es Anuais da SBPC e que tiveram grande procura do p\u00fablico.<\/p>\n<p>Cada webminicurso tem\u00a0<strong>dura\u00e7\u00e3o de quatro ou seis horas<\/strong>, com aulas previamente gravadas, permitindo que os inscritos possam assistir online no momento mais conveniente e quantas vezes desejarem. A modalidade virtual possibilita a participa\u00e7\u00e3o de interessados de\u00a0<strong>qualquer local do Brasil ou do exterior.<\/strong><\/p>\n<p>A taxa de matr\u00edcula para cada webminicurso \u00e9 R$ 30,00 para s\u00f3cio quite da SBPC e R$ 50,00 para n\u00e3o s\u00f3cio.<\/p>\n<p>Novos(as) S\u00f3cios(as) da SBPC ganham um webminicurso gratuito em seu primeiro ano de filia\u00e7\u00e3o.<\/p>\n<p>As inscri\u00e7\u00f5es para o ciclo vigente podem ser feitas at\u00e9 24\/02\/2025 e o prazo para assistir as aulas online \u00e9 at\u00e9 28\/02\/2025.<\/p>\n<p>No site\u00a0<span style=\"color: #800000;\"><strong><a style=\"color: #800000;\" href=\"https:\/\/cursos.sbpcnet.org.br\/\" target=\"_blank\" rel=\"noopener\">https:\/\/cursos.sbpcnet.org.br\/<\/a>\u00a0<\/strong><\/span>est\u00e3o dispon\u00edveis a lista dos webminicursos com as\u00a0<strong>ementas<\/strong>\u00a0e o\u00a0<strong>p\u00fablico-alvo<\/strong>\u00a0de cada oferta, al\u00e9m das normas e o acesso para a matr\u00edcula.<\/p>\n<p><strong>Lista de webminicursos<\/strong><\/p>\n<p><strong>WMC2-27: APLICA\u00c7\u00d5ES DA ENERGIA NUCLEAR NA SA\u00daDE. Ministrante:<\/strong>\u00a0Silvia Maria Velasques de Oliveira (CNEN).<\/p>\n<p><strong>WMC6-57: MATEM\u00c1TICA E REALIDADE ESPACIAL: RUPTURAS E APROXIMA\u00c7\u00d5ES DE EUCLIDES A HILBERT. Ministrantes:<\/strong>\u00a0Le\u00f4nia Gabardo Negrelli (UTFPR) e Jos\u00e9 Carlos Cifuentes (UFPR).<\/p>\n<p><strong>WMC6-60: COMO A EXPRESS\u00c3O DE SEUS GENES \u00c9 REGULADA? Ministrante:<\/strong>\u00a0Ana Maria Bonetti (SBPC\/UFU).<\/p>\n<p><strong>WMC6-61: PR\u00c1TICAS CORPORAIS E SA\u00daDE MENTAL. Ministrantes:<\/strong>\u00a0Heitor Martins Pasquim (UNIFESP), Felipe Wachs (UNIFESP) e Sanderson Soares Silva (UFNT).<\/p>\n<p><strong>WMC6-63: CONSTITUCIONALISMO FEMINISTA E A DEMOCRATIZA\u00c7\u00c3O DO ENSINO JUR\u00cdDICO. Ministrantes:<\/strong>\u00a0Ana Cl\u00e1udia Milani e Silva (UFPR), Emmanuella Magro Denora (UFPR) e F\u00e1bio Rezende Braga (UFPR).<\/p>\n<p><strong>WMC6-64: FUNDAMENTOS DA CI\u00caNCIA ABERTA PARA UMA COMUNICA\u00c7\u00c3O CIDAD\u00c3. Ministrantes:<\/strong>\u00a0Rodrigo Arantes Reis (UFPR), Anabela Maria Gradim Alves (UBI) e Regiane Regina Ribeiro (UFPR).<\/p>\n<p><strong>WMC6-65: MAPEANDO CONFLITOS AMBIENTAIS EM BUSCA DOS ODS. Ministrantes:<\/strong>\u00a0Sandra Dalila Corbari (UEPG), Paula Turra Grechinski (Unicentro) e Patr\u00edcia Denkewicz (UNESP-Rosana).<\/p>\n<p><strong>WMC6-69: TR\u00caS VIS\u00d5ES DE MUNDO QUE REVOLUCIONARAM A CI\u00caNCIA: KEPLER, DESCARTES E NEWTON. Ministrantes:<\/strong>\u00a0Claudemir Roque Tossato (UNIFESP), Paulo Tadeu da Silva (UFABC) e Eduardo Salles de Oliveira Barra (UFPR).<\/p>\n<p><strong>WMC6-70: WALKING ETHNOGRAPHY NA EDUCA\u00c7\u00c3O AMBIENTAL PARA PENSAR NOVOS MUNDOS NO CAPITALOCENO. Ministrantes:<\/strong>\u00a0Val\u00e9ria Ghisloti Iared (UFPR), S\u00f4nia Mara Samsel Geraldo (UFPR) e Helen Abdom Gomes (UFPR).<\/p>\n<p><strong>WMC6-71: PRECONCEITO DE CLASSE SOCIAL: UMA COMPREENS\u00c3O DE SUAS DIMENS\u00d5ES COGNITIVA, SOCIAL, AFETIVA E MORAL BASEADA EM EPISTEMOLOGIA GEN\u00c9TICA. Ministrante:<\/strong>\u00a0Carlos Eduardo de Souza Gon\u00e7alves (IFPR).<\/p>\n<p><strong>WMC6-72: O LUGAR DA PRODU\u00c7\u00c3O DO CONHECIMENTO FEMINISTA NA CI\u00caNCIA: TRANSVERSALIDADES, ASPECTOS SOCIOHIST\u00d3RICOS E DESAFIOS CONTEMPOR\u00c2NEOS. Ministrantes:<\/strong>\u00a0Marlene Tamanini (UFPR), Henrique da Costa Valerio Quagliato (UFPR) e F\u00e1bio Augusto de Souza (UFPR).<\/p>\n<p><strong>WMC6-73: VOCABUL\u00c1RIO POL\u00cdTICO: OLHARES SOBRE O POL\u00cdTICO DA ANTIGUIDADE \u00c0 CONTEMPORANEIDADE. Ministrantes:<\/strong>\u00a0Priscilla Gontijo Leite (UFPB) e Igor Barbosa Cardoso (UFMG).<\/p>\n<p><strong>WMC6-74: EDUCA\u00c7\u00c3O TECNOL\u00d3GICA E FILOSOFIA DA TECNOLOGIA: ABRIR OU N\u00c3O ABRIR A \u201cCAIXA-PRETA\u201d DOS ARTEFATOS? Ministrantes:<\/strong>\u00a0Alex Calazans (UTFPR) e Veronica Bahr Calazans (UTFPR).<\/p>\n<p><strong>WMC6-75: A DIVULGA\u00c7\u00c3O CIENT\u00cdFICA COMO FERRAMENTA PARA A CONSTRU\u00c7\u00c3O DO PENSAMENTO CR\u00cdTICO. Ministrantes:<\/strong>\u00a0Talita Ferreira Marques Aguiar (Columbia Univ), Andreia Juliana Rodrigues Caldeira (UEG) e Luciana Schleder Gon\u00e7alves (UFPR).<\/p>\n<p><strong>WMC7-78: SANEAMENTO, SUSTENTABILIDADE, INCLUS\u00c3O SOCIAL E PROMO\u00c7\u00c3O DA SA\u00daDE: UMA COMBINA\u00c7\u00c3O NECESS\u00c1RIA NA AMAZ\u00d4NIA. Ministrantes:<\/strong>\u00a0Cezarina Maria Nobre Souza (IFPA), Vania Neu (UFRA) e Eliana Souza Machado Schuber (IFPA).<\/p>\n<p><strong>WMC7-79: REDESENHO DA PAISAGEM RURAL: SISTEMAS AGROFLORESTAIS COMO ALTERNATIVA PARA A READEQUA\u00c7\u00c3O AMBIENTAL. Ministrantes:<\/strong>\u00a0Rosana Quaresma Maneschy (UFPA), Maria do Socorro Almeida Flores (UFPA) e Daniel Araujo Sombra Soares (UFPA).<\/p>\n<p><strong>WMC7-80: CULTIVO DO CAMAR\u00c3O-DA-AMAZ\u00d4NIA MACROBRACHIUM AMAZONICUM: POTENCIAL DE DESENVOLVIMENTO DA CARCINICULTURA NA AMAZ\u00d4NIA. Ministrantes:<\/strong>\u00a0Manoel Alessandro Borges de Aviz (IFPA), Manoel Luciano de Aviz Quadros (IFPA) e Luciano Domingues Queiroz (IFPA).<\/p>\n<p><strong>WMC7-81: DIREITO DO CONSUMIDOR E SEGURAN\u00c7A DIGITAL. Ministrantes:<\/strong>\u00a0Dennis Verbicaro Soares (UFPA), Jana\u00edna Vieira Homci (UFPA) e Hugo Jos\u00e9 de Oliveira Agrassar (UFPA).<\/p>\n<p><strong>WMC7-82: BASES E AN\u00c1LISE DE DADOS PARA POL\u00cdTICAS P\u00daBLICAS. Ministrantes:<\/strong>\u00a0Carlos Eduardo Martins (UFPA) e Jos\u00e9 Raimundo Barreto Trindade (UFPA).<\/p>\n<p><strong>WMC7-83: MORFOLOGIA URBANA DAS CIDADES AMAZ\u00d4NICAS. Ministrantes:<\/strong>\u00a0Jos\u00e9 J\u00falio Ferreira Lima (UFPA), Alberto Patrick Cassiano Lima (UFPA) e Roberta Menezes Rodrigues (UFPA).<\/p>\n<p><strong>WMC7-84: COMUNICA\u00c7\u00c3O AUDIOVISUAL: USANDO AS REDES SOCIAIS COMO FERRAMENTAS PARA O ENGAJAMENTO SUSTENT\u00c1VEL E INCLUSIVO. Ministrantes:<\/strong>\u00a0Anderson Brito da Silva (UFPA), M\u00f4nica de Souza Figueiredo (UFPA) e Layane Aviz dos Reis (UFPA).<\/p>\n<p><strong>WMC7-85: O PAPEL DAS GOVERNAN\u00c7AS LOCAIS DE POVOS TRADICIONAIS DA AMAZ\u00d4NIA PARAENSE NO PER\u00cdODO DA PANDEMIA DA COVID-19. Ministrante:<\/strong>\u00a0Luciana Otoni de Souza (UFPA).<\/p>\n<p><strong>WMC7-86: TURISMO SUSTENT\u00c1VEL E MUDAN\u00c7AS CLIM\u00c1TICAS NA AMAZ\u00d4NIA. Ministrantes:<\/strong>\u00a0Silvia Helena Ribeiro Cruz (UFPA) e Susy Rodrigues Simonetti (UEA).<\/p>\n<p><strong>WMC7-87: ESTADO LAICO NA PR\u00c1TICA: DIREITO, SA\u00daDE E EDUCA\u00c7\u00c3O. Ministrantes:<\/strong>\u00a0S\u00e9rgio Rego (FIOCRUZ), Maria Cecilia Pedreira de Almeida (UnB) e Sandra L\u00facia Escovedo Selles (UFF).<\/p>\n<p><strong>WMC7-88: RELA\u00c7\u00d5ES HOMEM-NATUREZA. Ministrantes:<\/strong>\u00a0Renato Janine Ribeiro (SBPC\/USP), Fernanda Ant\u00f4nia da Fonseca Sobral (SBPC\/UnB) e Juremir Machado da Silva (PUCRS).<\/p>\n<p><strong>WMC7-89: INOVA\u00c7\u00d5ES EM CI\u00caNCIAS SOCIAIS NA EDUCA\u00c7\u00c3O ESCOLAR: OS NEXOS CONTEMPOR\u00c2NEOS ENTRE FORMA\u00c7\u00c3O DOCENTE E PR\u00c1TICA DE ENSINO. Ministrantes:<\/strong>\u00a0Marili Peres Junqueira (UFU), Thiago Ingrassia Pereira (UFFS) e Elias Gomes (UFMG).<\/p>\n<p><strong>WMC7-90: O PENSAMENTO SOCIAL DE L\u00c9LIA GONZALEZ E O ENSINO DE SOCIOLOGIA. Ministrantes:<\/strong>\u00a0Rosana da Silva Pereira (UnB) e Welit\u00e2nia de Oliveira Rocha (UnB).<\/p>\n<p><strong>WMC7-91: INTRODU\u00c7\u00c3O A ARTE RUPESTRE BRASILEIRA. Ministrantes:<\/strong>\u00a0Fabiana Comerlato (UFRB), Carlos Alberto Santos Costa (UFRB) e Viviane da Silva Santos (UFRB).<\/p>\n<p><strong>WMC7-92: EXPERI\u00caNCIAS DE PATRIMONIALIZA\u00c7\u00c3O NA AMAZ\u00d4NIA. Ministrantes:<\/strong>\u00a0\u00c9rico Silva Muniz (UFPA), D\u00e1rio Benedito Rodrigues (UFPA) e Sandreson Marcelo Pereira da Silva (UFPA).<\/p>\n<p><strong>WMC7-93: A INCLUS\u00c3O DA EPILEPSIA NO CONTEXTO AMAZ\u00d4NICO. Ministrantes:<\/strong>\u00a0Silene Maria Ara\u00fajo de Lima (UFPA), Soraia Val\u00e9ria de Oliveira Coelho Lameir\u00e3o (UFPA) e Valdete Leal de Oliveira (UFPA).<\/p>\n<p><strong>WMC7-94: INCLUS\u00c3O DE PESSOAS AUTISTAS NO CONTEXTO EDUCACIONAL DA AMAZ\u00d4NIA. Ministrante:<\/strong>\u00a0Valdete Leal de Oliveira (UFPA).<\/p>\n<p><strong>WMC7-95: ENEM E QU\u00cdMICA: MATRIZ DE REFER\u00caNCIA E MICRODADOS COMO INSTRUMENTOS POTENCIALIZADORES DO ENSINO. Ministrantes:<\/strong>\u00a0La\u00eds Concei\u00e7\u00e3o Tavares (IFPA) e Eduardo Bechara Filho (IFPA).<\/p>\n<p><strong>WMC7-96: O CLUBE DE CI\u00caNCIAS DA UFPA E O ENSINO DE CI\u00caNCIAS POR\/COM PESQUISA E G\u00caNEROS TEXTUAIS NA EDUCA\u00c7\u00c3O B\u00c1SICA: ASPECTOS TE\u00d3RICOS E PR\u00c1TICOS. Ministrantes:<\/strong>\u00a0J\u00f4natas Barros e Barros (UFPA), Lilian Cristina Barata Pereira Nascimento (UFPA) e Eduardo Paiva de Pontes Vieira (UFPA).<\/p>\n<p><strong>WMC7-97: POR OUTROS MODELOS DE FORMA\u00c7\u00c3O: A CURRICULARIZA\u00c7\u00c3O DA EXTENS\u00c3O UNIVERSIT\u00c1RIA E A CONSTRU\u00c7\u00c3O DE UNIVERSIDADES DEMOCR\u00c1TICAS. Ministrantes:<\/strong>\u00a0Raphael Carmesin Gomes (UFPA), Olinda Rodrigues da Silva (UFPA) e Carlos Alberto Batista Maciel (UFPA).<\/p>\n<p><strong>WMC7-98: CI\u00caNCIA ABERTA, INTELIG\u00caNCIA ARTIFICIAL: O QUE MUDA E O QUE N\u00c3O MUDA NA REDA\u00c7\u00c3O DO ARTIGO CIENT\u00cdFICO. Ministrantes:<\/strong>\u00a0Piotr Trzesniak (UFPE), Sigmar de Mello Rode (UNESP) e Germana Barata (UNICAMP).<\/p>\n<p><strong>WMC7-99: EXPERIMENTOS DE DEMONSTRA\u00c7\u00d5ES PARA O ENSINO DE CI\u00caNCIAS. Ministrante:<\/strong>\u00a0Claudio Hiroyuki Furukawa (USP).<\/p>\n<p>Acesse agora e participe!\u00a0<span style=\"color: #800000;\"><strong><a style=\"color: #800000;\" href=\"https:\/\/cursos.sbpcnet.org.br\/\" target=\"_blank\" rel=\"noopener\">https:\/\/cursos.sbpcnet.org.br\/<\/a><\/strong><\/span><\/p>\n<p><span style=\"color: #808080;\"><em>Jornal da Ci\u00eancia<\/em><\/span><\/p>\n","protected":false},"excerpt":{"rendered":"S\u00e3o 36 webminicursos ofertados em diversas \u00e1reas do conhecimento, com direito a&hellip;\n","protected":false},"author":19,"featured_media":1513,"comment_status":"open","ping_status":"open","sticky":false,"template":"","format":"standard","meta":[],"categories":[1,2],"tags":[],"acf":[],"_links":{"self":[{"href":"https:\/\/revistacienciaecultura.org.br\/index.php?rest_route=\/wp\/v2\/posts\/7770"}],"collection":[{"href":"https:\/\/revistacienciaecultura.org.br\/index.php?rest_route=\/wp\/v2\/posts"}],"about":[{"href":"https:\/\/revistacienciaecultura.org.br\/index.php?rest_route=\/wp\/v2\/types\/post"}],"author":[{"embeddable":true,"href":"https:\/\/revistacienciaecultura.org.br\/index.php?rest_route=\/wp\/v2\/users\/19"}],"replies":[{"embeddable":true,"href":"https:\/\/revistacienciaecultura.org.br\/index.php?rest_route=%2Fwp%2Fv2%2Fcomments&post=7770"}],"version-history":[{"count":2,"href":"https:\/\/revistacienciaecultura.org.br\/index.php?rest_route=\/wp\/v2\/posts\/7770\/revisions"}],"predecessor-version":[{"id":7772,"href":"https:\/\/revistacienciaecultura.org.br\/index.php?rest_route=\/wp\/v2\/posts\/7770\/revisions\/7772"}],"wp:featuredmedia":[{"embeddable":true,"href":"https:\/\/revistacienciaecultura.org.br\/index.php?rest_route=\/wp\/v2\/media\/1513"}],"wp:attachment":[{"href":"https:\/\/revistacienciaecultura.org.br\/index.php?rest_route=%2Fwp%2Fv2%2Fmedia&parent=7770"}],"wp:term":[{"taxonomy":"category","embeddable":true,"href":"https:\/\/revistacienciaecultura.org.br\/index.php?rest_route=%2Fwp%2Fv2%2Fcategories&post=7770"},{"taxonomy":"post_tag","embeddable":true,"href":"https:\/\/revistacienciaecultura.org.br\/index.php?rest_route=%2Fwp%2Fv2%2Ftags&post=7770"}],"curies":[{"name":"wp","href":"https:\/\/api.w.org\/{rel}","templated":true}]}}