{"id":7782,"date":"2025-01-14T07:30:27","date_gmt":"2025-01-14T07:30:27","guid":{"rendered":"https:\/\/revistacienciaecultura.org.br\/?p=7782"},"modified":"2025-01-13T17:55:29","modified_gmt":"2025-01-13T17:55:29","slug":"reuniao-regional-do-espirito-santo-tera-sessao-de-abertura-com-atividades-especiais","status":"publish","type":"post","link":"https:\/\/revistacienciaecultura.org.br\/?p=7782","title":{"rendered":"Reuni\u00e3o Regional do Esp\u00edrito Santo ter\u00e1 sess\u00e3o de abertura com atividades especiais"},"content":{"rendered":"<h4 id=\"evento-e-gratuito-e-segue-com-inscricoes-abertas\"><span style=\"color: #808080;\">Evento \u00e9 gratuito e segue com inscri\u00e7\u00f5es abertas<\/span><\/h4>\n<p>&nbsp;<\/p>\n<p>A sess\u00e3o de abertura da Reuni\u00e3o Regional da Sociedade Brasileira para o Progresso da Ci\u00eancia (SBPC) no Esp\u00edrito Santo, que ocorrer\u00e1 em 19 de fevereiro, incluir\u00e1 atividades especiais. A programa\u00e7\u00e3o destacar\u00e1 uma homenagem ao f\u00edsico Ennio Candotti, falecido em 6 de dezembro de 2023, e contar\u00e1 com uma confer\u00eancia do professor Paulo Artaxo, do Instituto de F\u00edsica da Universidade de S\u00e3o Paulo (IF-USP) e vice-presidente da SBPC, que ir\u00e1 discutir como construir uma sociedade sustent\u00e1vel. O evento ser\u00e1 realizado no Teatro da Ufes (Universidade Federal do Espirito Santo) e transmitido ao vivo pelo canal da SBPC no YouTube.<\/p>\n<p>Durante a homenagem, ser\u00e1 lan\u00e7ado um livro dedicado \u00e0 vida de Candotti, organizado por figuras importantes da hist\u00f3ria da SBPC e pelo Centro de Mem\u00f3ria Am\u00e9lia Imp\u00e9rio Hamburger (CMAIH), respons\u00e1vel pelo acervo da entidade. Candotti, conhecido por ser um dos principais defensores da pol\u00edtica cient\u00edfica brasileira, foi quatro vezes presidente da SBPC. Ele acreditava que n\u00e3o havia separa\u00e7\u00e3o entre o desenvolvimento de um pa\u00eds e a preserva\u00e7\u00e3o ambiental. Apaixonado pela Amaz\u00f4nia, fez da regi\u00e3o sua casa e criou um museu a c\u00e9u aberto. Para honrar seu legado, a SBPC continuar\u00e1 com uma programa\u00e7\u00e3o especial em 2025.<\/p>\n<p>A secret\u00e1ria-geral da SBPC e coordenadora-geral da Reuni\u00e3o Regional, Claudia Linhares Sales, compartilha detalhes sobre a homenagem. \u201cEstamos h\u00e1 meses preparando um livro de depoimentos sobre o professor Ennio, que abordar\u00e1 sua trajet\u00f3ria profissional e acad\u00eamica, suas contribui\u00e7\u00f5es \u00e0 ci\u00eancia brasileira e suas a\u00e7\u00f5es em prol da divulga\u00e7\u00e3o cient\u00edfica. Tamb\u00e9m destacar\u00e1 os per\u00edodos em que a SBPC esteve sob sua lideran\u00e7a. O lan\u00e7amento do livro ser\u00e1 em fevereiro, por ocasi\u00e3o do anivers\u00e1rio de Candotti, que seria dia 12. Como a Reuni\u00e3o Regional ainda ser\u00e1 na Universidade Federal do Esp\u00edrito Santo, onde ele lecionou por dez anos, achamos que seria o momento ideal para realizar essa homenagem.\u201d<\/p>\n<p>Sales tamb\u00e9m observa que o tema da Reuni\u00e3o Regional,\u00a0<em>\u201cClima e Oceano: a urg\u00eancia de construir um futuro sustent\u00e1vel\u201d<\/em>, est\u00e1 diretamente relacionado ao trabalho de Candotti. \u201cEsse tema reflete a trajet\u00f3ria de Ennio, especialmente com o Musa, seu museu vivo da Amaz\u00f4nia, que expressa sua preocupa\u00e7\u00e3o com a preserva\u00e7\u00e3o ambiental, uma quest\u00e3o central de nossa Reuni\u00e3o.\u201d<\/p>\n<p>As homenagens a Candotti\u00a0<span style=\"color: #800000;\"><strong><a style=\"color: #800000;\" href=\"https:\/\/www.jornaldaciencia.org.br\/em-reuniao-extraordinaria-conselho-da-sbpc-homenageia-ennio-candotti\/\" target=\"_blank\" rel=\"noopener\">come\u00e7aram em abril de 2024<\/a><\/strong><\/span>, com uma reuni\u00e3o extraordin\u00e1ria do Conselho da SBPC dedicada ao professor. Na 76\u00aa Reuni\u00e3o Anual da SBPC, realizada em julho na Universidade Federal do Par\u00e1, Candotti tamb\u00e9m foi lembrado com uma homenagem durante a solenidade de abertura no Theatro da Paz e uma mesa-redonda sobre seu legado, com a presen\u00e7a de familiares e amigos.<\/p>\n<p>A sess\u00e3o de abertura ainda contar\u00e1 com uma confer\u00eancia do professor Paulo Artaxo, refer\u00eancia mundial no estudo das mudan\u00e7as clim\u00e1ticas e membro do Painel Intergovernamental sobre Mudan\u00e7as Clim\u00e1ticas (IPCC), que abordar\u00e1 os impactos da crise clim\u00e1tica global. A atividade ser\u00e1 apresentada por Renato Janine Ribeiro, presidente da SBPC.<\/p>\n<p>\u201cTermos hoje uma sociedade sustent\u00e1vel \u00e9 um dos t\u00f3picos mais importantes do ponto de vista econ\u00f4mico, social, ambiental e clim\u00e1tico\u201d, diz Artaxo. Segundo ele, o modelo atual de desenvolvimento econ\u00f4mico est\u00e1 bem longe dessa almejada sustentabilidade, tanto a curto como a longo prazo.<\/p>\n<p>&nbsp;<\/p>\n<h4 id=\"evento\"><strong>Evento<\/strong><\/h4>\n<p><strong>A Reuni\u00e3o Regional<\/strong>\u00a0da SBPC no Esp\u00edrito Santos ser\u00e1 realizada no campus Goiabeiras da Universidade Federal do Esp\u00edrito Santo (UFES), em Vit\u00f3ria.\u00a0Com o tema\u00a0<strong>\u201cClima e Oceano: a urg\u00eancia de construir um futuro sustent\u00e1vel\u201d<\/strong>, o evento reunir\u00e1 especialistas, pesquisadores, professores e o p\u00fablico em geral para debater a crise clim\u00e1tica e a gest\u00e3o respons\u00e1vel dos oceanos.<\/p>\n<p>Nos dias\u00a0<strong>20 e 21 de fevereiro<\/strong>, a programa\u00e7\u00e3o seguir\u00e1 com mesas-redondas e confer\u00eancias que abordam temas fundamentais para o desenvolvimento sustent\u00e1vel, como:<\/p>\n<ul>\n<li><strong>Adapta\u00e7\u00e3o clim\u00e1tica no Esp\u00edrito Santo<\/strong><\/li>\n<li><strong>Explora\u00e7\u00e3o e preserva\u00e7\u00e3o de biomas oce\u00e2nicos<\/strong><\/li>\n<li><strong>Polui\u00e7\u00e3o atmosf\u00e9rica e sa\u00fade p\u00fablica<\/strong><\/li>\n<li><strong>Tecnologia e prosperidade econ\u00f4mica<\/strong><\/li>\n<li><strong>Impactos e aprendizados do desastre do Rio Doce<\/strong><\/li>\n<li><strong>Educa\u00e7\u00e3o ambiental e pol\u00edticas p\u00fablicas<\/strong><\/li>\n<li><strong>Caminhos para a sustentabilidade<\/strong><\/li>\n<li><strong>Intelig\u00eancia artificial e suas aplica\u00e7\u00f5es cient\u00edficas<\/strong><\/li>\n<\/ul>\n<p>Al\u00e9m disso, o evento oferecer\u00e1 uma\u00a0<strong>vers\u00e3o especial do Programa SBPC vai \u00e0 Escola<\/strong>, com oficinas voltadas para professores do ensino b\u00e1sico e estudantes de licenciatura, al\u00e9m de\u00a0<strong>mostras cient\u00edficas<\/strong>\u00a0abertas ao p\u00fablico.<\/p>\n<p>Um dos destaques ser\u00e1 a exposi\u00e7\u00e3o interativa\u00a0<strong>\u201cPrimatas da Mata Atl\u00e2ntica\u201d<\/strong>, promovida pelo Instituto Nacional do Meio Ambiente, que apresentar\u00e1 a fauna e a import\u00e2ncia da preserva\u00e7\u00e3o dessa rica biodiversidade.<\/p>\n<p>O\u00a0<strong>Museu de Ci\u00eancias da Vida<\/strong>\u00a0tamb\u00e9m marcar\u00e1 presen\u00e7a com inova\u00e7\u00f5es em t\u00e9cnicas de preserva\u00e7\u00e3o de esp\u00e9cimes biol\u00f3gicos, demonstrando o valor da ci\u00eancia para a conserva\u00e7\u00e3o e a pesquisa.<\/p>\n<p>&nbsp;<\/p>\n<h4 id=\"retorno-ao-espirito-santo\"><strong>Retorno ao Esp\u00edrito Santo<\/strong><\/h4>\n<p>A realiza\u00e7\u00e3o da Reuni\u00e3o Regional marca o retorno da SBPC ao Esp\u00edrito Santo, 30 anos ap\u00f3s sua\u00a0<strong>46\u00aa<\/strong>\u00a0<strong>Reuni\u00e3o Anual<\/strong>, que aconteceu em 1994, com o tema \u201cA \u00e9tica e a consolida\u00e7\u00e3o da democracia\u201d. O evento \u00e9 uma oportunidade de fortalecer o di\u00e1logo com a comunidade local e fomentar o desenvolvimento cient\u00edfico na regi\u00e3o.<\/p>\n<p>Para conferir a\u00a0<strong>programa\u00e7\u00e3o atualizada<\/strong>\u00a0e realizar sua\u00a0<strong>inscri\u00e7\u00e3o<\/strong>, acesse o site oficial do evento:\u00a0<strong><a href=\"https:\/\/rr.sbpcnet.org.br\/espiritosanto\" target=\"_blank\" rel=\"noopener\">https:\/\/rr.sbpcnet.org.br\/espiritosanto<\/a><\/strong><\/p>\n<p><span style=\"color: #808080;\"><em>Jornal da Ci\u00eancia<\/em><\/span><\/p>\n","protected":false},"excerpt":{"rendered":"Evento \u00e9 gratuito e segue com inscri\u00e7\u00f5es abertas &nbsp; A sess\u00e3o de&hellip;\n","protected":false},"author":19,"featured_media":7784,"comment_status":"open","ping_status":"open","sticky":false,"template":"","format":"standard","meta":[],"categories":[1,2],"tags":[],"acf":[],"_links":{"self":[{"href":"https:\/\/revistacienciaecultura.org.br\/index.php?rest_route=\/wp\/v2\/posts\/7782"}],"collection":[{"href":"https:\/\/revistacienciaecultura.org.br\/index.php?rest_route=\/wp\/v2\/posts"}],"about":[{"href":"https:\/\/revistacienciaecultura.org.br\/index.php?rest_route=\/wp\/v2\/types\/post"}],"author":[{"embeddable":true,"href":"https:\/\/revistacienciaecultura.org.br\/index.php?rest_route=\/wp\/v2\/users\/19"}],"replies":[{"embeddable":true,"href":"https:\/\/revistacienciaecultura.org.br\/index.php?rest_route=%2Fwp%2Fv2%2Fcomments&post=7782"}],"version-history":[{"count":2,"href":"https:\/\/revistacienciaecultura.org.br\/index.php?rest_route=\/wp\/v2\/posts\/7782\/revisions"}],"predecessor-version":[{"id":7785,"href":"https:\/\/revistacienciaecultura.org.br\/index.php?rest_route=\/wp\/v2\/posts\/7782\/revisions\/7785"}],"wp:featuredmedia":[{"embeddable":true,"href":"https:\/\/revistacienciaecultura.org.br\/index.php?rest_route=\/wp\/v2\/media\/7784"}],"wp:attachment":[{"href":"https:\/\/revistacienciaecultura.org.br\/index.php?rest_route=%2Fwp%2Fv2%2Fmedia&parent=7782"}],"wp:term":[{"taxonomy":"category","embeddable":true,"href":"https:\/\/revistacienciaecultura.org.br\/index.php?rest_route=%2Fwp%2Fv2%2Fcategories&post=7782"},{"taxonomy":"post_tag","embeddable":true,"href":"https:\/\/revistacienciaecultura.org.br\/index.php?rest_route=%2Fwp%2Fv2%2Ftags&post=7782"}],"curies":[{"name":"wp","href":"https:\/\/api.w.org\/{rel}","templated":true}]}}