{"id":7786,"date":"2025-01-15T07:30:02","date_gmt":"2025-01-15T07:30:02","guid":{"rendered":"https:\/\/revistacienciaecultura.org.br\/?p=7786"},"modified":"2025-01-13T18:22:11","modified_gmt":"2025-01-13T18:22:11","slug":"leia-a-nova-edicao-da-ciencia-cultura-na-integra-2","status":"publish","type":"post","link":"https:\/\/revistacienciaecultura.org.br\/?p=7786","title":{"rendered":"Leia a nova edi\u00e7\u00e3o da Ci\u00eancia &#038; Cultura na \u00edntegra"},"content":{"rendered":"<h4 id=\"voce-pode-baixar-o-pdf-da-revista-ou-ler-a-edicao-em-flipbook-confira\"><span style=\"color: #808080;\">Voc\u00ea pode baixar o PDF da revista ou ler a edi\u00e7\u00e3o em flipbook. Confira!<\/span><\/h4>\n<p>&nbsp;<\/p>\n<p>A desinforma\u00e7\u00e3o e a propaga\u00e7\u00e3o de mentiras representam uma amea\u00e7a crescente \u00e0s democracias ao redor do mundo, tema central da quarta edi\u00e7\u00e3o da revista <span style=\"color: #800000;\"><a style=\"color: #800000;\" href=\"https:\/\/revistacienciaecultura.org.br\/\"><strong>Ci\u00eancia &amp; Cultura<\/strong><\/a><\/span>, lan\u00e7ada no final de 2024. O n\u00famero especial traz uma an\u00e1lise aprofundada sobre os impactos da desinforma\u00e7\u00e3o no regime democr\u00e1tico, conquistado com tanto esfor\u00e7o nas \u00faltimas d\u00e9cadas. A edi\u00e7\u00e3o est\u00e1 dispon\u00edvel para download em PDF ou leitura online no formato flipbook.<\/p>\n<p>Com o objetivo de destacar a import\u00e2ncia do di\u00e1logo para a manuten\u00e7\u00e3o da democracia, a revista re\u00fane entrevistas conduzidas por Renato Janine Ribeiro, presidente da Sociedade Brasileira para o Progresso da Ci\u00eancia (SBPC) e professor da USP. \u201cO di\u00e1logo foi nossa forma de discutir a falta de di\u00e1logo. Aqui, o di\u00e1logo \u00e9 a forma de tentar restabelecer o di\u00e1logo em um momento em que ele \u00e9 t\u00e3o necess\u00e1rio\u201d, enfatiza Janine Ribeiro no editorial.<\/p>\n<p>A edi\u00e7\u00e3o oferece uma reflex\u00e3o plural e instigante, reunindo vozes de especialistas de diversas \u00e1reas para explorar um dos temas mais urgentes da atualidade.<\/p>\n<p>&nbsp;<\/p>\n<p style=\"text-align: center;\"><span style=\"color: #800000;\"><strong><a style=\"color: #800000;\" href=\"https:\/\/heyzine.com\/flip-book\/82e2e34531.html\" target=\"_blank\" rel=\"noopener\">Leia aqui a vers\u00e3o em Flipbook<\/a><\/strong><\/span><\/p>\n<p style=\"text-align: center;\"><a href=\"https:\/\/heyzine.com\/flip-book\/82e2e34531.html\" target=\"_blank\" rel=\"noopener\"><img loading=\"lazy\" class=\"alignnone size-medium wp-image-7790\" src=\"https:\/\/revistacienciaecultura.org.br\/wp-content\/uploads\/2025\/01\/Co\u0301pia-de-Capa-Cie\u0302ncia-Cultura-3E24-212x300.jpg\" alt=\"\" width=\"212\" height=\"300\" srcset=\"https:\/\/revistacienciaecultura.org.br\/wp-content\/uploads\/2025\/01\/Co\u0301pia-de-Capa-Cie\u0302ncia-Cultura-3E24-212x300.jpg 212w, https:\/\/revistacienciaecultura.org.br\/wp-content\/uploads\/2025\/01\/Co\u0301pia-de-Capa-Cie\u0302ncia-Cultura-3E24-724x1024.jpg 724w, https:\/\/revistacienciaecultura.org.br\/wp-content\/uploads\/2025\/01\/Co\u0301pia-de-Capa-Cie\u0302ncia-Cultura-3E24-768x1086.jpg 768w, https:\/\/revistacienciaecultura.org.br\/wp-content\/uploads\/2025\/01\/Co\u0301pia-de-Capa-Cie\u0302ncia-Cultura-3E24-1086x1536.jpg 1086w, https:\/\/revistacienciaecultura.org.br\/wp-content\/uploads\/2025\/01\/Co\u0301pia-de-Capa-Cie\u0302ncia-Cultura-3E24-8x12.jpg 8w, https:\/\/revistacienciaecultura.org.br\/wp-content\/uploads\/2025\/01\/Co\u0301pia-de-Capa-Cie\u0302ncia-Cultura-3E24-800x1131.jpg 800w, https:\/\/revistacienciaecultura.org.br\/wp-content\/uploads\/2025\/01\/Co\u0301pia-de-Capa-Cie\u0302ncia-Cultura-3E24-1160x1640.jpg 1160w, https:\/\/revistacienciaecultura.org.br\/wp-content\/uploads\/2025\/01\/Co\u0301pia-de-Capa-Cie\u0302ncia-Cultura-3E24.jpg 1200w\" sizes=\"(max-width: 212px) 100vw, 212px\" \/><\/a><\/p>\n<p style=\"text-align: center;\">\n<p style=\"text-align: center;\"><span style=\"color: #800000;\"><strong><a style=\"color: #800000;\" href=\"https:\/\/drive.google.com\/file\/d\/1_O4SCPRd2PODlLcPkk0DZCbVqGLjTx6w\/view?usp=sharing\" target=\"_blank\" rel=\"noopener\">Leia aqui a vers\u00e3o em PDF<\/a><\/strong><\/span><\/p>\n<p><a href=\"https:\/\/drive.google.com\/file\/d\/1_O4SCPRd2PODlLcPkk0DZCbVqGLjTx6w\/view?usp=sharing\" target=\"_blank\" rel=\"noopener\"><img loading=\"lazy\" class=\"alignnone size-medium wp-image-7790 aligncenter\" src=\"https:\/\/revistacienciaecultura.org.br\/wp-content\/uploads\/2025\/01\/Co\u0301pia-de-Capa-Cie\u0302ncia-Cultura-3E24-212x300.jpg\" alt=\"\" width=\"212\" height=\"300\" srcset=\"https:\/\/revistacienciaecultura.org.br\/wp-content\/uploads\/2025\/01\/Co\u0301pia-de-Capa-Cie\u0302ncia-Cultura-3E24-212x300.jpg 212w, https:\/\/revistacienciaecultura.org.br\/wp-content\/uploads\/2025\/01\/Co\u0301pia-de-Capa-Cie\u0302ncia-Cultura-3E24-724x1024.jpg 724w, https:\/\/revistacienciaecultura.org.br\/wp-content\/uploads\/2025\/01\/Co\u0301pia-de-Capa-Cie\u0302ncia-Cultura-3E24-768x1086.jpg 768w, https:\/\/revistacienciaecultura.org.br\/wp-content\/uploads\/2025\/01\/Co\u0301pia-de-Capa-Cie\u0302ncia-Cultura-3E24-1086x1536.jpg 1086w, https:\/\/revistacienciaecultura.org.br\/wp-content\/uploads\/2025\/01\/Co\u0301pia-de-Capa-Cie\u0302ncia-Cultura-3E24-8x12.jpg 8w, https:\/\/revistacienciaecultura.org.br\/wp-content\/uploads\/2025\/01\/Co\u0301pia-de-Capa-Cie\u0302ncia-Cultura-3E24-800x1131.jpg 800w, https:\/\/revistacienciaecultura.org.br\/wp-content\/uploads\/2025\/01\/Co\u0301pia-de-Capa-Cie\u0302ncia-Cultura-3E24-1160x1640.jpg 1160w, https:\/\/revistacienciaecultura.org.br\/wp-content\/uploads\/2025\/01\/Co\u0301pia-de-Capa-Cie\u0302ncia-Cultura-3E24.jpg 1200w\" sizes=\"(max-width: 212px) 100vw, 212px\" \/><\/a><\/p>\n<p>&nbsp;<\/p>\n","protected":false},"excerpt":{"rendered":"Voc\u00ea pode baixar o PDF da revista ou ler a edi\u00e7\u00e3o em&hellip;\n","protected":false},"author":19,"featured_media":7789,"comment_status":"open","ping_status":"open","sticky":false,"template":"","format":"standard","meta":[],"categories":[1,2],"tags":[],"acf":[],"_links":{"self":[{"href":"https:\/\/revistacienciaecultura.org.br\/index.php?rest_route=\/wp\/v2\/posts\/7786"}],"collection":[{"href":"https:\/\/revistacienciaecultura.org.br\/index.php?rest_route=\/wp\/v2\/posts"}],"about":[{"href":"https:\/\/revistacienciaecultura.org.br\/index.php?rest_route=\/wp\/v2\/types\/post"}],"author":[{"embeddable":true,"href":"https:\/\/revistacienciaecultura.org.br\/index.php?rest_route=\/wp\/v2\/users\/19"}],"replies":[{"embeddable":true,"href":"https:\/\/revistacienciaecultura.org.br\/index.php?rest_route=%2Fwp%2Fv2%2Fcomments&post=7786"}],"version-history":[{"count":4,"href":"https:\/\/revistacienciaecultura.org.br\/index.php?rest_route=\/wp\/v2\/posts\/7786\/revisions"}],"predecessor-version":[{"id":7792,"href":"https:\/\/revistacienciaecultura.org.br\/index.php?rest_route=\/wp\/v2\/posts\/7786\/revisions\/7792"}],"wp:featuredmedia":[{"embeddable":true,"href":"https:\/\/revistacienciaecultura.org.br\/index.php?rest_route=\/wp\/v2\/media\/7789"}],"wp:attachment":[{"href":"https:\/\/revistacienciaecultura.org.br\/index.php?rest_route=%2Fwp%2Fv2%2Fmedia&parent=7786"}],"wp:term":[{"taxonomy":"category","embeddable":true,"href":"https:\/\/revistacienciaecultura.org.br\/index.php?rest_route=%2Fwp%2Fv2%2Fcategories&post=7786"},{"taxonomy":"post_tag","embeddable":true,"href":"https:\/\/revistacienciaecultura.org.br\/index.php?rest_route=%2Fwp%2Fv2%2Ftags&post=7786"}],"curies":[{"name":"wp","href":"https:\/\/api.w.org\/{rel}","templated":true}]}}