{"id":7793,"date":"2024-10-30T07:30:43","date_gmt":"2024-10-30T07:30:43","guid":{"rendered":"https:\/\/revistacienciaecultura.org.br\/?p=7793"},"modified":"2025-01-13T18:47:46","modified_gmt":"2025-01-13T18:47:46","slug":"leia-a-terceira-edicao-da-ciencia-cultura-na-integra-2","status":"publish","type":"post","link":"https:\/\/revistacienciaecultura.org.br\/?p=7793","title":{"rendered":"Leia a terceira edi\u00e7\u00e3o da Ci\u00eancia &#038; Cultura na \u00edntegra"},"content":{"rendered":"<h4 id=\"voce-pode-baixar-o-pdf-da-revista-ou-ler-a-edicao-em-flipbook-confira\"><span style=\"color: #808080;\">Voc\u00ea pode baixar o PDF da revista ou ler a edi\u00e7\u00e3o em flipbook. Confira!<\/span><\/h4>\n<p>&nbsp;<\/p>\n<p>Poucos temas t\u00eam um impacto t\u00e3o abrangente e urgente quanto as mudan\u00e7as clim\u00e1ticas. Seus efeitos j\u00e1 s\u00e3o sentidos em diversas frentes, como a economia global, a sa\u00fade dos seres vivos e a produ\u00e7\u00e3o de alimentos. Reconhecendo a relev\u00e2ncia desse desafio, a terceira edi\u00e7\u00e3o da revista <span style=\"color: #800000;\"><strong><a style=\"color: #800000;\" href=\"https:\/\/revistacienciaecultura.org.br\/\">Ci\u00eancia &amp; Cultura<\/a><\/strong><\/span> dedicou-se a explorar o tema sob uma perspectiva interdisciplinar. O n\u00famero est\u00e1 dispon\u00edvel para download em PDF e leitura online no formato flipbook.<\/p>\n<p>A comunidade cient\u00edfica \u00e9 un\u00e2nime: as mudan\u00e7as clim\u00e1ticas est\u00e3o gerando transforma\u00e7\u00f5es profundas no Brasil e no mundo, exigindo a\u00e7\u00f5es para fortalecer a resili\u00eancia socioambiental. Segundo o editorial da edi\u00e7\u00e3o, \u00e9 essencial promover o di\u00e1logo entre diferentes \u00e1reas do conhecimento para criar solu\u00e7\u00f5es integradas e sustentar o desenvolvimento de uma sociedade mais equilibrada e sustent\u00e1vel.<\/p>\n<p>\u201cA superexplora\u00e7\u00e3o dos recursos naturais e a busca incessante pelo maior lucro no menor tempo, sem considerar as consequ\u00eancias sociais e ambientais, est\u00e3o colocando o planeta em uma situa\u00e7\u00e3o cr\u00edtica\u201d, destaca Paulo Artaxo, professor do Instituto de F\u00edsica da Universidade de S\u00e3o Paulo (USP) e vice-presidente da Sociedade Brasileira para o Progresso da Ci\u00eancia (SBPC).<\/p>\n<p>A edi\u00e7\u00e3o convida os leitores a refletirem sobre a necessidade de unir ci\u00eancia, pol\u00edticas p\u00fablicas e engajamento social para enfrentar o maior desafio do s\u00e9culo: proteger o planeta enquanto ainda h\u00e1 tempo.<\/p>\n<p style=\"text-align: center;\"><span style=\"color: #800000;\"><a style=\"color: #800000;\" href=\"https:\/\/online.fliphtml5.com\/bybrx\/mjsd\/\" target=\"_blank\" rel=\"noopener\"><strong>Leia aqui a vers\u00e3o em Flipbook<\/strong><\/a><\/span><\/p>\n<p><a href=\"https:\/\/online.fliphtml5.com\/bybrx\/mjsd\/\" target=\"_blank\" rel=\"noopener\"><img loading=\"lazy\" class=\"aligncenter wp-image-7795 size-medium\" src=\"https:\/\/revistacienciaecultura.org.br\/wp-content\/uploads\/2025\/01\/Capa-Cie\u0302ncia-Cultura-3E24-212x300.jpg\" alt=\"\" width=\"212\" height=\"300\" srcset=\"https:\/\/revistacienciaecultura.org.br\/wp-content\/uploads\/2025\/01\/Capa-Cie\u0302ncia-Cultura-3E24-212x300.jpg 212w, https:\/\/revistacienciaecultura.org.br\/wp-content\/uploads\/2025\/01\/Capa-Cie\u0302ncia-Cultura-3E24-724x1024.jpg 724w, https:\/\/revistacienciaecultura.org.br\/wp-content\/uploads\/2025\/01\/Capa-Cie\u0302ncia-Cultura-3E24-768x1086.jpg 768w, https:\/\/revistacienciaecultura.org.br\/wp-content\/uploads\/2025\/01\/Capa-Cie\u0302ncia-Cultura-3E24-1086x1536.jpg 1086w, https:\/\/revistacienciaecultura.org.br\/wp-content\/uploads\/2025\/01\/Capa-Cie\u0302ncia-Cultura-3E24-8x12.jpg 8w, https:\/\/revistacienciaecultura.org.br\/wp-content\/uploads\/2025\/01\/Capa-Cie\u0302ncia-Cultura-3E24-800x1131.jpg 800w, https:\/\/revistacienciaecultura.org.br\/wp-content\/uploads\/2025\/01\/Capa-Cie\u0302ncia-Cultura-3E24-1160x1640.jpg 1160w, https:\/\/revistacienciaecultura.org.br\/wp-content\/uploads\/2025\/01\/Capa-Cie\u0302ncia-Cultura-3E24.jpg 1200w\" sizes=\"(max-width: 212px) 100vw, 212px\" \/><\/a><\/p>\n<p>&nbsp;<\/p>\n<p style=\"text-align: center;\"><span style=\"color: #800000;\"><a style=\"color: #800000;\" href=\"https:\/\/drive.google.com\/file\/d\/1VvYsC4zbFDC0KWoy58bx6vgsegHCVbMW\/view?usp=sharing\" target=\"_blank\" rel=\"noopener\"><strong>Leia aqui a vers\u00e3o em PDF<\/strong><\/a><\/span><\/p>\n<p><a href=\"https:\/\/drive.google.com\/file\/d\/1VvYsC4zbFDC0KWoy58bx6vgsegHCVbMW\/view?usp=sharing\" target=\"_blank\" rel=\"noopener\"><img loading=\"lazy\" class=\"aligncenter wp-image-7795 size-medium\" src=\"https:\/\/revistacienciaecultura.org.br\/wp-content\/uploads\/2025\/01\/Capa-Cie\u0302ncia-Cultura-3E24-212x300.jpg\" alt=\"\" width=\"212\" height=\"300\" srcset=\"https:\/\/revistacienciaecultura.org.br\/wp-content\/uploads\/2025\/01\/Capa-Cie\u0302ncia-Cultura-3E24-212x300.jpg 212w, https:\/\/revistacienciaecultura.org.br\/wp-content\/uploads\/2025\/01\/Capa-Cie\u0302ncia-Cultura-3E24-724x1024.jpg 724w, https:\/\/revistacienciaecultura.org.br\/wp-content\/uploads\/2025\/01\/Capa-Cie\u0302ncia-Cultura-3E24-768x1086.jpg 768w, https:\/\/revistacienciaecultura.org.br\/wp-content\/uploads\/2025\/01\/Capa-Cie\u0302ncia-Cultura-3E24-1086x1536.jpg 1086w, https:\/\/revistacienciaecultura.org.br\/wp-content\/uploads\/2025\/01\/Capa-Cie\u0302ncia-Cultura-3E24-8x12.jpg 8w, https:\/\/revistacienciaecultura.org.br\/wp-content\/uploads\/2025\/01\/Capa-Cie\u0302ncia-Cultura-3E24-800x1131.jpg 800w, https:\/\/revistacienciaecultura.org.br\/wp-content\/uploads\/2025\/01\/Capa-Cie\u0302ncia-Cultura-3E24-1160x1640.jpg 1160w, https:\/\/revistacienciaecultura.org.br\/wp-content\/uploads\/2025\/01\/Capa-Cie\u0302ncia-Cultura-3E24.jpg 1200w\" sizes=\"(max-width: 212px) 100vw, 212px\" \/><\/a><\/p>\n<p>&nbsp;<\/p>\n","protected":false},"excerpt":{"rendered":"Voc\u00ea pode baixar o PDF da revista ou ler a edi\u00e7\u00e3o em&hellip;\n","protected":false},"author":19,"featured_media":7794,"comment_status":"open","ping_status":"open","sticky":false,"template":"","format":"standard","meta":[],"categories":[1,2],"tags":[],"acf":[],"_links":{"self":[{"href":"https:\/\/revistacienciaecultura.org.br\/index.php?rest_route=\/wp\/v2\/posts\/7793"}],"collection":[{"href":"https:\/\/revistacienciaecultura.org.br\/index.php?rest_route=\/wp\/v2\/posts"}],"about":[{"href":"https:\/\/revistacienciaecultura.org.br\/index.php?rest_route=\/wp\/v2\/types\/post"}],"author":[{"embeddable":true,"href":"https:\/\/revistacienciaecultura.org.br\/index.php?rest_route=\/wp\/v2\/users\/19"}],"replies":[{"embeddable":true,"href":"https:\/\/revistacienciaecultura.org.br\/index.php?rest_route=%2Fwp%2Fv2%2Fcomments&post=7793"}],"version-history":[{"count":2,"href":"https:\/\/revistacienciaecultura.org.br\/index.php?rest_route=\/wp\/v2\/posts\/7793\/revisions"}],"predecessor-version":[{"id":7797,"href":"https:\/\/revistacienciaecultura.org.br\/index.php?rest_route=\/wp\/v2\/posts\/7793\/revisions\/7797"}],"wp:featuredmedia":[{"embeddable":true,"href":"https:\/\/revistacienciaecultura.org.br\/index.php?rest_route=\/wp\/v2\/media\/7794"}],"wp:attachment":[{"href":"https:\/\/revistacienciaecultura.org.br\/index.php?rest_route=%2Fwp%2Fv2%2Fmedia&parent=7793"}],"wp:term":[{"taxonomy":"category","embeddable":true,"href":"https:\/\/revistacienciaecultura.org.br\/index.php?rest_route=%2Fwp%2Fv2%2Fcategories&post=7793"},{"taxonomy":"post_tag","embeddable":true,"href":"https:\/\/revistacienciaecultura.org.br\/index.php?rest_route=%2Fwp%2Fv2%2Ftags&post=7793"}],"curies":[{"name":"wp","href":"https:\/\/api.w.org\/{rel}","templated":true}]}}