{"id":7798,"date":"2025-01-16T07:30:51","date_gmt":"2025-01-16T07:30:51","guid":{"rendered":"https:\/\/revistacienciaecultura.org.br\/?p=7798"},"modified":"2025-01-15T20:37:46","modified_gmt":"2025-01-15T20:37:46","slug":"programas-de-transferencia-de-renda-contribuem-para-reduzir-casos-e-mortes-por-tuberculose-no-brasil","status":"publish","type":"post","link":"https:\/\/revistacienciaecultura.org.br\/?p=7798","title":{"rendered":"Programas de transfer\u00eancia de renda contribuem para reduzir casos e mortes por tuberculose no Brasil"},"content":{"rendered":"<h4 id=\"estudo-publicado-na-nature-medicine-revela-impacto-significativo-do-programa-em-populacoes-vulneraveis-e-inspira-politicas-globais\"><span style=\"color: #808080;\">Estudo publicado na Nature Medicine revela impacto significativo do programa em popula\u00e7\u00f5es vulner\u00e1veis e inspira pol\u00edticas globais<\/span><\/h4>\n<p>&nbsp;<\/p>\n<p>Um <span style=\"color: #800000;\"><a style=\"color: #800000;\" href=\"https:\/\/www.nature.com\/articles\/s41591-024-03381-0\" target=\"_blank\" rel=\"noopener\"><strong>estudo<\/strong><\/a><\/span> recente publicado na revista <span style=\"color: #800000;\"><a style=\"color: #800000;\" href=\"https:\/\/www.nature.com\/nm\/\" target=\"_blank\" rel=\"noopener\"><strong><em>Nature Medicine<\/em><\/strong><\/a><\/span> revelou que o programa Bolsa Fam\u00edlia, do governo federal brasileiro, n\u00e3o apenas contribuiu para a redu\u00e7\u00e3o da pobreza, mas tamb\u00e9m teve efeitos significativos na diminui\u00e7\u00e3o de casos e mortes por tuberculose no pa\u00eds. A pesquisa analisou dados de mais de 54 milh\u00f5es de benefici\u00e1rios do programa entre 2004 e 2015 e identificou uma redu\u00e7\u00e3o de 41% na incid\u00eancia e de 31% na mortalidade pela doen\u00e7a.<\/p>\n<p>Os impactos foram ainda mais expressivos em popula\u00e7\u00f5es em situa\u00e7\u00e3o de extrema pobreza e entre povos ind\u00edgenas. Nesses grupos, os casos de tuberculose ca\u00edram 51% e 63%, respectivamente, enquanto as mortes foram reduzidas em 40% e 65%. \u201cOs efeitos do Bolsa Fam\u00edlia s\u00e3o muito maiores do que esper\u00e1vamos, especialmente entre as popula\u00e7\u00f5es mais vulner\u00e1veis, onde qualquer ajuda econ\u00f4mica reduz drasticamente o risco de contrair e morrer de doen\u00e7as relacionadas \u00e0 pobreza\u201d, destacou Davide Rasella, coordenador do estudo e professor do Instituto de Sa\u00fade Global de Barcelona (ISGlobal).<\/p>\n<h4 id=\"tuberculose-e-pobreza-uma-relacao-direta\"><strong>Tuberculose e pobreza: uma rela\u00e7\u00e3o direta<\/strong><\/h4>\n<p>A tuberculose \u00e9 causada por uma bact\u00e9ria transmitida pelo ar e afeta principalmente os pulm\u00f5es. De acordo com a <span style=\"color: #800000;\"><a style=\"color: #800000;\" href=\"https:\/\/www.who.int\/pt\/about\" target=\"_blank\" rel=\"noopener\"><strong>Organiza\u00e7\u00e3o Mundial da Sa\u00fade (OMS)<\/strong><\/a><\/span>, a doen\u00e7a voltou a ser a principal causa de morte por doen\u00e7as infecciosas no mundo em 2023, superando a COVID-19. No Brasil, cerca de 80 mil novos casos e 5,5 mil mortes s\u00e3o registrados anualmente, segundo o Minist\u00e9rio da Sa\u00fade.<\/p>\n<p>Programas como o Bolsa Fam\u00edlia, al\u00e9m de transferir renda, exigem contrapartidas que estimulam o acesso a servi\u00e7os de sa\u00fade. Fam\u00edlias benefici\u00e1rias precisam cumprir condicionalidades, como manter o calend\u00e1rio de vacina\u00e7\u00e3o infantil atualizado, monitorar o estado nutricional das crian\u00e7as e realizar pr\u00e9-natal durante a gesta\u00e7\u00e3o. Essas medidas ampliam o acesso \u00e0 preven\u00e7\u00e3o, diagn\u00f3stico e tratamento de diversas doen\u00e7as.<\/p>\n<p>\u201cAs condicionalidades aproximam as fam\u00edlias dos servi\u00e7os de sa\u00fade, como a Estrat\u00e9gia de Sa\u00fade da Fam\u00edlia, promovendo maior preven\u00e7\u00e3o e controle da tuberculose\u201d, explicou Jos\u00e9 Anael Neves, professor da Universidade Estadual do Cear\u00e1.<\/p>\n<h4 id=\"impacto-global-e-politicas-futuras\"><strong>Impacto global e pol\u00edticas futuras<\/strong><\/h4>\n<p>Para os pesquisadores, os resultados do estudo podem embasar a cria\u00e7\u00e3o de pol\u00edticas p\u00fablicas em outros pa\u00edses. A erradica\u00e7\u00e3o da pobreza \u00e9 o primeiro Objetivo de Desenvolvimento Sustent\u00e1vel da ONU e \u00e9 considerada crucial para atingir a meta de elimina\u00e7\u00e3o da tuberculose at\u00e9 2035.<\/p>\n<p>\u201cAcabar com a pobreza n\u00e3o \u00e9 apenas uma quest\u00e3o \u00e9tica e moral, mas tamb\u00e9m um passo fundamental para melhorar a sa\u00fade das popula\u00e7\u00f5es mais vulner\u00e1veis\u201d, concluiu Rasella.<\/p>\n<p>Al\u00e9m da tuberculose, estudos anteriores j\u00e1 demonstraram que o Bolsa Fam\u00edlia contribuiu para a redu\u00e7\u00e3o da mortalidade infantil, doen\u00e7as cardiovasculares, HIV, hansen\u00edase e suic\u00eddio. O programa, que beneficia fam\u00edlias com renda abaixo de R$ 218 por pessoa, inclui pagamentos mensais que variam de acordo com a composi\u00e7\u00e3o familiar e atende mais de 20 milh\u00f5es de fam\u00edlias no Brasil.<\/p>\n<p><span style=\"color: #808080;\"><em>Com informa\u00e7\u00f5es de SciDev.Net<\/em><\/span><\/p>\n<p>&nbsp;<\/p>\n<h6 id=\"capa-agencia-brasil-reproducao\">Capa. Ag\u00eancia Brasil. Reprodu\u00e7\u00e3o<\/h6>\n","protected":false},"excerpt":{"rendered":"Estudo publicado na Nature Medicine revela impacto significativo do programa em popula\u00e7\u00f5es&hellip;\n","protected":false},"author":19,"featured_media":7799,"comment_status":"open","ping_status":"open","sticky":false,"template":"","format":"standard","meta":[],"categories":[1,2],"tags":[],"acf":[],"_links":{"self":[{"href":"https:\/\/revistacienciaecultura.org.br\/index.php?rest_route=\/wp\/v2\/posts\/7798"}],"collection":[{"href":"https:\/\/revistacienciaecultura.org.br\/index.php?rest_route=\/wp\/v2\/posts"}],"about":[{"href":"https:\/\/revistacienciaecultura.org.br\/index.php?rest_route=\/wp\/v2\/types\/post"}],"author":[{"embeddable":true,"href":"https:\/\/revistacienciaecultura.org.br\/index.php?rest_route=\/wp\/v2\/users\/19"}],"replies":[{"embeddable":true,"href":"https:\/\/revistacienciaecultura.org.br\/index.php?rest_route=%2Fwp%2Fv2%2Fcomments&post=7798"}],"version-history":[{"count":2,"href":"https:\/\/revistacienciaecultura.org.br\/index.php?rest_route=\/wp\/v2\/posts\/7798\/revisions"}],"predecessor-version":[{"id":7801,"href":"https:\/\/revistacienciaecultura.org.br\/index.php?rest_route=\/wp\/v2\/posts\/7798\/revisions\/7801"}],"wp:featuredmedia":[{"embeddable":true,"href":"https:\/\/revistacienciaecultura.org.br\/index.php?rest_route=\/wp\/v2\/media\/7799"}],"wp:attachment":[{"href":"https:\/\/revistacienciaecultura.org.br\/index.php?rest_route=%2Fwp%2Fv2%2Fmedia&parent=7798"}],"wp:term":[{"taxonomy":"category","embeddable":true,"href":"https:\/\/revistacienciaecultura.org.br\/index.php?rest_route=%2Fwp%2Fv2%2Fcategories&post=7798"},{"taxonomy":"post_tag","embeddable":true,"href":"https:\/\/revistacienciaecultura.org.br\/index.php?rest_route=%2Fwp%2Fv2%2Ftags&post=7798"}],"curies":[{"name":"wp","href":"https:\/\/api.w.org\/{rel}","templated":true}]}}