{"id":7808,"date":"2025-01-23T07:30:04","date_gmt":"2025-01-23T07:30:04","guid":{"rendered":"https:\/\/revistacienciaecultura.org.br\/?p=7808"},"modified":"2025-01-22T18:08:13","modified_gmt":"2025-01-22T18:08:13","slug":"politicas-sustentaveis-e-para-a-reducao-de-desigualdades-serao-temas-da-reuniao-regional-da-sbpc-no-espirito-santo","status":"publish","type":"post","link":"https:\/\/revistacienciaecultura.org.br\/?p=7808","title":{"rendered":"Pol\u00edticas sustent\u00e1veis e para a redu\u00e7\u00e3o de desigualdades ser\u00e3o temas da Reuni\u00e3o Regional da SBPC no Esp\u00edrito Santo"},"content":{"rendered":"<h4 id=\"atividades-contarao-com-representantes-de-importantes-entidades-do-setor-como-cnpq-abc-finep-e-fapes\"><span style=\"color: #808080;\">Atividades contar\u00e3o com representantes de importantes entidades do setor, como CNPq, ABC, Finep e Fapes.<\/span><\/h4>\n<p>&nbsp;<\/p>\n<p>O papel da pol\u00edtica cient\u00edfica na redu\u00e7\u00e3o das desigualdades sociais do Pa\u00eds e na promo\u00e7\u00e3o da prote\u00e7\u00e3o ambiental ser\u00e3o temas centrais de debate no \u00faltimo dia de programa\u00e7\u00e3o da Reuni\u00e3o Reuni\u00e3o Regional da Sociedade Brasileira para o Progresso da Ci\u00eancia (SBPC) no Esp\u00edrito Santo.<\/p>\n<p>O evento, que tem como tema \u201cClima e Oceano: a urg\u00eancia de construir um futuro sustent\u00e1vel\u201d, acontecer\u00e1 de 19 a 21 de fevereiro no campus Goiabeiras da Universidade Federal do Esp\u00edrito Santo (Ufes), em Vit\u00f3ria. A programa\u00e7\u00e3o \u00e9 gratuita e tamb\u00e9m ser\u00e1 transmitida ao vivo pelo canal oficial da SBPC no YouTube.<\/p>\n<p>Especificamente sobre a programa\u00e7\u00e3o especial do dia 21, as atividades come\u00e7ar\u00e3o com dois debates simult\u00e2neos, das 9h \u00e0s 11h30. O primeiro, intitulado\u00a0<strong>\u201cPol\u00edticas cient\u00edficas para corrigir as assimetrias regionais!\u201d<\/strong>, ser\u00e1 coordenado por Renato Janine Ribeiro, presidente da SBPC, e contar\u00e1 com a participa\u00e7\u00e3o de grandes representantes da cadeia da pol\u00edtica cient\u00edfica brasileira: Celso Pansera, presidente da Financiadora de Estudos e Projetos (Finep), Helena Nader, presidente da Academia Brasileira de Ci\u00eancias (ABC), Ricardo Galv\u00e3o, presidente do Conselho Nacional de Desenvolvimento Cient\u00edfico e Tecnol\u00f3gico (CNPq), e Rodrigo Varej\u00e3o Andre\u00e3o, diretor-geral da Funda\u00e7\u00e3o de Amparo \u00e0 Pesquisa e Inova\u00e7\u00e3o do Esp\u00edrito Santo (Fapes). A atividade ser\u00e1 realizada no Teatro da Ufes.<\/p>\n<p>O segundo debate, que realizado no Cine Metr\u00f3polis, \u00e9 intitulado\u00a0<strong>\u201cCaminhos para sustentabilidade\u201d<\/strong>, e ser\u00e1 coordenado por S\u00e9rgio Lucena Mendes, diretor do Instituto Nacional da Mata Atl\u00e2ntica (INMA). A discuss\u00e3o ter\u00e1 Elaine Cristina Gomes da Silva, professora da Ufes, Emmanuel Zagury Tourinho, professor titular da Universidade Federal do Par\u00e1 (UFPA), Miguel Amado, professor da Universidade Nova de Lisboa, e Rodrigo Rollemberg, secret\u00e1rio de Economia Verde, Descarboniza\u00e7\u00e3o e Bioind\u00fastria do Minist\u00e9rio do Desenvolvimento, Ind\u00fastria, Com\u00e9rcio e Servi\u00e7os (MDIC).<\/p>\n<p>Na parte da tarde, das 13h30 \u00e0s 15h, Rog\u00e9rio Naques Faleiros, professor da Ufes, proferir\u00e1 a confer\u00eancia\u00a0<strong>\u201cA pol\u00edtica social como uma forma de combate \u00e0 desigualdade entre territ\u00f3rios\u201d<\/strong>. A atividade, que ser\u00e1 realizada no Teatro da Ufes, ser\u00e1 apresentada por Fernanda Sobral, diretora da SBPC.<\/p>\n<p>Simultaneamente, Andr\u00e9 Carlos Ponce de Leon Ferreira de Carvalho, professor titular da Universidade de S\u00e3o Paulo (USP), conduzir\u00e1 no Cine Metr\u00f3polis a confer\u00eancia\u00a0<strong>\u201cAprendizagem autom\u00e1tica: limites tecnol\u00f3gicos e \u00e9ticos\u201d<\/strong>. A apresenta\u00e7\u00e3o ficar\u00e1 a cargo de Alberto Ferreira de Souza, professor em\u00e9rito de Ci\u00eancia da Computa\u00e7\u00e3o da Ufes.<\/p>\n<p>No segundo hor\u00e1rio da tarde tamb\u00e9m ocorrer\u00e3o duas mesas-redondas. A primeira, intitulada\u00a0<strong>\u201cRio Doce \u2013 O que aprendemos?\u201d<\/strong>, ser\u00e1 coordenada por Laila Espindola, diretora da SBPC, com participa\u00e7\u00e3o de Diego Jeangreg\u00f3rio Martins Guimar\u00e3es, da Universidade Vale do Rio Doce (Univale), Jo\u00e3o Carlos Altieri Thom\u00e9, da Ufes, e Manuella Villar Amado, professora titular do Instituto Federal do Esp\u00edrito Santo (Ifes). O evento acontecer\u00e1 das 15h30 \u00e0s 18h, no Teatro da Ufes.<\/p>\n<p>Simultaneamente, no Cine Metr\u00f3polis, ser\u00e1 realizada a mesa-redonda\u00a0<strong>\u201cPolui\u00e7\u00e3o atmosf\u00e9rica urbana e sa\u00fade\u201d<\/strong>, com a participa\u00e7\u00e3o de H\u00e9lio Langoni, professor permanente externo no Programa de Ci\u00eancia Animal da Universidade de Vila Velha (UVV), Jos\u00e9 Geraldo Mill, professor titular da Ufes, e Roberta Cerasi Urban, professora no Departamento de Qu\u00edmica da Universidade Federal de S\u00e3o Carlos (UFSCar). A atividade ser\u00e1 apresentada por Marim\u00e9lia Porcionatto, diretora da SBPC.<\/p>\n<p>A programa\u00e7\u00e3o completa est\u00e1 disponivel no\u00a0<span style=\"color: #800000;\"><strong><a style=\"color: #800000;\" href=\"https:\/\/rr.sbpcnet.org.br\/espiritosanto\" target=\"_blank\" rel=\"noopener\">site oficial do evento<\/a><\/strong><\/span>. Confira tamb\u00e9m os detalhes das atividades especiais que ocorrer\u00e3o no\u00a0<span style=\"color: #800000;\"><strong><a style=\"color: #800000;\" href=\"https:\/\/www.jornaldaciencia.org.br\/politicas-ambientais-e-educacionais-serao-temas-de-debate-na-reuniao-regional-da-sbpc-no-espirito-santo\/\" target=\"_blank\" rel=\"noopener\">dia 20 de fevereiro<\/a><\/strong><\/span>.<\/p>\n<p>&nbsp;<\/p>\n<h4 id=\"retorno-ao-espirito-santo\"><strong>Retorno ao Esp\u00edrito Santo<\/strong><\/h4>\n<p>Com o\u00a0<span style=\"color: #800000;\"><strong><a style=\"color: #800000;\" href=\"https:\/\/www.jornaldaciencia.org.br\/reuniao-regional-tem-o-desafio-de-retomar-secretaria-da-sbpc-no-espirito-santo\/\" target=\"_blank\" rel=\"noopener\">objetivo de retomar as atividades da Secretaria da SBPC no Esp\u00edrito Santo<\/a><\/strong><\/span>, a Reuni\u00e3o Regional contar\u00e1, no dia 20 de fevereiro, com um encontro especial para marcar essa mobiliza\u00e7\u00e3o. A reuni\u00e3o acontecer\u00e1 \u00e0s 18h30, no Teatro da Ufes, e ser\u00e1 voltada para a articula\u00e7\u00e3o pol\u00edtica no estado, estando aberta a todos os interessados. Este evento representa uma oportunidade valiosa para fortalecer o di\u00e1logo com a comunidade local e impulsionar o desenvolvimento cient\u00edfico na regi\u00e3o.<\/p>\n<p>Acesse o site oficial do evento:\u00a0<span style=\"color: #800000;\"><strong><a style=\"color: #800000;\" href=\"https:\/\/rr.sbpcnet.org.br\/espiritosanto\" target=\"_blank\" rel=\"noopener\">https:\/\/rr.sbpcnet.org.br\/espiritosanto<\/a><\/strong><\/span><\/p>\n<p><strong>Participe da Reuni\u00e3o Regional da SBPC!<\/strong><\/p>\n<p><span style=\"color: #808080;\"><em>Jornal da Ci\u00eancia<\/em><\/span><\/p>\n","protected":false},"excerpt":{"rendered":"Atividades contar\u00e3o com representantes de importantes entidades do setor, como CNPq, ABC,&hellip;\n","protected":false},"author":19,"featured_media":7809,"comment_status":"open","ping_status":"open","sticky":false,"template":"","format":"standard","meta":[],"categories":[1,2],"tags":[],"acf":[],"_links":{"self":[{"href":"https:\/\/revistacienciaecultura.org.br\/index.php?rest_route=\/wp\/v2\/posts\/7808"}],"collection":[{"href":"https:\/\/revistacienciaecultura.org.br\/index.php?rest_route=\/wp\/v2\/posts"}],"about":[{"href":"https:\/\/revistacienciaecultura.org.br\/index.php?rest_route=\/wp\/v2\/types\/post"}],"author":[{"embeddable":true,"href":"https:\/\/revistacienciaecultura.org.br\/index.php?rest_route=\/wp\/v2\/users\/19"}],"replies":[{"embeddable":true,"href":"https:\/\/revistacienciaecultura.org.br\/index.php?rest_route=%2Fwp%2Fv2%2Fcomments&post=7808"}],"version-history":[{"count":1,"href":"https:\/\/revistacienciaecultura.org.br\/index.php?rest_route=\/wp\/v2\/posts\/7808\/revisions"}],"predecessor-version":[{"id":7810,"href":"https:\/\/revistacienciaecultura.org.br\/index.php?rest_route=\/wp\/v2\/posts\/7808\/revisions\/7810"}],"wp:featuredmedia":[{"embeddable":true,"href":"https:\/\/revistacienciaecultura.org.br\/index.php?rest_route=\/wp\/v2\/media\/7809"}],"wp:attachment":[{"href":"https:\/\/revistacienciaecultura.org.br\/index.php?rest_route=%2Fwp%2Fv2%2Fmedia&parent=7808"}],"wp:term":[{"taxonomy":"category","embeddable":true,"href":"https:\/\/revistacienciaecultura.org.br\/index.php?rest_route=%2Fwp%2Fv2%2Fcategories&post=7808"},{"taxonomy":"post_tag","embeddable":true,"href":"https:\/\/revistacienciaecultura.org.br\/index.php?rest_route=%2Fwp%2Fv2%2Ftags&post=7808"}],"curies":[{"name":"wp","href":"https:\/\/api.w.org\/{rel}","templated":true}]}}