{"id":7829,"date":"2025-02-04T07:30:48","date_gmt":"2025-02-04T07:30:48","guid":{"rendered":"https:\/\/revistacienciaecultura.org.br\/?p=7829"},"modified":"2025-02-03T19:38:08","modified_gmt":"2025-02-03T19:38:08","slug":"sbpc-realiza-reuniao-regional-no-espirito-santo-em-fevereiro","status":"publish","type":"post","link":"https:\/\/revistacienciaecultura.org.br\/?p=7829","title":{"rendered":"SBPC realiza Reuni\u00e3o Regional no Esp\u00edrito Santo em fevereiro"},"content":{"rendered":"<h4 id=\"com-o-tema-clima-e-oceano-a-urgencia-de-construir-um-futuro-sustentavel-evento-acontece-de-19-a-21-de-fevereiro-na-ufes-em-vitoria\"><span style=\"color: #808080;\">Com o tema \u201cClima e Oceano: a urg\u00eancia de construir um futuro sustent\u00e1vel\u201d, evento acontece de 19 a 21 de fevereiro, na Ufes, em Vit\u00f3ria<\/span><\/h4>\n<p>&nbsp;<\/p>\n<p>A Sociedade Brasileira para o Progresso da Ci\u00eancia (SBPC) realiza, entre os dias\u00a0<strong>19 e 21 de fevereiro<\/strong>, a sua\u00a0<strong>Reuni\u00e3o Regional<\/strong>\u00a0no campus Goiabeiras da Universidade Federal do Esp\u00edrito Santo (UFES), em Vit\u00f3ria. Com o tema\u00a0<strong>\u201cClima e Oceano: a urg\u00eancia de construir um futuro sustent\u00e1vel\u201d<\/strong>, o evento reunir\u00e1 especialistas, pesquisadores, professores e o p\u00fablico em geral para debater a crise clim\u00e1tica e a gest\u00e3o respons\u00e1vel dos oceanos.<\/p>\n<p>As inscri\u00e7\u00f5es s\u00e3o\u00a0<strong>gratuitas<\/strong>\u00a0e est\u00e3o abertas. Os participantes inscritos e credenciados ter\u00e3o direito a\u00a0<strong>crach\u00e1<\/strong>\u00a0e\u00a0<strong>certificado geral de participa\u00e7\u00e3o<\/strong>. Al\u00e9m disso, os dois mil primeiros inscritos que se credenciarem at\u00e9 o dia 19 de fevereiro receber\u00e3o um\u00a0<strong>material exclusivo do evento<\/strong>.<\/p>\n<p><span style=\"color: #800000;\"><strong><a style=\"color: #800000;\" href=\"https:\/\/rr.sbpcnet.org.br\/espiritosanto\/atividades\/programacao-cientifica\/\">A programa\u00e7\u00e3o\u00a0 j\u00e1 dispon\u00edvel no site oficial e traz uma s\u00e9rie de atividades de destaque<\/a><\/strong><\/span>. A\u00a0<strong>Sess\u00e3o de Abertura<\/strong>, no dia\u00a0<strong>19\/02<\/strong>, contar\u00e1 com uma homenagem especial ao f\u00edsico\u00a0<strong>Ennio Candotti<\/strong>, ex-presidente da SBPC e ex-professor da UFES, falecido em dezembro de 2023. Logo ap\u00f3s, o f\u00edsico\u00a0<strong>Paulo Artaxo<\/strong>, refer\u00eancia mundial no estudo das mudan\u00e7as clim\u00e1ticas e membro do Painel Intergovernamental sobre Mudan\u00e7as Clim\u00e1ticas (IPCC), ministrar\u00e1 uma confer\u00eancia sobre os impactos da crise clim\u00e1tica global.<\/p>\n<p>Nos dias\u00a0<strong>20 e 21 de fevereiro<\/strong>, a programa\u00e7\u00e3o seguir\u00e1 com mesas-redondas e confer\u00eancias que abordam temas fundamentais para o desenvolvimento sustent\u00e1vel, como:<\/p>\n<ul>\n<li><strong>Adapta\u00e7\u00e3o clim\u00e1tica no Esp\u00edrito Santo<\/strong><\/li>\n<li><strong>Explora\u00e7\u00e3o e preserva\u00e7\u00e3o de biomas oce\u00e2nicos<\/strong><\/li>\n<li><strong>Polui\u00e7\u00e3o atmosf\u00e9rica e sa\u00fade p\u00fablica<\/strong><\/li>\n<li><strong>Tecnologia e prosperidade econ\u00f4mica<\/strong><\/li>\n<li><strong>Impactos e aprendizados do desastre do Rio Doce<\/strong><\/li>\n<li><strong>Educa\u00e7\u00e3o ambiental e pol\u00edticas p\u00fablicas<\/strong><\/li>\n<li><strong>Caminhos para a sustentabilidade<\/strong><\/li>\n<li><strong>Intelig\u00eancia artificial e suas aplica\u00e7\u00f5es cient\u00edficas<\/strong><\/li>\n<\/ul>\n<p>Al\u00e9m disso, o evento oferecer\u00e1 uma\u00a0<strong>vers\u00e3o especial do Programa SBPC vai \u00e0 Escola<\/strong>, com oficinas voltadas para professores do ensino b\u00e1sico e estudantes de licenciatura, al\u00e9m de\u00a0<strong>mostras cient\u00edficas<\/strong>\u00a0abertas ao p\u00fablico.<\/p>\n<p>Um dos destaques ser\u00e1 a exposi\u00e7\u00e3o interativa\u00a0<strong>\u201cPrimatas da Mata Atl\u00e2ntica\u201d<\/strong>, promovida pelo Instituto Nacional da Mata Atl\u00e2ntica (INMA), que apresentar\u00e1 a fauna e a import\u00e2ncia da preserva\u00e7\u00e3o dessa rica biodiversidade.<\/p>\n<p>O\u00a0<strong>Museu de Ci\u00eancias da Vida<\/strong>\u00a0tamb\u00e9m marcar\u00e1 presen\u00e7a com inova\u00e7\u00f5es em t\u00e9cnicas de preserva\u00e7\u00e3o de esp\u00e9cimes biol\u00f3gicos, demonstrando o valor da ci\u00eancia para a conserva\u00e7\u00e3o e a pesquisa.<\/p>\n<p>&nbsp;<\/p>\n<h4 id=\"conexao-com-o-espirito-santo-e-com-a-decada-dos-oceanos\"><strong>Conex\u00e3o com o Esp\u00edrito Santo e com a D\u00e9cada dos Oceanos<\/strong><\/h4>\n<p>Cl\u00e1udia Linhares Sales, secret\u00e1ria-geral da SBPC e coordenadora geral do evento, destaca que o tema foi escolhido pela conex\u00e3o entre o oceano, a economia e as atividades cient\u00edficas no Esp\u00edrito Santo, al\u00e9m de dialogar com a\u00a0<strong>\u201cD\u00e9cada das Na\u00e7\u00f5es Unidas de Ci\u00eancia Oce\u00e2nica para o Desenvolvimento Sustent\u00e1vel\u201d (2021-2030)<\/strong>. Ela ressalta a urg\u00eancia de a\u00e7\u00f5es em meio \u00e0 intensifica\u00e7\u00e3o dos eventos clim\u00e1ticos extremos, como secas e inunda\u00e7\u00f5es.<\/p>\n<p>&nbsp;<\/p>\n<h4 id=\"retorno-ao-espirito-santo\"><strong>Retorno ao Esp\u00edrito Santo<\/strong><\/h4>\n<p>A realiza\u00e7\u00e3o da Reuni\u00e3o Regional marca o retorno da SBPC ao Esp\u00edrito Santo, 30 anos ap\u00f3s sua\u00a0<strong>46\u00aa<\/strong>\u00a0<strong>Reuni\u00e3o Anual<\/strong>, que aconteceu em 1994, com o tema \u201cA \u00e9tica e a consolida\u00e7\u00e3o da democracia\u201d. O evento \u00e9 uma oportunidade de fortalecer o di\u00e1logo com a comunidade local e fomentar o desenvolvimento cient\u00edfico na regi\u00e3o.<\/p>\n<p>Para conferir a\u00a0<strong>programa\u00e7\u00e3o atualizada<\/strong>\u00a0e realizar sua\u00a0<strong>inscri\u00e7\u00e3o<\/strong>, acesse o site oficial do evento:\u00a0<span style=\"color: #800000;\"><strong><a style=\"color: #800000;\" href=\"https:\/\/rr.sbpcnet.org.br\/espiritosanto\" target=\"_blank\" rel=\"noopener\">https:\/\/rr.sbpcnet.org.br\/espiritosanto<\/a><\/strong><\/span><\/p>\n<p><span style=\"color: #808080;\"><em>Jornal da Ci\u00eancia<\/em><\/span><\/p>\n","protected":false},"excerpt":{"rendered":"Com o tema \u201cClima e Oceano: a urg\u00eancia de construir um futuro&hellip;\n","protected":false},"author":19,"featured_media":7784,"comment_status":"open","ping_status":"open","sticky":false,"template":"","format":"standard","meta":[],"categories":[1,2],"tags":[],"acf":[],"_links":{"self":[{"href":"https:\/\/revistacienciaecultura.org.br\/index.php?rest_route=\/wp\/v2\/posts\/7829"}],"collection":[{"href":"https:\/\/revistacienciaecultura.org.br\/index.php?rest_route=\/wp\/v2\/posts"}],"about":[{"href":"https:\/\/revistacienciaecultura.org.br\/index.php?rest_route=\/wp\/v2\/types\/post"}],"author":[{"embeddable":true,"href":"https:\/\/revistacienciaecultura.org.br\/index.php?rest_route=\/wp\/v2\/users\/19"}],"replies":[{"embeddable":true,"href":"https:\/\/revistacienciaecultura.org.br\/index.php?rest_route=%2Fwp%2Fv2%2Fcomments&post=7829"}],"version-history":[{"count":2,"href":"https:\/\/revistacienciaecultura.org.br\/index.php?rest_route=\/wp\/v2\/posts\/7829\/revisions"}],"predecessor-version":[{"id":7831,"href":"https:\/\/revistacienciaecultura.org.br\/index.php?rest_route=\/wp\/v2\/posts\/7829\/revisions\/7831"}],"wp:featuredmedia":[{"embeddable":true,"href":"https:\/\/revistacienciaecultura.org.br\/index.php?rest_route=\/wp\/v2\/media\/7784"}],"wp:attachment":[{"href":"https:\/\/revistacienciaecultura.org.br\/index.php?rest_route=%2Fwp%2Fv2%2Fmedia&parent=7829"}],"wp:term":[{"taxonomy":"category","embeddable":true,"href":"https:\/\/revistacienciaecultura.org.br\/index.php?rest_route=%2Fwp%2Fv2%2Fcategories&post=7829"},{"taxonomy":"post_tag","embeddable":true,"href":"https:\/\/revistacienciaecultura.org.br\/index.php?rest_route=%2Fwp%2Fv2%2Ftags&post=7829"}],"curies":[{"name":"wp","href":"https:\/\/api.w.org\/{rel}","templated":true}]}}