{"id":7844,"date":"2025-02-10T07:30:28","date_gmt":"2025-02-10T07:30:28","guid":{"rendered":"https:\/\/revistacienciaecultura.org.br\/?p=7844"},"modified":"2025-02-05T10:29:51","modified_gmt":"2025-02-05T10:29:51","slug":"sbpc-celebra-dia-internacional-das-mulheres-e-meninas-na-ciencia-com-cerimonia-de-entrega-do-6o-premio-carolina-bori-2","status":"publish","type":"post","link":"https:\/\/revistacienciaecultura.org.br\/?p=7844","title":{"rendered":"SBPC celebra Dia Internacional das Mulheres e Meninas na Ci\u00eancia com cerim\u00f4nia de entrega do 6\u00ba Pr\u00eamio Carolina Bori"},"content":{"rendered":"<h4 id=\"seis-estudantes-do-ensino-medio-e-graduacao-foram-selecionadas-entre-765-indicacoes-de-instituicoes-de-todo-o-pais\"><span style=\"color: #808080;\">Seis estudantes do Ensino M\u00e9dio e Gradua\u00e7\u00e3o foram selecionadas entre 765 indica\u00e7\u00f5es de institui\u00e7\u00f5es de todo o Pa\u00eds.\u00a0<\/span><\/h4>\n<p>&nbsp;<\/p>\n<p>Em celebra\u00e7\u00e3o ao Dia Internacional das Mulheres e Meninas na Ci\u00eancia, no pr\u00f3ximo dia 11 de fevereiro, ter\u00e7a-feira, a Sociedade Brasileira para o Progresso da Ci\u00eancia (SBPC) realizar\u00e1 a cerim\u00f4nia presencial de entrega do\u00a0<strong>6\u00ba Pr\u00eamio \u201cCarolina Bori Ci\u00eancia &amp; Mulher\u201d<\/strong>\u00a0\u00e0s seis vencedoras desta edi\u00e7\u00e3o, al\u00e9m do lan\u00e7amento da\u00a0<strong>biografia da cientista e primeira mulher a presidir a SBPC, Carolina Bori<\/strong>, com a presen\u00e7a do autor Gabriel Vieira C\u00e2ndido. O evento acontecer\u00e1 a partir das 14h no Sal\u00e3o Nobre do Centro MariAntonia da USP (Rua Maria Antonia, 294 \u2013 3\u00ba andar \u2013 S\u00e3o Paulo\/SP) e ser\u00e1 tamb\u00e9m transmitido ao vivo pelo canal da SBPC no\u00a0<span style=\"color: #800000;\"><strong><a style=\"color: #800000;\" href=\"https:\/\/www.youtube.com\/@canalsbpc\" target=\"_blank\" rel=\"noopener\">YouTube, a partir das 14h<\/a>.<\/strong><\/span><\/p>\n<p>Lan\u00e7ado em 2019 e alternando a cada ano as categorias \u201cMulheres Cientistas\u201d e \u201cMeninas na Ci\u00eancia\u201d, a SBPC teve para a premia\u00e7\u00e3o deste ano\u00a0<strong>765 indica\u00e7\u00f5es v\u00e1lidas\u00a0de estudantes do Ensino M\u00e9dio e Gradua\u00e7\u00e3o de todo o Pa\u00eds<\/strong>, representando um aumento de\u00a0<strong>71,5% em rela\u00e7\u00e3o \u00e0 edi\u00e7\u00e3o anterior,<\/strong>\u00a0em 2022. Este salto expressivo refor\u00e7a o reconhecimento e a import\u00e2ncia do pr\u00eamio, que busca inspirar e premiar jovens cientistas em in\u00edcio de carreira.<\/p>\n<p>Com\u00a0<strong>166 inscri\u00e7\u00f5es de alunas do Ensino M\u00e9dio<\/strong>\u00a0e\u00a0<strong>599 de estudantes de Gradua\u00e7\u00e3o<\/strong>, a distribui\u00e7\u00e3o das candidaturas abrangeu todo o Brasil:\u00a0<strong>Sudeste (392)<\/strong>,\u00a0<strong>Sul (152)<\/strong>,\u00a0<strong>Nordeste (115)<\/strong>,\u00a0<strong>Centro-Oeste (69)<\/strong>\u00a0e\u00a0<strong>Norte (37)<\/strong>.<\/p>\n<p>Na\u00a0<strong>\u00e1rea de Humanidades<\/strong>\u00a0a vencedora \u00e9\u00a0<strong>Ang\u00e9lica Azevedo e Silva<\/strong>, estudante do curso de Arquitetura e Urbanismo da Universidade de Bras\u00edlia (UnB), pelo trabalho \u201cDiagn\u00f3stico das dimens\u00f5es da sustentabilidade urbana no munic\u00edpio de Cavalcante-GO e Urbanismo Kalunga: sustentabilidade, ancestralidade e identidade\u201d.<\/p>\n<p>Na\u00a0<strong>\u00e1rea de Engenharias, Exatas e Ci\u00eancias da Terra\u00a0<\/strong>a vencedora \u00e9\u00a0<strong>Narayane Ribeiro Medeiros<\/strong>, estudante do curso de Engenharia Aeroespacial do Instituto Tecnol\u00f3gico de Aeron\u00e1utica pelo trabalho \u201cModelagem Preditiva e Visualiza\u00e7\u00e3o Interativa de dados geoespaciais de Emiss\u00f5es de Gases de Efeito Estufa\u201d.<\/p>\n<p>J\u00e1\u00a0<strong>Beatriz Oliveira Santos<\/strong>, estudante do curso de Nutri\u00e7\u00e3o da Faculdade de Sa\u00fade P\u00fablica da Universidade de S\u00e3o Paulo, \u00e9 a vencedora da\u00a0<strong>\u00e1rea de Biol\u00f3gicas e Sa\u00fade<\/strong>\u00a0pelo trabalho \u201cProjeto de Pesquisa: Disputas e Arranjos em Torno da Alimenta\u00e7\u00e3o no Contexto Prisional\u201d.<\/p>\n<p>No Ensino M\u00e9dio as vencedoras s\u00e3o\u00a0<strong>Millena Xavier Martins<\/strong>, estudante do Col\u00e9gio de Aplica\u00e7\u00e3o da Universidade Federal de Vi\u00e7osa (UFV), pelo trabalho \u201cAutinosis: Intelig\u00eancia Artificial na Triagem do Diagn\u00f3stico de Autismo\u201d;\u00a0<strong>Isadora Abreu Leite<\/strong>, estudante do Instituto Federal de Educa\u00e7\u00e3o, Ci\u00eancia e Tecnologia do Maranh\u00e3o (IFMA), pelo projeto \u201cSementes da Mar\u00e9: saberes e fazeres de marisqueiras da costa de manguezais de macromar\u00e9 da Amaz\u00f4nia\u201d; e\u00a0<strong>Ana Elisa Brechane da Silva<\/strong>, estudante da Escola Estadual Prof.\u00aa Maria das Dores Ferreira da Rocha, de Santa Rita d \u0301Oeste (SP), pelo trabalho \u201cConnectBreathe: Sistema Biom\u00e9dico Multiplataforma para Fisioterapia Respirat\u00f3ria com Gameterapia\u201d.<\/p>\n<p><strong>Lucia Ferreira da Silva<\/strong>, estudante do curso de Engenharia Agron\u00f4mica do Instituto Federal do Amap\u00e1, campus Porto Grande, receber\u00e1 a\u00a0<strong>men\u00e7\u00e3o honrosa\u00a0<\/strong>pelo trabalho \u201cAssociativismo e o fortalecimento de lideran\u00e7as femininas da Associa\u00e7\u00e3o dos Artes\u00e3os de Porto Grande\u201d.<\/p>\n<p>Francilene Garcia, vice-presidente da SBPC e coordenadora da premia\u00e7\u00e3o, destacou o n\u00famero recorde de inscri\u00e7\u00f5es, que resultou em uma grande diversidade de iniciativas nas tr\u00eas principais \u00e1reas do conhecimento. \u201cEste n\u00famero recorde refletiu uma rica variedade de propostas nas \u00e1reas de Biol\u00f3gicas e Sa\u00fade (276), Engenharias e Ci\u00eancias da Terra (249) e Humanidades (165). Essa diversidade de projetos, muitos deles ligados a temas de pesquisa com desafios contempor\u00e2neos, exigiu do j\u00fari uma dedica\u00e7\u00e3o e aten\u00e7\u00e3o extraordin\u00e1rias durante o processo de avalia\u00e7\u00e3o. Cada grande \u00e1rea foi dividida em dois grupos de trabalho, e cada inscri\u00e7\u00e3o foi analisada por pelo menos duas juradas. As melhores propostas de cada \u00e1rea foram ent\u00e3o avaliadas pelo j\u00fari, culminando na escolha das duas finalistas de cada categoria (EM e G). O empenho e a dedica\u00e7\u00e3o das juradas, ao final, refletem o sentimento de que h\u00e1 jovens em todas as regi\u00f5es do Pa\u00eds, com grande determina\u00e7\u00e3o e motiva\u00e7\u00e3o para seguir o sonho de se tornarem cientistas\u201d, comentou ela que liderou o grupo que avaliou as estudantes das \u00e1reas de Engenharias e Ci\u00eancias da Terra.<\/p>\n<p>\u201cEsta sexta edi\u00e7\u00e3o, ao reconhecer o trabalho de inicia\u00e7\u00e3o cient\u00edfica no ensino m\u00e9dio e na trajet\u00f3ria dos cursos de gradua\u00e7\u00e3o, oferece mais inspira\u00e7\u00e3o e for\u00e7a para que as meninas sigam seus caminhos em dire\u00e7\u00e3o \u00e0 carreira cient\u00edfica, contando com o apoio das institui\u00e7\u00f5es e das pol\u00edticas p\u00fablicas dispon\u00edveis no Pa\u00eds. Por isso, \u00e9 com grande satisfa\u00e7\u00e3o que a SBPC continua a incentivar e a dar visibilidade \u00e0s iniciativas dessas jovens, que s\u00e3o as futuras Carolinas do nosso pa\u00eds\u201d, ressaltou Garcia.<\/p>\n<p>Fernanda Sobral, diretora da SBPC e membro da Comiss\u00e3o Julgadora, destacou a diversidade e a qualidade dos trabalhos apresentados. \u201cA maioria das candidatas \u00e9 extremamente competente, o que tornou a escolha das finalistas uma tarefa desafiadora. No entanto, \u00e9 gratificante ver o que essas jovens t\u00eam produzido. O que mais me impressionou este ano foi a diversidade, tanto das participantes quanto dos temas abordados. Elas trabalharam quest\u00f5es contempor\u00e2neas como g\u00eanero, ra\u00e7a, meio ambiente e Intelig\u00eancia Artificial\u201d, comentou ela que atuou como coordenadora da equipe que avaliou as alunas de Humanidades.<\/p>\n<p>Mirlene Sim\u00f5es, secret\u00e1ria regional da SBPC-SP Sub\u00e1rea III e membro da Comiss\u00e3o Julgadora da equipe de Humanidades, tamb\u00e9m ressaltou o n\u00edvel e a pluralidade dos trabalhos apresentados. \u201cAs candidatas est\u00e3o muito preparadas, e seus projetos abrangeram uma variedade de temas espalhados por todo o Brasil, refletindo quest\u00f5es atuais da sociedade, como mudan\u00e7as clim\u00e1ticas, desigualdade de g\u00eanero e mercado de trabalho\u201d, afirmou. Ela tamb\u00e9m destacou a complexidade do processo de avalia\u00e7\u00e3o. \u201cFoi um trabalho \u00e1rduo, pois cada candidata trouxe refer\u00eancias riqu\u00edssimas e projetos profundos. A diferen\u00e7a entre as finalistas foi muito pequena, com d\u00e9cimos de diferen\u00e7a, dada a qualidade e profundidade das propostas, que oferecem solu\u00e7\u00f5es inovadoras para os problemas atuais da sociedade.\u201d<\/p>\n<p>Laila Salmen Espindola, diretora da SBPC e coordenadora do grupo avaliador na \u00e1rea de Biol\u00f3gicas e Sa\u00fade, tamb\u00e9m enfatizou o desafio de avaliar os trabalhos devido \u00e0 sua alta qualidade. \u201cRecebemos trabalhos de excel\u00eancia, muitos deles inovadores e de grande interesse, tanto das graduandas quanto das estudantes do ensino m\u00e9dio. A qualidade foi impressionante, com muitos trabalhos cient\u00edficos e tecnol\u00f3gicos de alto n\u00edvel. Na \u00e1rea da Sa\u00fade, destacaram-se as preocupa\u00e7\u00f5es com a inclus\u00e3o de pessoas, diversidade de g\u00eanero e ra\u00e7a, al\u00e9m de quest\u00f5es sociais alinhadas com a pauta da SBPC, como a situa\u00e7\u00e3o de pessoas vulner\u00e1veis e encarceradas. A discuss\u00e3o sobre as disparidades no tratamento de pacientes nos hospitais, dependendo da ra\u00e7a, tamb\u00e9m foi um ponto importante, assim como a inclus\u00e3o social. Foi inspirador ver que muitas candidatas abordaram essas quest\u00f5es\u201d, afirmou.<\/p>\n<p>Rute Maria Gon\u00e7alves de Andrade, secret\u00e1ria regional da SBPC no Piau\u00ed e membro da comiss\u00e3o julgadora na \u00e1rea de Sa\u00fade, destacou o engajamento das estudantes. \u201cA avalia\u00e7\u00e3o dos projetos mostrou como as graduandas e as alunas do ensino m\u00e9dio est\u00e3o envolvidas com temas atuais, de relev\u00e2ncia para a sociedade e de car\u00e1ter multifatorial. Isso gerou propostas que integraram diferentes \u00e1reas do conhecimento, como a combina\u00e7\u00e3o de ci\u00eancias da sa\u00fade com ci\u00eancias humanas\u201d, comentou.<\/p>\n<p>Para Andrade, outro ponto positivo foi a integra\u00e7\u00e3o de diferentes setores e \u00e1reas nas pesquisas. \u201c\u00c9 fundamental destacar a interseccionalidade presente em alguns projetos, o que \u00e9 crucial para a forma\u00e7\u00e3o das futuras pesquisadoras\u201d, concluiu.<\/p>\n<p>Compuseram ainda a Comiss\u00e3o Julgadora Camila Mac\u00eado Medeiros, professora Instituto Federal de Educa\u00e7\u00e3o da Para\u00edba (IFPB0 \u2013 campus Campina Grande; Carolina Prando, representante do Complexo Pequeno Pr\u00edncipe; Celina Miraglia Herreira de Figueiredo, representante da Academia Brasileira de Ci\u00eancias; Cristina Caldas, representante do Instituto Serrapilheira; e Nilviane Pires Silva; da Funda\u00e7\u00e3o de Amparo \u00e0 Pesquisa e ao Desenvolvimento Cient\u00edfico e Tecnol\u00f3gico do Maranh\u00e3o (Fapema), na \u00e1rea de\u00a0 Engenharias e Ci\u00eancias da Terra. Na \u00e1rea de Humanidades foram Marilene Corr\u00eaa da Silva Freitas, diretora da SBPC; V\u00e2nia Beatriz Vasconcelos de Oliveira, da Embrapa Amap\u00e1; Maria Elisa M\u00e1ximo, secret\u00e1ria-regional da SBPC em Santa Catarina; e Ana Paula Morales, representante da Funda\u00e7\u00e3o Conrado Wessel. Na \u00e1rea de Biol\u00f3gicas e Sa\u00fade, completaram o grupo Josineide da Costa Paix\u00e3o, professora titular da Secretaria Estadual de Educa\u00e7\u00e3o do Par\u00e1-SEDUC\/PA; Lucymara Fassarela, secret\u00e1ria regional da SBPC no Rio Grande do Norte; Patr\u00edcia Barbosa Pelegrini, do Minist\u00e9rio da Sa\u00fade, e Heidi Luise Schulte, da Universidade de Bras\u00edlia.<\/p>\n<p>&nbsp;<\/p>\n<h4 id=\"premiacao\"><strong>Premia\u00e7\u00e3o<\/strong><\/h4>\n<p>Nesta 6\u00aa edi\u00e7\u00e3o, as estudantes vencedoras na categoria Ensino M\u00e9dio receber\u00e3o um pr\u00eamio em dinheiro no valor de R$ 7 mil cada. As da Gradua\u00e7\u00e3o ser\u00e3o agraciadas com R$ 10 mil cada uma. Para esta premia\u00e7\u00e3o, a SBPC contou com o patroc\u00ednio de institui\u00e7\u00f5es renomadas, como a\u00a0<strong>Funda\u00e7\u00e3o Conrado Wessel<\/strong>, o\u00a0<strong>Instituto Serrapilheira<\/strong>, a\u00a0<strong>Funda\u00e7\u00e3o de Amparo \u00e0 Pesquisa e ao Desenvolvimento Cient\u00edfico e Tecnol\u00f3gico do Maranh\u00e3o (Fapema)<\/strong>\u00a0e o\u00a0<strong>Complexo Pequeno Pr\u00edncipe<\/strong>.<\/p>\n<p>Al\u00e9m do pr\u00eamio em dinheiro, as seis laureadas ter\u00e3o acesso a uma s\u00e9rie de oportunidades para impulsionar suas carreiras cient\u00edficas. Elas\u00a0<strong>apresentar\u00e3o seus projetos na 77\u00aa Reuni\u00e3o Anual da SBPC<\/strong>, que ocorrer\u00e1 em julho de 2025, em Recife (PE), e participar\u00e3o de uma\u00a0<strong>mentoria exclusiva<\/strong>\u00a0com pesquisadores de destaque, ampliando suas perspectivas acad\u00eamicas e profissionais. As premiadas tamb\u00e9m ser\u00e3o contempladas com uma\u00a0<strong>visita guiada ao Centro Nacional de Pesquisa em Energia e Materiais (CNPEM),<\/strong>\u00a0em Campinas onde est\u00e1 localizado o Laborat\u00f3rio Nacional de Luz S\u00edncrotron, a \u00fanica fonte de luz s\u00edncrotron da Am\u00e9rica Latina.<\/p>\n<p>&nbsp;<\/p>\n<h4 id=\"homenagem-as-cientistas-brasileiras\"><strong>Homenagem \u00e0s cientistas brasileiras<\/strong><\/h4>\n<p>Criado em 2019, o Pr\u00eamio \u201cCarolina Bori Ci\u00eancia &amp; Mulher\u201d \u00e9 uma homenagem da SBPC \u00e0s cientistas brasileiras destacadas e \u00e0s futuras cientistas brasileiras de not\u00f3rio talento, que leva o nome de sua primeira presidente mulher, Carolina Martuscelli Bori. A SBPC \u2013 que j\u00e1 teve tr\u00eas mulheres presidentes e hoje a maioria da Diretoria \u00e9 feminina \u2013 criou essa premia\u00e7\u00e3o por acreditar que homenagear as cientistas brasileiras e incentivar as meninas a se interessarem por este universo \u00e9 uma a\u00e7\u00e3o marcante de sua trajet\u00f3ria hist\u00f3rica, na qual tantas mulheres foram protagonistas do trabalho e de anos de lutas e sucesso da maior sociedade cient\u00edfica do Pa\u00eds e da Am\u00e9rica do Sul.<\/p>\n<p><strong>Confira abaixo a lista das premiadas da 6\u00aa Edi\u00e7\u00e3o do Pr\u00eamio \u201cCarolina Bori Ci\u00eancia &amp; Mulher\u201d \u2013 Meninas na Ci\u00eancia:<\/strong><\/p>\n<p>&nbsp;<\/p>\n<p><strong>Categoria ENSINO M\u00c9DIO:<\/strong><\/p>\n<p><strong>Engenharias, Exatas e Ci\u00eancias da Terra\u00a0\u2013<\/strong>\u00a0Millena Xavier Martins (MG)<\/p>\n<p><strong>Humanidades\u00a0\u2013<\/strong>\u00a0Isadora Abreu Leite (MA)<\/p>\n<p><strong>Biol\u00f3gicas e Sa\u00fade\u00a0\u2013<\/strong>\u00a0Ana Elisa Brechane da Silva (SP)<\/p>\n<p>&nbsp;<\/p>\n<p><strong>Categoria GRADUA\u00c7\u00c3O:<\/strong><\/p>\n<p><strong>Engenharias, Exatas e Ci\u00eancias da Terra<\/strong>\u00a0\u2013 Narayane Ribeiro Medeiros (SP)<\/p>\n<p><strong>Humanidades\u00a0\u2013<\/strong>\u00a0Ang\u00e9lica Azevedo e Silva (DF)<\/p>\n<p><strong>Biol\u00f3gicas e Sa\u00fade<\/strong>\u00a0<strong>\u2013<\/strong>\u00a0Beatriz Oliveira Santos (SP)<\/p>\n<p>&nbsp;<\/p>\n<p><strong>MEN\u00c7\u00c3O HONROSA:\u00a0<\/strong>Lucia Ferreira da Silva (AP)<\/p>\n<p>&nbsp;<\/p>\n<p><span style=\"color: #808080;\"><em>Jornal da Ci\u00eancia<\/em><\/span><\/p>\n","protected":false},"excerpt":{"rendered":"Seis estudantes do Ensino M\u00e9dio e Gradua\u00e7\u00e3o foram selecionadas entre 765 indica\u00e7\u00f5es&hellip;\n","protected":false},"author":19,"featured_media":7066,"comment_status":"open","ping_status":"open","sticky":false,"template":"","format":"standard","meta":[],"categories":[1,2],"tags":[],"acf":[],"_links":{"self":[{"href":"https:\/\/revistacienciaecultura.org.br\/index.php?rest_route=\/wp\/v2\/posts\/7844"}],"collection":[{"href":"https:\/\/revistacienciaecultura.org.br\/index.php?rest_route=\/wp\/v2\/posts"}],"about":[{"href":"https:\/\/revistacienciaecultura.org.br\/index.php?rest_route=\/wp\/v2\/types\/post"}],"author":[{"embeddable":true,"href":"https:\/\/revistacienciaecultura.org.br\/index.php?rest_route=\/wp\/v2\/users\/19"}],"replies":[{"embeddable":true,"href":"https:\/\/revistacienciaecultura.org.br\/index.php?rest_route=%2Fwp%2Fv2%2Fcomments&post=7844"}],"version-history":[{"count":2,"href":"https:\/\/revistacienciaecultura.org.br\/index.php?rest_route=\/wp\/v2\/posts\/7844\/revisions"}],"predecessor-version":[{"id":7846,"href":"https:\/\/revistacienciaecultura.org.br\/index.php?rest_route=\/wp\/v2\/posts\/7844\/revisions\/7846"}],"wp:featuredmedia":[{"embeddable":true,"href":"https:\/\/revistacienciaecultura.org.br\/index.php?rest_route=\/wp\/v2\/media\/7066"}],"wp:attachment":[{"href":"https:\/\/revistacienciaecultura.org.br\/index.php?rest_route=%2Fwp%2Fv2%2Fmedia&parent=7844"}],"wp:term":[{"taxonomy":"category","embeddable":true,"href":"https:\/\/revistacienciaecultura.org.br\/index.php?rest_route=%2Fwp%2Fv2%2Fcategories&post=7844"},{"taxonomy":"post_tag","embeddable":true,"href":"https:\/\/revistacienciaecultura.org.br\/index.php?rest_route=%2Fwp%2Fv2%2Ftags&post=7844"}],"curies":[{"name":"wp","href":"https:\/\/api.w.org\/{rel}","templated":true}]}}