{"id":7847,"date":"2025-02-11T07:50:49","date_gmt":"2025-02-11T07:50:49","guid":{"rendered":"https:\/\/revistacienciaecultura.org.br\/?p=7847"},"modified":"2025-02-11T11:02:18","modified_gmt":"2025-02-11T11:02:18","slug":"ciencia-para-todas-celebrando-o-dia-internacional-das-mulheres-e-meninas-na-ciencia","status":"publish","type":"post","link":"https:\/\/revistacienciaecultura.org.br\/?p=7847","title":{"rendered":"Ci\u00eancia para Todas: Celebrando o Dia Internacional das Mulheres e Meninas na Ci\u00eancia"},"content":{"rendered":"<h4 id=\"uma-data-para-inspirar-reconhecer-e-fortalecer-a-presenca-feminina-na-ciencia-em-todo-o-mundo\"><span style=\"color: #808080;\">Uma data para inspirar, reconhecer e fortalecer a presen\u00e7a feminina na ci\u00eancia em todo o mundo.<\/span><\/h4>\n<p>&nbsp;<\/p>\n<p>O Dia Internacional das Mulheres e Meninas na Ci\u00eancia, celebrado em 11 de fevereiro, foi institu\u00eddo pela Organiza\u00e7\u00e3o das Na\u00e7\u00f5es Unidas (ONU) em 2015. Essa data tem como objetivo destacar a import\u00e2ncia da equidade de g\u00eanero na ci\u00eancia e na tecnologia, promovendo iniciativas que eliminem barreiras e preconceitos que afastam mulheres e meninas desses campos. A ONU considera essencial aumentar a diversidade no mundo cient\u00edfico para atingir os Objetivos de Desenvolvimento Sustent\u00e1vel (ODS), em especial aqueles relacionados \u00e0 educa\u00e7\u00e3o de qualidade e \u00e0 igualdade de g\u00eanero.<\/p>\n<p>&nbsp;<\/p>\n<h4 id=\"estimular-meninas-e-mulheres-a-ingressarem-na-ciencia-e-essencial-para-combater-a-desigualdade-de-genero-que-ainda-persiste-nesses-campos\" style=\"text-align: center;\"><span style=\"color: #800000;\"><em>\u201cEstimular meninas e mulheres a ingressarem na ci\u00eancia \u00e9 essencial para combater a desigualdade de g\u00eanero que ainda persiste nesses campos.\u201d<\/em><\/span><\/h4>\n<p>&nbsp;<\/p>\n<p>Em 2025, as celebra\u00e7\u00f5es do Dia Internacional das Mulheres e Meninas na Ci\u00eancia ser\u00e3o marcadas por atualiza\u00e7\u00f5es significativas na agenda global. A ONU est\u00e1 refor\u00e7ando seu compromisso com programas que visam capacitar meninas em situa\u00e7\u00e3o de vulnerabilidade e promover maior acesso \u00e0s ci\u00eancias exatas, biol\u00f3gicas e tecnol\u00f3gicas. Al\u00e9m disso, iniciativas de mentorias e redes globais de cientistas mulheres est\u00e3o sendo ampliadas para criar oportunidades de colabora\u00e7\u00e3o internacional e incentivar a perman\u00eancia feminina em carreiras cient\u00edficas.<\/p>\n<h6 id=\"figura-1-cursos-estimulam-maior-presenca-feminina-nas-cienciasfonte-usp-reproducao\" style=\"text-align: center;\"><img loading=\"lazy\" class=\"aligncenter wp-image-7850\" src=\"https:\/\/revistacienciaecultura.org.br\/wp-content\/uploads\/2025\/02\/meninas-1-300x200.jpg\" alt=\"\" width=\"500\" height=\"333\" srcset=\"https:\/\/revistacienciaecultura.org.br\/wp-content\/uploads\/2025\/02\/meninas-1-300x200.jpg 300w, https:\/\/revistacienciaecultura.org.br\/wp-content\/uploads\/2025\/02\/meninas-1-1024x682.jpg 1024w, https:\/\/revistacienciaecultura.org.br\/wp-content\/uploads\/2025\/02\/meninas-1-768x512.jpg 768w, https:\/\/revistacienciaecultura.org.br\/wp-content\/uploads\/2025\/02\/meninas-1-1536x1024.jpg 1536w, https:\/\/revistacienciaecultura.org.br\/wp-content\/uploads\/2025\/02\/meninas-1-18x12.jpg 18w, https:\/\/revistacienciaecultura.org.br\/wp-content\/uploads\/2025\/02\/meninas-1-800x533.jpg 800w, https:\/\/revistacienciaecultura.org.br\/wp-content\/uploads\/2025\/02\/meninas-1-1160x773.jpg 1160w, https:\/\/revistacienciaecultura.org.br\/wp-content\/uploads\/2025\/02\/meninas-1.jpg 1691w\" sizes=\"(max-width: 500px) 100vw, 500px\" \/><br \/>\n<strong>Figura 1. Cursos estimulam maior presen\u00e7a feminina nas ci\u00eancias<br \/>\n<\/strong>(Fonte: USP. Reprodu\u00e7\u00e3o)<\/h6>\n<p>&nbsp;<\/p>\n<p>Estimular meninas e mulheres a ingressarem na ci\u00eancia \u00e9 essencial para combater a desigualdade de g\u00eanero que ainda persiste nesses campos. Dados da UNESCO indicam que apenas cerca de 30% dos pesquisadores no mundo s\u00e3o mulheres. Esse cen\u00e1rio reflete barreiras hist\u00f3ricas e culturais que restringem o acesso feminino \u00e0s ci\u00eancias, desde estere\u00f3tipos de g\u00eanero at\u00e9 a falta de modelos inspiradores. Garantir um ambiente igualit\u00e1rio n\u00e3o s\u00f3 amplia o potencial cient\u00edfico como tamb\u00e9m beneficia toda a sociedade com perspectivas mais diversas e inclusivas.<\/p>\n<p>No Brasil, diversas iniciativas t\u00eam se destacado no incentivo \u00e0 participa\u00e7\u00e3o feminina na ci\u00eancia. Projetos como o \u201cMeninas na Ci\u00eancia\u201d, desenvolvido por universidades federais, e a plataforma \u201c<strong><em><a href=\"https:\/\/www.parentinscience.com\/\" target=\"_blank\" rel=\"noopener\"><span style=\"color: #800000;\">Parent in Science<\/span><\/a><\/em><\/strong>\u201d, que discute os desafios da maternidade na carreira acad\u00eamica, t\u00eam alcan\u00e7ado resultados importantes. Esses programas promovem eventos, workshops e mentorias para inspirar novas gera\u00e7\u00f5es e criar condi\u00e7\u00f5es mais favor\u00e1veis para mulheres cientistas.<\/p>\n<p>&nbsp;<\/p>\n<h4 id=\"promover-equidade-de-genero-na-ciencia-nao-e-apenas-uma-questao-de-justica-social-mas-tambem-de-avanco-para-a-humanidade-como-um-todo\" style=\"text-align: center;\"><span style=\"color: #800000;\"><em>\u201cPromover equidade de g\u00eanero na ci\u00eancia n\u00e3o \u00e9 apenas uma quest\u00e3o de justi\u00e7a social, mas tamb\u00e9m de avan\u00e7o para a humanidade como um todo.\u201d<\/em><\/span><\/h4>\n<p>&nbsp;<\/p>\n<p>Outro destaque nacional \u00e9 o <strong><a href=\"https:\/\/portal.sbpcnet.org.br\/premio-carolina-bori-cienciamulher\/\" target=\"_blank\" rel=\"noopener\"><span style=\"color: #800000;\">Pr\u00eamio Carolina Bori Ci\u00eancia &amp; Mulher<\/span><\/a><\/strong>, promovido pela <a href=\"http:\/\/www.sbpcnet.org.br\/\" target=\"_blank\" rel=\"noopener\"><span style=\"color: #800000;\"><strong>Sociedade Brasileira para o Progresso da Ci\u00eancia (SBPC)<\/strong><\/span><\/a>. Este ano, a cerim\u00f4nia de entrega ocorre no dia 11 de fevereiro e ser\u00e1 dedicada a estudantes que j\u00e1 t\u00eam se destacado em projetos cient\u00edficos. A premia\u00e7\u00e3o busca valorizar trajet\u00f3rias inspiradoras e evidenciar a relev\u00e2ncia da participa\u00e7\u00e3o feminina desde os primeiros passos na pesquisa.<\/p>\n<h6 id=\"figura-2-premio-carolina-bori-ciencia-mulher-promovido-pela-sbpcfonte-sbpc-reproducao\" style=\"text-align: center;\"><img loading=\"lazy\" class=\"aligncenter wp-image-7849\" src=\"https:\/\/revistacienciaecultura.org.br\/wp-content\/uploads\/2025\/02\/meninas-2-300x161.jpg\" alt=\"\" width=\"500\" height=\"268\" srcset=\"https:\/\/revistacienciaecultura.org.br\/wp-content\/uploads\/2025\/02\/meninas-2-300x160.jpg 300w, https:\/\/revistacienciaecultura.org.br\/wp-content\/uploads\/2025\/02\/meninas-2-1024x549.jpg 1024w, https:\/\/revistacienciaecultura.org.br\/wp-content\/uploads\/2025\/02\/meninas-2-768x411.jpg 768w, https:\/\/revistacienciaecultura.org.br\/wp-content\/uploads\/2025\/02\/meninas-2-1536x823.jpg 1536w, https:\/\/revistacienciaecultura.org.br\/wp-content\/uploads\/2025\/02\/meninas-2-18x10.jpg 18w, https:\/\/revistacienciaecultura.org.br\/wp-content\/uploads\/2025\/02\/meninas-2-260x140.jpg 260w, https:\/\/revistacienciaecultura.org.br\/wp-content\/uploads\/2025\/02\/meninas-2-800x429.jpg 800w, https:\/\/revistacienciaecultura.org.br\/wp-content\/uploads\/2025\/02\/meninas-2-560x300.jpg 560w, https:\/\/revistacienciaecultura.org.br\/wp-content\/uploads\/2025\/02\/meninas-2-1160x622.jpg 1160w, https:\/\/revistacienciaecultura.org.br\/wp-content\/uploads\/2025\/02\/meninas-2.jpg 1691w\" sizes=\"(max-width: 500px) 100vw, 500px\" \/><br \/>\n<strong>Figura 2. Pr\u00eamio \u201cCarolina Bori Ci\u00eancia &amp; Mulher\u201d, promovido pela SBPC<br \/>\n<\/strong>(Fonte: SBPC. Reprodu\u00e7\u00e3o)<\/h6>\n<p>&nbsp;<\/p>\n<p>Ao celebrar a data, \u00e9 fundamental reconhecer que avan\u00e7ar em igualdade na ci\u00eancia \u00e9 uma jornada coletiva. Pol\u00edticas p\u00fablicas, apoio institucional e conscientiza\u00e7\u00e3o social devem caminhar lado a lado para garantir que meninas e mulheres n\u00e3o apenas entrem, mas permane\u00e7am e prosperem no meio acad\u00eamico. Afinal, promover equidade de g\u00eanero na ci\u00eancia n\u00e3o \u00e9 apenas uma quest\u00e3o de justi\u00e7a social, mas tamb\u00e9m de avan\u00e7o para a humanidade como um todo.<\/p>\n<p>Neste 11 de fevereiro, a celebra\u00e7\u00e3o do Dia Internacional das Mulheres e Meninas na Ci\u00eancia refor\u00e7a a mensagem de que \u00e9 poss\u00edvel e necess\u00e1rio transformar desafios em oportunidades. Que cada menina e mulher que sonha em explorar os mist\u00e9rios do universo encontre o apoio e o reconhecimento para brilhar em seu caminho cient\u00edfico. Afinal, a ci\u00eancia se torna mais rica e completa quando todos podem fazer parte dela.<\/p>\n<p>&nbsp;<\/p>\n<h6 id=\"capa-foto-por-freepik-com-reproducao\"><strong>Capa. Foto por Freepik.com. Reprodu\u00e7\u00e3o<\/strong><\/h6>\n","protected":false},"excerpt":{"rendered":"Uma data para inspirar, reconhecer e fortalecer a presen\u00e7a feminina na ci\u00eancia&hellip;\n","protected":false},"author":19,"featured_media":7848,"comment_status":"open","ping_status":"open","sticky":false,"template":"","format":"standard","meta":[],"categories":[1,2],"tags":[],"acf":[],"_links":{"self":[{"href":"https:\/\/revistacienciaecultura.org.br\/index.php?rest_route=\/wp\/v2\/posts\/7847"}],"collection":[{"href":"https:\/\/revistacienciaecultura.org.br\/index.php?rest_route=\/wp\/v2\/posts"}],"about":[{"href":"https:\/\/revistacienciaecultura.org.br\/index.php?rest_route=\/wp\/v2\/types\/post"}],"author":[{"embeddable":true,"href":"https:\/\/revistacienciaecultura.org.br\/index.php?rest_route=\/wp\/v2\/users\/19"}],"replies":[{"embeddable":true,"href":"https:\/\/revistacienciaecultura.org.br\/index.php?rest_route=%2Fwp%2Fv2%2Fcomments&post=7847"}],"version-history":[{"count":2,"href":"https:\/\/revistacienciaecultura.org.br\/index.php?rest_route=\/wp\/v2\/posts\/7847\/revisions"}],"predecessor-version":[{"id":7853,"href":"https:\/\/revistacienciaecultura.org.br\/index.php?rest_route=\/wp\/v2\/posts\/7847\/revisions\/7853"}],"wp:featuredmedia":[{"embeddable":true,"href":"https:\/\/revistacienciaecultura.org.br\/index.php?rest_route=\/wp\/v2\/media\/7848"}],"wp:attachment":[{"href":"https:\/\/revistacienciaecultura.org.br\/index.php?rest_route=%2Fwp%2Fv2%2Fmedia&parent=7847"}],"wp:term":[{"taxonomy":"category","embeddable":true,"href":"https:\/\/revistacienciaecultura.org.br\/index.php?rest_route=%2Fwp%2Fv2%2Fcategories&post=7847"},{"taxonomy":"post_tag","embeddable":true,"href":"https:\/\/revistacienciaecultura.org.br\/index.php?rest_route=%2Fwp%2Fv2%2Ftags&post=7847"}],"curies":[{"name":"wp","href":"https:\/\/api.w.org\/{rel}","templated":true}]}}