{"id":7867,"date":"2025-02-26T07:30:20","date_gmt":"2025-02-26T07:30:20","guid":{"rendered":"https:\/\/revistacienciaecultura.org.br\/?p=7867"},"modified":"2025-02-05T19:44:56","modified_gmt":"2025-02-05T19:44:56","slug":"a-viagem-de-charles-darwin-pelo-brasil","status":"publish","type":"post","link":"https:\/\/revistacienciaecultura.org.br\/?p=7867","title":{"rendered":"A viagem de Charles Darwin pelo Brasil"},"content":{"rendered":"<h4 id=\"entre-maravilhas-tropicais-e-criticas-a-escravidao-a-passagem-do-naturalista-pelo-pais-foi-um-marco-na-ciencia-e-na-historia\"><span style=\"color: #808080;\">Entre maravilhas tropicais e cr\u00edticas \u00e0 escravid\u00e3o, a passagem do naturalista pelo pa\u00eds foi um marco na ci\u00eancia e na hist\u00f3ria<\/span><\/h4>\n<p>&nbsp;<\/p>\n<p>\u201cA viagem do Beagle foi, de longe, o acontecimento mais importante na minha vida\u201d. Assim escreveu Charles Darwin, anos depois, relembrando a jornada de quase cinco anos que mudou para sempre os rumos da ci\u00eancia. Quando o HMS Beagle atracou em Salvador, em 28 de fevereiro de 1832, Darwin era um jovem de 23 anos, ansioso para explorar o desconhecido. A natureza tropical brasileira o deslumbrava. Logo em seu di\u00e1rio, registrou: \u201cDel\u00edcia \u00e9 termo insuficiente para dar conta das emo\u00e7\u00f5es sentidas por um naturalista na floresta brasileira\u201d.<\/p>\n<p>Darwin encontrou no Brasil uma biodiversidade \u00fanica, especialmente na Mata Atl\u00e2ntica, descrita como \u201cluxuriante\u201d. Ele coletou amostras de plantas, animais e minerais, enviando-as a Cambridge, onde especialistas analisaram seus achados. Essas contribui\u00e7\u00f5es o al\u00e7aram \u00e0 fama cient\u00edfica antes mesmo de retornar \u00e0 Inglaterra.<\/p>\n<p>&nbsp;<\/p>\n<h4 id=\"entre-encantos-naturais-e-realidades-amargas\"><strong>Entre encantos naturais e realidades amargas<\/strong><\/h4>\n<p>Se as paisagens brasileiras encantaram o jovem naturalista, a realidade social o indignou. Darwin, cuja fam\u00edlia era ativa na luta contra a escravid\u00e3o, ficou chocado com o sistema escravocrata no pa\u00eds. Em Salvador e Rio de Janeiro, ele testemunhou cenas que marcaram suas anota\u00e7\u00f5es, como a resist\u00eancia de escravizados e a brutalidade dos senhores.<\/p>\n<h6 id=\"figura-1-enseada-de-botafogo-rio-de-janeiro-por-conrad-martensfonte-reproducao-do-livro-aventuras-e-descobertas-de-darwin-a-bordo-do-beagle-jorge-zahar-2004\" style=\"text-align: center;\"><img loading=\"lazy\" class=\"aligncenter wp-image-7870\" src=\"https:\/\/revistacienciaecultura.org.br\/wp-content\/uploads\/2025\/02\/darwin-1-300x179.jpg\" alt=\"\" width=\"500\" height=\"298\" srcset=\"https:\/\/revistacienciaecultura.org.br\/wp-content\/uploads\/2025\/02\/darwin-1-300x179.jpg 300w, https:\/\/revistacienciaecultura.org.br\/wp-content\/uploads\/2025\/02\/darwin-1-1024x611.jpg 1024w, https:\/\/revistacienciaecultura.org.br\/wp-content\/uploads\/2025\/02\/darwin-1-768x458.jpg 768w, https:\/\/revistacienciaecultura.org.br\/wp-content\/uploads\/2025\/02\/darwin-1-18x12.jpg 18w, https:\/\/revistacienciaecultura.org.br\/wp-content\/uploads\/2025\/02\/darwin-1-800x477.jpg 800w, https:\/\/revistacienciaecultura.org.br\/wp-content\/uploads\/2025\/02\/darwin-1-1160x692.jpg 1160w, https:\/\/revistacienciaecultura.org.br\/wp-content\/uploads\/2025\/02\/darwin-1.jpg 1477w\" sizes=\"(max-width: 500px) 100vw, 500px\" \/><strong>Figura 1. Enseada de Botafogo, Rio de Janeiro, por Conrad Martens<br \/>\n<\/strong>(Fonte: Reprodu\u00e7\u00e3o do livro \u201cAventuras e descobertas de Darwin a Bordo do Beagle, Jorge Zahar, 2004)<\/h6>\n<p>&nbsp;<\/p>\n<p>Outro ponto de frustra\u00e7\u00e3o foi a burocracia brasileira. Darwin reclamou do tempo gasto com autoriza\u00e7\u00f5es para explorar o interior do Rio de Janeiro. A irrita\u00e7\u00e3o ficou clara em seus escritos, onde chegou a criticar a administra\u00e7\u00e3o local e os costumes de pousadeiros nas viagens pelo interior.<\/p>\n<p>&nbsp;<\/p>\n<h4 id=\"a-tragedia-e-a-sorte-em-terras-brasileiras\"><strong>A trag\u00e9dia e a sorte em terras brasileiras<\/strong><\/h4>\n<p>Em maio de 1832, Darwin escapou da morte ao recusar participar de uma ca\u00e7ada no Rio Macacu, onde tr\u00eas marinheiros sucumbiram a uma febre fulminante. Durante sua estadia no Rio de Janeiro, residiu em Botafogo, aos p\u00e9s do Corcovado, e realizou expedi\u00e7\u00f5es pela regi\u00e3o.<\/p>\n<p>&nbsp;<\/p>\n<h4 id=\"o-brasil-nao-foi-apenas-um-cenario-de-aventuras-para-darwin-mas-tambem-uma-fonte-crucial-para-o-desenvolvimento-da-teoria-da-evolucao\" style=\"text-align: center;\"><span style=\"color: #800000;\"><em>\u201cO Brasil n\u00e3o foi apenas um cen\u00e1rio de aventuras para Darwin, mas tamb\u00e9m uma fonte crucial para o desenvolvimento da Teoria da Evolu\u00e7\u00e3o.\u201d<\/em><\/span><\/h4>\n<p>&nbsp;<\/p>\n<p>Curiosamente, ele tamb\u00e9m experimentou aspectos mais leves da cultura brasileira, embora nem sempre com entusiasmo. Durante o Carnaval em Salvador, foi alvo de \u201clim\u00f5es de cheiro\u201d \u2014 bolas de cera com \u00e1gua \u2014 e ficou impressionado, mas pouco animado, com as brincadeiras da festa popular.<\/p>\n<p>&nbsp;<\/p>\n<h4 id=\"a-influencia-brasileira-na-teoria-da-evolucao\"><strong>A influ\u00eancia brasileira na teoria da evolu\u00e7\u00e3o<\/strong><\/h4>\n<p>O Brasil n\u00e3o foi apenas um cen\u00e1rio de aventuras para Darwin, mas tamb\u00e9m uma fonte crucial para o desenvolvimento da Teoria da Evolu\u00e7\u00e3o. A diversidade de esp\u00e9cies observadas e a grandiosidade dos ecossistemas tropicais foram inspira\u00e7\u00f5es que, anos depois, culminaram na publica\u00e7\u00e3o de \u201c<em>A Origem das Esp\u00e9cies\u201d<\/em>. Especialistas concordam que a experi\u00eancia brasileira foi fundamental para suas reflex\u00f5es sobre a sele\u00e7\u00e3o natural.<\/p>\n<p>&nbsp;<\/p>\n<h4 id=\"apesar-das-criticas-e-dificuldades-a-passagem-pelo-brasil-foi-um-momento-decisivo-em-sua-vida-e-carreira\" style=\"text-align: center;\"><span style=\"color: #800000;\"><em>\u201cApesar das cr\u00edticas e dificuldades, a passagem pelo Brasil foi um momento decisivo em sua vida e carreira.\u201d<\/em><\/span><\/h4>\n<p>&nbsp;<\/p>\n<p>Em sua \u00faltima passagem pelo Brasil, em 1836, Darwin j\u00e1 estava cansado e desiludido com o sistema escravocrata. Deixou o pa\u00eds agradecendo por nunca mais ter que retornar a um lugar onde a escravid\u00e3o imperava.<\/p>\n<p>&nbsp;<\/p>\n<h4 id=\"a-viagem-do-beagle-um-legado-cientifico\"><strong>A viagem do Beagle: um legado cient\u00edfico<\/strong><\/h4>\n<p>As descobertas de Darwin no Brasil est\u00e3o imortalizadas em seus livros \u201c<em>Viagem de Um Naturalista ao Redor do Mundo\u201d<\/em> e \u201c<em>A Origem das Esp\u00e9cies\u201d<\/em>. Suas anota\u00e7\u00f5es sobre fauna, flora e sociedade brasileira revelam a riqueza de um pa\u00eds que foi palco de um dos cap\u00edtulos mais significativos de sua jornada. Apesar das cr\u00edticas e dificuldades, a passagem pelo Brasil foi, como o pr\u00f3prio Darwin admitiu, um momento decisivo em sua vida e carreira.<\/p>\n<p>&nbsp;<\/p>\n<p><strong><img loading=\"lazy\" class=\"aligncenter wp-image-7869\" src=\"https:\/\/revistacienciaecultura.org.br\/wp-content\/uploads\/2025\/02\/darwin-2-300x212.jpg\" alt=\"\" width=\"500\" height=\"354\" srcset=\"https:\/\/revistacienciaecultura.org.br\/wp-content\/uploads\/2025\/02\/darwin-2-300x212.jpg 300w, https:\/\/revistacienciaecultura.org.br\/wp-content\/uploads\/2025\/02\/darwin-2-1024x725.jpg 1024w, https:\/\/revistacienciaecultura.org.br\/wp-content\/uploads\/2025\/02\/darwin-2-768x544.jpg 768w, https:\/\/revistacienciaecultura.org.br\/wp-content\/uploads\/2025\/02\/darwin-2-18x12.jpg 18w, https:\/\/revistacienciaecultura.org.br\/wp-content\/uploads\/2025\/02\/darwin-2-800x566.jpg 800w, https:\/\/revistacienciaecultura.org.br\/wp-content\/uploads\/2025\/02\/darwin-2.jpg 1041w\" sizes=\"(max-width: 500px) 100vw, 500px\" \/>\u00a0<\/strong><\/p>\n<p><strong>Roteiro de Charles Darwin a bordo do navio HMS Beagle:<\/strong><\/p>\n<p><strong>Partida:\u00a0<\/strong>27\/12\/1831, do porto de Plymouth, Inglaterra<\/p>\n<p><strong>Local 1:\u00a0<\/strong>Arquip\u00e9lago de S\u00e3o Pedro e S\u00e3o Paulo (PE), no Oceano Atl\u00e2ntico<\/p>\n<p><strong>Per\u00edodo:<\/strong>\u00a015\/02\/1832<\/p>\n<p><strong>Local 2:<\/strong>\u00a0Arquip\u00e9lago de Fernando de Noronha (PE)<\/p>\n<p><strong>Per\u00edodo:\u00a0<\/strong>De 19\/02 a 21\/02\/1832<\/p>\n<p><strong>Local 3:<\/strong>\u00a0Salvador (BA)<\/p>\n<p><strong>Per\u00edodo:<\/strong>\u00a028\/02 a 18\/03\/1832<\/p>\n<p><strong>Local 4:<\/strong>\u00a0Rio de Janeiro<\/p>\n<p><strong>Per\u00edodo:\u00a0<\/strong>04\/04 a 05\/07\/1832<\/p>\n<p><strong>Volta ao globo. \u00daltima parada antes do retorno \u00e0 Inglaterra:<\/strong>\u00a0Salvador (BA) e Recife (PE)<\/p>\n<p><strong>Per\u00edodo:<\/strong>\u00a0Agosto de 1836<\/p>\n<p><strong>Chegada:<\/strong> (Falmouth, Inglaterra) em 02\/10\/1836, ap\u00f3s quase cinco anos de viagem.<\/p>\n<p>&nbsp;<\/p>\n<h6 id=\"capa-o-naturalista-charles-darwinfonte-dominio-publico-via-wikimedia-commons\"><strong>Capa. O naturalista Charles Darwin<br \/>\n<\/strong>(Fonte: Dom\u00ednio P\u00fablico via Wikimedia Commons)<\/h6>\n","protected":false},"excerpt":{"rendered":"Entre maravilhas tropicais e cr\u00edticas \u00e0 escravid\u00e3o, a passagem do naturalista pelo&hellip;\n","protected":false},"author":19,"featured_media":7868,"comment_status":"open","ping_status":"open","sticky":false,"template":"","format":"standard","meta":[],"categories":[1,2],"tags":[],"acf":[],"_links":{"self":[{"href":"https:\/\/revistacienciaecultura.org.br\/index.php?rest_route=\/wp\/v2\/posts\/7867"}],"collection":[{"href":"https:\/\/revistacienciaecultura.org.br\/index.php?rest_route=\/wp\/v2\/posts"}],"about":[{"href":"https:\/\/revistacienciaecultura.org.br\/index.php?rest_route=\/wp\/v2\/types\/post"}],"author":[{"embeddable":true,"href":"https:\/\/revistacienciaecultura.org.br\/index.php?rest_route=\/wp\/v2\/users\/19"}],"replies":[{"embeddable":true,"href":"https:\/\/revistacienciaecultura.org.br\/index.php?rest_route=%2Fwp%2Fv2%2Fcomments&post=7867"}],"version-history":[{"count":2,"href":"https:\/\/revistacienciaecultura.org.br\/index.php?rest_route=\/wp\/v2\/posts\/7867\/revisions"}],"predecessor-version":[{"id":7872,"href":"https:\/\/revistacienciaecultura.org.br\/index.php?rest_route=\/wp\/v2\/posts\/7867\/revisions\/7872"}],"wp:featuredmedia":[{"embeddable":true,"href":"https:\/\/revistacienciaecultura.org.br\/index.php?rest_route=\/wp\/v2\/media\/7868"}],"wp:attachment":[{"href":"https:\/\/revistacienciaecultura.org.br\/index.php?rest_route=%2Fwp%2Fv2%2Fmedia&parent=7867"}],"wp:term":[{"taxonomy":"category","embeddable":true,"href":"https:\/\/revistacienciaecultura.org.br\/index.php?rest_route=%2Fwp%2Fv2%2Fcategories&post=7867"},{"taxonomy":"post_tag","embeddable":true,"href":"https:\/\/revistacienciaecultura.org.br\/index.php?rest_route=%2Fwp%2Fv2%2Ftags&post=7867"}],"curies":[{"name":"wp","href":"https:\/\/api.w.org\/{rel}","templated":true}]}}