{"id":7938,"date":"2025-02-18T07:30:54","date_gmt":"2025-02-18T07:30:54","guid":{"rendered":"https:\/\/revistacienciaecultura.org.br\/?p=7938"},"modified":"2025-02-17T18:56:46","modified_gmt":"2025-02-17T18:56:46","slug":"reuniao-regional-da-sbpc-no-es-comeca-nesta-quarta-feira","status":"publish","type":"post","link":"https:\/\/revistacienciaecultura.org.br\/?p=7938","title":{"rendered":"Reuni\u00e3o Regional da SBPC no ES come\u00e7a nesta quarta-feira"},"content":{"rendered":"<h4 id=\"serao-dezenas-de-atracoes-durante-o-evento-que-sera-realizado-entre-os-dias-19-e-21-de-fevereiro-no-campus-de-goiabeiras-da-ufes-em-vitoria\"><span style=\"color: #808080;\">Ser\u00e3o dezenas de atra\u00e7\u00f5es durante o evento, que ser\u00e1 realizado entre os dias\u00a019 e 21 de fevereiro no campus de Goiabeiras da Ufes, em Vit\u00f3ria<\/span><\/h4>\n<p>&nbsp;<\/p>\n<p>A Reuni\u00e3o Regional da Sociedade Brasileira para o Progresso da Ci\u00eancia (SBPC) ser\u00e1 realizada no campus de Goiabeiras da Universidade Federal do Esp\u00edrito Santo (Ufes), em Vit\u00f3ria, a partir desta quarta-feira, 19 de fevereiro. O evento, que se estende at\u00e9 o dia 21, incluir\u00e1 debates, mesas-redondas e uma vers\u00e3o especial do programa \u2018SBPC vai \u00e0 Escola\u2019. Com o tema\u00a0<strong>\u201cClima e Oceano: a urg\u00eancia de construir um futuro sustent\u00e1vel\u201d<\/strong>, o encontro \u00a0reunir\u00e1 especialistas, pesquisadores, professores e o p\u00fablico em geral para discutir a crise clim\u00e1tica e a gest\u00e3o respons\u00e1vel dos oceanos. Todas as atividades s\u00e3o gratuitas e abertas ao p\u00fablico.<\/p>\n<p>A Reuni\u00e3o Regional tamb\u00e9m marca o retorno da SBPC ao Esp\u00edrito Santo, 30 anos ap\u00f3s a realiza\u00e7\u00e3o de sua 46\u00aa Reuni\u00e3o Anual em 1994, com o tema \u201cA \u00e9tica e a consolida\u00e7\u00e3o da democracia\u201d. O evento oferece uma oportunidade para fortalecer o di\u00e1logo com a comunidade local e promover o avan\u00e7o da ci\u00eancia na regi\u00e3o.<\/p>\n<p>A sess\u00e3o de abertura do evento, que ser\u00e1 no dia 19 no Teatro da Ufes, incluir\u00e1 atividades especiais. A programa\u00e7\u00e3o destacar\u00e1 uma homenagem ao f\u00edsico Ennio Candotti, falecido em 6 de dezembro de 2023, e contar\u00e1 com uma confer\u00eancia do professor Paulo Artaxo, do Instituto de F\u00edsica da Universidade de S\u00e3o Paulo (IF-USP) e vice-presidente da SBPC, que ir\u00e1 discutir como construir uma sociedade sustent\u00e1vel. O evento ter\u00e1 transmitido online.<\/p>\n<p>Durante a homenagem, ser\u00e1 lan\u00e7ado um livro dedicado \u00e0 vida de Candotti, organizado por figuras importantes da hist\u00f3ria da SBPC e pelo Centro de Mem\u00f3ria Am\u00e9lia Imp\u00e9rio Hamburger (CMAIH), respons\u00e1vel pelo acervo da entidade. Candotti, conhecido por ser um dos principais defensores da pol\u00edtica cient\u00edfica brasileira, foi quatro vezes presidente da SBPC. Ele acreditava que n\u00e3o havia separa\u00e7\u00e3o entre o desenvolvimento de um pa\u00eds e a preserva\u00e7\u00e3o ambiental. Apaixonado pela Amaz\u00f4nia, fez da regi\u00e3o sua casa e criou um museu a c\u00e9u aberto. Para honrar seu legado, a SBPC continuar\u00e1 com uma programa\u00e7\u00e3o especial em 2025.<\/p>\n<p>Nos dias\u00a0<strong>20 e 21 de fevereiro<\/strong>, a programa\u00e7\u00e3o seguir\u00e1 com mesas-redondas e confer\u00eancias que abordam temas fundamentais para o desenvolvimento sustent\u00e1vel, como:<\/p>\n<ul>\n<li><strong>Adapta\u00e7\u00e3o clim\u00e1tica no Esp\u00edrito Santo<\/strong><\/li>\n<li><strong>Explora\u00e7\u00e3o e preserva\u00e7\u00e3o de biomas oce\u00e2nicos<\/strong><\/li>\n<li><strong>Polui\u00e7\u00e3o atmosf\u00e9rica e sa\u00fade p\u00fablica<\/strong><\/li>\n<li><strong>Tecnologia e prosperidade econ\u00f4mica<\/strong><\/li>\n<li><strong>Impactos e aprendizados do desastre do Rio Doce<\/strong><\/li>\n<li><strong>Educa\u00e7\u00e3o ambiental e pol\u00edticas p\u00fablicas<\/strong><\/li>\n<li><strong>Caminhos para a sustentabilidade<\/strong><\/li>\n<li><strong>Intelig\u00eancia artificial e suas aplica\u00e7\u00f5es cient\u00edficas<\/strong><\/li>\n<\/ul>\n<p>Al\u00e9m disso, o evento oferecer\u00e1 uma\u00a0<strong>vers\u00e3o especial do Programa SBPC vai \u00e0 Escola<\/strong>, com oficinas direcionadas a professores do ensino b\u00e1sico e estudantes de licenciatura, al\u00e9m de exposi\u00e7\u00f5es cient\u00edficas para todas as idades.\u00a0<strong>As atra\u00e7\u00f5es s\u00e3o gratuitas e abertas ao p\u00fablico.<\/strong><\/p>\n<p>\u201cO objetivo dessa atividade \u00e9 proporcionar novos conhecimentos aos professores da educa\u00e7\u00e3o b\u00e1sica, para que eles possam repass\u00e1-los aos seus alunos\u201d, afirma Claudia Linhares Sales, secret\u00e1ria-geral da SBPC e coordenadora-geral da Reuni\u00e3o Regional.<\/p>\n<p>Segundo Sales, a proposta surgiu como uma resposta a um pedido dos pr\u00f3prios capixabas. \u201cUma das principais miss\u00f5es da SBPC \u00e9 a divulga\u00e7\u00e3o cient\u00edfica e a populariza\u00e7\u00e3o da ci\u00eancia, o que se torna uma a\u00e7\u00e3o constante, especialmente voltada ao p\u00fablico da educa\u00e7\u00e3o b\u00e1sica. Durante as Reuni\u00f5es Anuais, temos a \u2018SBPC Jovem\u2019, com uma programa\u00e7\u00e3o cheia de atra\u00e7\u00f5es interativas. No entanto, nas reuni\u00f5es regionais, devido ao tempo dispon\u00edvel, n\u00e3o conseguimos oferecer esse tipo de atividade. Por isso, a Ufes sugeriu uma parceria com a Secretaria de Estado de Educa\u00e7\u00e3o do Esp\u00edrito Santo para promover oficinas e mostras direcionadas aos professores da educa\u00e7\u00e3o b\u00e1sica, mas tamb\u00e9m abertas a todo o p\u00fablico interessado.\u201d<\/p>\n<p>\u201cEmbora a proposta tenha surgido da Ufes, n\u00f3s a acolhemos de imediato. Abra\u00e7amos a ideia e trabalhamos para torn\u00e1-la vi\u00e1vel. A SBPC a recebeu de forma muito positiva, pois acreditamos profundamente que essa \u00e9 uma das nossas miss\u00f5es mais importantes: levar a ci\u00eancia para o cotidiano das pessoas. E fazemos isso principalmente por meio dos professores, que s\u00e3o os respons\u00e1veis por nutrir essa cultura cient\u00edfica nos estudantes. Ao formar bons professores e promover essas oficinas, estamos criando um grande meio para a divulga\u00e7\u00e3o cient\u00edfica\u201d, ressalta Sales.<\/p>\n<p>Para Gabriel Luchini, professor do Departamento de F\u00edsica da Ufes e integrante do comit\u00ea organizador local da Reuni\u00e3o Regional, a edi\u00e7\u00e3o especial do\u00a0<strong>programa<\/strong>\u00a0<strong>\u2018SBPC vai \u00e0 Escola\u2019<\/strong>\u00a0representa uma excelente oportunidade para que crian\u00e7as e jovens vivenciem o processo cient\u00edfico de forma natural, estimulando o pensamento cr\u00edtico. \u201cAtividades como essas muitas vezes s\u00e3o o primeiro passo para que descubram o cientista que existe dentro de si. Sem d\u00favida, \u00e9 uma iniciativa transformadora\u201d, destaca.<\/p>\n<p>Com as diversas atra\u00e7\u00f5es programadas, Luchini, respons\u00e1vel pela vers\u00e3o especial do evento, destaca que o campus da Ufes se transformar\u00e1 em um espa\u00e7o de intensa explora\u00e7\u00e3o, oferecendo ao p\u00fablico a oportunidade de vivenciar experi\u00eancias imersivas que mesclam ci\u00eancia, arte e sustentabilidade. \u201cA programa\u00e7\u00e3o incluir\u00e1 exposi\u00e7\u00f5es din\u00e2micas e acess\u00edveis, proporcionando um aprendizado pr\u00e1tico e envolvente. Al\u00e9m disso, pesquisadores de v\u00e1rias \u00e1reas conduzir\u00e3o oficinas destinadas a estudantes e professores da educa\u00e7\u00e3o b\u00e1sica, alunos de licenciatura e ao p\u00fablico em geral\u201d, conclui ele.<\/p>\n<p>O evento contar\u00e1 com mais de 24 oficinas, sendo necess\u00e1ria inscri\u00e7\u00e3o pr\u00e9via. Entre os destaques est\u00e1 a oficina\u00a0<strong>\u201cSistemas agroflorestais no contexto das mudan\u00e7as clim\u00e1ticas\u201d<\/strong>, na qual os participantes poder\u00e3o explorar o fascinante universo dos sistemas agroflorestais, uma estrat\u00e9gia inovadora que integra produ\u00e7\u00e3o agr\u00edcola com \u00e1rvores e animais, criando ecossistemas mais equilibrados e adaptados aos desafios clim\u00e1ticos.<\/p>\n<p>Os interessados em quest\u00f5es h\u00eddricas poder\u00e3o participar do curso\u00a0<strong>\u201cSeguran\u00e7a h\u00eddrica e desenvolvimento regional sustent\u00e1vel\u201d<\/strong>, que abordar\u00e1 os fatores que influenciam a disponibilidade e qualidade da \u00e1gua, al\u00e9m de seu impacto direto em comunidades e ecossistemas.<\/p>\n<p>Para quem se interessa pelo mundo oce\u00e2nico, haver\u00e1 a oficina\u00a0<strong>\u201cO impacto invis\u00edvel da acidifica\u00e7\u00e3o dos oceanos\u201d<\/strong>, em que ser\u00e1 realizado um experimento pr\u00e1tico e acess\u00edvel para demonstrar como o aumento de di\u00f3xido de carbono afeta o pH da \u00e1gua do mar e as consequ\u00eancias para organismos como corais e moluscos.<\/p>\n<p>Os entusiastas de baleias e golfinhos poder\u00e3o participar da oficina\u00a0<strong>\u201cConversando com Jujuba sobre as baleias e os golfinhos\u201d<\/strong>, uma imers\u00e3o nas esp\u00e9cies emblem\u00e1ticas da costa brasileira e no papel desses animais marinhos no ambiente costeiro capixaba.<\/p>\n<p>Outro destaque ser\u00e1 a oficina\u00a0<strong>\u201cA import\u00e2ncia das popula\u00e7\u00f5es tradicionais no manejo dos recursos pesqueiros no Brasil\u201d<\/strong>, que explorar\u00e1 o papel essencial dessas comunidades na gest\u00e3o sustent\u00e1vel dos recursos pesqueiros marinhos e estuarinos do Pa\u00eds. A oficina abordar\u00e1 conceitos como territ\u00f3rio, identidade e diversidade, al\u00e9m de experi\u00eancias das Reservas Extrativistas Marinhas e dos marcos legais que refor\u00e7am a import\u00e2ncia da organiza\u00e7\u00e3o social para a gest\u00e3o eficiente dos recursos naturais.<\/p>\n<p>O tema das fake news estar\u00e1 presente em duas oficinas:\u00a0<strong>\u201cCombate \u00e0 desinforma\u00e7\u00e3o e o direito \u00e0s informa\u00e7\u00f5es p\u00fablicas: como checar e monitorar informa\u00e7\u00f5es por meio da Lei de Acesso \u00e0 Informa\u00e7\u00e3o (LAI)\u201d<\/strong>\u00a0e\u00a0<strong>\u201cReconhecendo fake news: como ensinar mudan\u00e7as clim\u00e1ticas?\u201d<\/strong>.<\/p>\n<p>Al\u00e9m das oficinas, a edi\u00e7\u00e3o especial do\u00a0<strong>programa \u2018SBPC vai \u00e0 Escola\u2019<\/strong>\u00a0contar\u00e1 com tr\u00eas palestras no Audit\u00f3rio do CCE. A primeira,\u00a0<strong>\u201cO grande pequeno-mundo: como a nanotecnologia est\u00e1 mudando nossas vidas\u201d<\/strong>, ser\u00e1 ministrada por Aldo Jos\u00e9 Gorgatti Zarbin, professor da Universidade Federal do Paran\u00e1 (UFPR) e membro do conselho da SBPC, no dia 20 de fevereiro, \u00e0s 11h40. Durante sua exposi\u00e7\u00e3o, Zarbin ir\u00e1 abordar, de forma did\u00e1tica e com linguagem simples, os principais conceitos relacionados \u00e0 Nanoci\u00eancia e a Nanotecnologia (N&amp;N), fornecendo exemplos de aplica\u00e7\u00f5es reais e perspectivas futuras.<\/p>\n<p>No dia 21, \u00e0s 11h40, Jos\u00e9 Luiz de Souza Pio, professor da Universidade do Amazonas (Ufam) e conselheiro da SBPC, apresentar\u00e1 a confer\u00eancia\u00a0<strong>\u201cRob\u00f3tica Educacional\u201d.\u00a0<\/strong>Nesta palestra, o conferencista ir\u00e1 explorar como a rob\u00f3tica pode estimular o desenvolvimento de habilidades cognitivas, criativas e socioemocionais em estudantes da educa\u00e7\u00e3o b\u00e1sica. \u201cAbordaremos a import\u00e2ncia do pensamento computacional, da aprendizagem baseada em projetos e do desenvolvimento de compet\u00eancias para o s\u00e9culo XXI, como resolu\u00e7\u00e3o de problemas, trabalho em equipe e inova\u00e7\u00e3o. Tamb\u00e9m discutiremos como diferentes plataformas e kits de rob\u00f3tica podem ser aplicados em sala de aula, alinhando-se a curr\u00edculos escolares e promovendo o engajamento dos alunos por meio da experimenta\u00e7\u00e3o pr\u00e1tica\u201d, explica.<\/p>\n<p>E no mesmo dia, \u00e0s 16h40, Ian Cunha, do Instituto Orca, Antonio de Calais J\u00fanior, do Instituto de Pesquisa e Conserva\u00e7\u00e3o Marinha (IPCMar), e Leandro Egert, do Instituto de Pesquisa e Reabilita\u00e7\u00e3o de Animais Marinhos (IPRAM), discutir\u00e3o sobre\u00a0<strong>\u201cAnimais Marinhos\u201d<\/strong>.<\/p>\n<p>A programa\u00e7\u00e3o tamb\u00e9m incluir\u00e1 cerca de 20 atra\u00e7\u00f5es na Tenda da Ci\u00eancia. Uma delas, chamada\u00a0<strong>\u201cUm oceano de saberes\u201d<\/strong>, permitir\u00e1 que os participantes reflitam sobre a sa\u00fade dos mares, compreendam os desafios da sustentabilidade e descubram formas de contribuir para um futuro equilibrado entre desenvolvimento humano e conserva\u00e7\u00e3o ambiental.<\/p>\n<p>A exposi\u00e7\u00e3o contar\u00e1 ainda com atividades voltadas para a bot\u00e2nica, como a\u00a0<strong>\u201cBot\u00e2nica itinerante\u201d<\/strong>, que oferecer\u00e1 modelos 3D de gr\u00e3os de p\u00f3len, fungos e bri\u00f3fitas, al\u00e9m de jogos educativos sobre sementes, flores e poliniza\u00e7\u00e3o, e pain\u00e9is interativos sobre a morfologia das plantas.<\/p>\n<p>Os amantes das ci\u00eancias exatas poder\u00e3o desfrutar do\u00a0<strong>\u201cShow de F\u00edsica da Ufes\u201d<\/strong>\u00a0e do\u00a0<strong>\u201cShow de Qu\u00edmica: educa\u00e7\u00e3o cient\u00edfica inclusiva\u201d<\/strong>, que proporcionar\u00e3o experi\u00eancias din\u00e2micas e criativas com experimentos e apresenta\u00e7\u00f5es.<\/p>\n<p>Outro atrativo ser\u00e1 a mostra\u00a0<strong>\u201cRembyap\u00f4\u201d<\/strong>, que exibir\u00e1 30 pe\u00e7as exclusivas de bioarte, criadas com materiais retirados diretamente da natureza. A exposi\u00e7\u00e3o convida o p\u00fablico a se conectar com as express\u00f5es ancestrais e a vitalidade art\u00edstica do povo Guarani da aldeia de Boa Esperan\u00e7a.<\/p>\n<p>Para conferir toda a\u00a0<strong>programa\u00e7\u00e3o<\/strong>\u00a0da Reuni\u00e3o Regional da SBPC e realizar sua\u00a0<strong>inscri\u00e7\u00e3o<\/strong>, acesse o site oficial do evento:<span style=\"color: #800000;\"><strong>\u00a0<a style=\"color: #800000;\" href=\"https:\/\/rr.sbpcnet.org.br\/espiritosanto\" target=\"_blank\" rel=\"noopener\">https:\/\/rr.sbpcnet.org.br\/espiritosanto<\/a><\/strong><\/span><\/p>\n<p>&nbsp;<\/p>\n<p><span style=\"color: #808080;\"><em>Jornal da Ci\u00eancia<\/em><\/span><\/p>\n","protected":false},"excerpt":{"rendered":"Ser\u00e3o dezenas de atra\u00e7\u00f5es durante o evento, que ser\u00e1 realizado entre os&hellip;\n","protected":false},"author":19,"featured_media":7784,"comment_status":"open","ping_status":"open","sticky":false,"template":"","format":"standard","meta":[],"categories":[1,2],"tags":[],"acf":[],"_links":{"self":[{"href":"https:\/\/revistacienciaecultura.org.br\/index.php?rest_route=\/wp\/v2\/posts\/7938"}],"collection":[{"href":"https:\/\/revistacienciaecultura.org.br\/index.php?rest_route=\/wp\/v2\/posts"}],"about":[{"href":"https:\/\/revistacienciaecultura.org.br\/index.php?rest_route=\/wp\/v2\/types\/post"}],"author":[{"embeddable":true,"href":"https:\/\/revistacienciaecultura.org.br\/index.php?rest_route=\/wp\/v2\/users\/19"}],"replies":[{"embeddable":true,"href":"https:\/\/revistacienciaecultura.org.br\/index.php?rest_route=%2Fwp%2Fv2%2Fcomments&post=7938"}],"version-history":[{"count":2,"href":"https:\/\/revistacienciaecultura.org.br\/index.php?rest_route=\/wp\/v2\/posts\/7938\/revisions"}],"predecessor-version":[{"id":7940,"href":"https:\/\/revistacienciaecultura.org.br\/index.php?rest_route=\/wp\/v2\/posts\/7938\/revisions\/7940"}],"wp:featuredmedia":[{"embeddable":true,"href":"https:\/\/revistacienciaecultura.org.br\/index.php?rest_route=\/wp\/v2\/media\/7784"}],"wp:attachment":[{"href":"https:\/\/revistacienciaecultura.org.br\/index.php?rest_route=%2Fwp%2Fv2%2Fmedia&parent=7938"}],"wp:term":[{"taxonomy":"category","embeddable":true,"href":"https:\/\/revistacienciaecultura.org.br\/index.php?rest_route=%2Fwp%2Fv2%2Fcategories&post=7938"},{"taxonomy":"post_tag","embeddable":true,"href":"https:\/\/revistacienciaecultura.org.br\/index.php?rest_route=%2Fwp%2Fv2%2Ftags&post=7938"}],"curies":[{"name":"wp","href":"https:\/\/api.w.org\/{rel}","templated":true}]}}