{"id":7942,"date":"2025-02-25T07:30:32","date_gmt":"2025-02-25T07:30:32","guid":{"rendered":"https:\/\/revistacienciaecultura.org.br\/?p=7942"},"modified":"2025-02-24T18:39:00","modified_gmt":"2025-02-24T18:39:00","slug":"reuniao-regional-da-sbpc-leva-mais-de-2-mil-pessoas-ao-campus-da-ufes-em-vitoria","status":"publish","type":"post","link":"https:\/\/revistacienciaecultura.org.br\/?p=7942","title":{"rendered":"Reuni\u00e3o Regional da SBPC leva mais de 2 mil pessoas ao campus da Ufes em Vit\u00f3ria"},"content":{"rendered":"<h4 id=\"com-o-tema-clima-e-oceano-a-urgencia-de-construir-um-futuro-sustentavel-o-evento-realizado-de-19-a-21-de-fevereiro-promoveu-17-debates-13-exposicoes-e-29-oficinas-atraindo-a-comu\"><span style=\"color: #808080;\">Com o tema \u201cClima e Oceano: a urg\u00eancia de construir um futuro sustent\u00e1vel\u201d, o evento realizado de 19 a 21 de fevereiro promoveu 17 debates, 13 exposi\u00e7\u00f5es e 29 oficinas, atraindo a comunidade local para a universidade<\/span><\/h4>\n<p>&nbsp;<\/p>\n<p>A Sociedade Brasileira para o Progresso da Ci\u00eancia (SBPC) realizou na \u00faltima sexta-feira a cerim\u00f4nia de encerramento da Reuni\u00e3o Regional da SBPC no Esp\u00edrito Santo. O evento, feito em parceria com a Ufes, trouxe ao seu campus de Goiabeiras, em Vit\u00f3ria, mais de 2.100 pessoas para tr\u00eas dias intensos de debates e atividades, cujo tema \u2013 \u201cClima e Oceano: a urg\u00eancia de construir um futuro sustent\u00e1vel\u201d \u2013 permeou todas as discuss\u00f5es.<\/p>\n<p>Durante os tr\u00eas dias do encontro, realizado de 19 a 21 de fevereiro, foram promovidas 17 atividades, incluindo cinco confer\u00eancias, oito mesas-redondas, duas sess\u00f5es, uma homenagem e uma reuni\u00e3o. Em paralelo, a atividade \u201cSBPC vai \u00e0 Escola\u201d (Edi\u00e7\u00e3o Especial) levou 13 exposi\u00e7\u00f5es organizadas pela Ufes e parceiros a 1.270 visitantes, enquanto 29 oficinas reuniram 748 inscritos, demonstrando o compromisso de aproximar a ci\u00eancia da comunidade.<\/p>\n<p>O evento teve 1.958 inscritos, dos quais 1.101 efetivaram o credenciamento. Esta edi\u00e7\u00e3o tamb\u00e9m marcou a ades\u00e3o de 48 novos s\u00f3cios \u2013 totalizando 62 membros no Esp\u00edrito Santo \u2013, o que torna o estado apto a reabrir sua Secretaria Regional da SBPC, ap\u00f3s um hiato de quase duas d\u00e9cadas.<\/p>\n<p>&nbsp;<\/p>\n<h4 id=\"alcance-midiatico\"><strong>Alcance midi\u00e1tico<\/strong><\/h4>\n<p>A presen\u00e7a digital do evento ampliou seu impacto junto ao p\u00fablico. As transmiss\u00f5es ao vivo pelo canal da SBPC no YouTube atingiram mais de 1,5 mil visualiza\u00e7\u00f5es, levando o debate para al\u00e9m do campus. Nas redes sociais, os n\u00fameros foram bastante robustos: o perfil da SBPC no Instagram registrou mais de 310 mil visualiza\u00e7\u00f5es durante as semanas de divulga\u00e7\u00e3o do evento, 10 mil intera\u00e7\u00f5es e 1,6 mil novos seguidores, enquanto o perfil da UFES alcan\u00e7ou 30 mil contas, com 37 stories que acumularam 140 mil visualiza\u00e7\u00f5es e 600 cliques. No Facebook, a p\u00e1gina da SBPC somou 60 mil visualiza\u00e7\u00f5es e alcan\u00e7ou 29 mil pessoas.<\/p>\n<p>A Reuni\u00e3o Regional tamb\u00e9m teve destaque nos meios de comunica\u00e7\u00e3o. Aproximadamente 40 reportagens sobre o evento foram publicadas na imprensa especializada e geral, ressaltando a relev\u00e2ncia dos debates sobre os desafios clim\u00e1ticos e a preserva\u00e7\u00e3o dos oceanos. O pr\u00f3prio Jornal da Ci\u00eancia, publica\u00e7\u00e3o da SBPC, produziu mais de 40 mat\u00e9rias sobre o encontro.<\/p>\n<p>\u201cA presen\u00e7a nos jornais leva o nome da SBPC e da Ufes e, mais que isso, leva o tema que estamos discutindo para al\u00e9m da nossa comunidade acad\u00eamica. Nosso maior interesse \u00e9 trazer essa discuss\u00e3o de oceanos e clima para a popula\u00e7\u00e3o\u201d, celebrou a secret\u00e1ria-geral da SBPC e coordenadora-geral do evento, Cl\u00e1udia Linhares Sales. \u201cEstamos muito satisfeitos com o sucesso deste evento e felizes por ver a forte intera\u00e7\u00e3o com a comunidade local. As Reuni\u00f5es Regionais t\u00eam a caracter\u00edstica de discutir temas relevantes para a regi\u00e3o \u2013 um convite para que a popula\u00e7\u00e3o participe dos debates e da busca por solu\u00e7\u00f5es para os problemas de sua comunidade, ao mesmo tempo em que conhece a qualidade da ci\u00eancia produzida em seu estado.\u201d<\/p>\n<p>Na sess\u00e3o, o vice-presidente da SBPC, Paulo Artaxo leu a\u00a0<span style=\"color: #800000;\"><strong><a style=\"color: #800000;\" href=\"https:\/\/www.jornaldaciencia.org.br\/wp-content\/uploads\/2025\/02\/carta-de-vito%CC%81ria.pdf.pdf\">\u201cCarta de Vit\u00f3ria\u201d<\/a><\/strong><\/span>, um manifesto de princ\u00edpios elaborado pelo Conselho da SBPC e sua Diretoria para orientar as futuras a\u00e7\u00f5es no campo da sustentabilidade.\u00a0<strong><span style=\"color: #800000;\"><a style=\"color: #800000;\" href=\"https:\/\/www.jornaldaciencia.org.br\/wp-content\/uploads\/2025\/02\/carta-de-vito%CC%81ria.pdf.pdf\" target=\"_blank\" rel=\"noopener\">O documento pode ser acessado neste link<\/a><\/span><a href=\"https:\/\/www.jornaldaciencia.org.br\/wp-content\/uploads\/2025\/02\/carta-de-vito%CC%81ria.pdf.pdf\" target=\"_blank\" rel=\"noopener\">.<\/a><\/strong><\/p>\n<p>Artaxo ressaltou o \u201csucesso estrondoso\u201d do evento: \u201cTodas as se\u00e7\u00f5es se voltaram a discutir v\u00e1rios aspectos do que vem a ser esse futuro sustent\u00e1vel. Esta reuni\u00e3o tamb\u00e9m demonstrou que fazer ci\u00eancia \u00e9 ter prazer em aprender coisas novas. Em cada mesa, aprendemos algo novo. Vi, por exemplo, uma mesa que mostrou uma integra\u00e7\u00e3o entre a Ufes e as pol\u00edticas p\u00fablicas que n\u00e3o vemos em nenhum outro estado. Queria destacar tamb\u00e9m que essa reuni\u00e3o contou com a presen\u00e7a do presidente do CNPq, da presidente da ABC, de um diretor da Finep e de um da Fapes. Isso mostra o prest\u00edgio e a relev\u00e2ncia que um encontro como este traz para uma institui\u00e7\u00e3o\u201d, destacou.<\/p>\n<p>\u201cA Carta de Vit\u00f3ria \u00e9, de fato, uma vit\u00f3ria, assim como a reabertura da Secretaria Regional aqui no Esp\u00edrito Santo. \u00c9 o resultado de uma luta de muita gente que se empenhou para isso\u201d, acrescentou Cristina Engel de Alvarez, pr\u00f3-reitora de Planejamento e Desenvolvimento Institucional da UFES e conselheira da SBPC. A professora classificou como \u201cimpressionante\u201d a qualidade dos debates promovidos nos tr\u00eas dias de evento e o alcance \u2013 seja pelo n\u00famero de visitantes ao campus, seja pela repercuss\u00e3o nas diversas m\u00eddias. Ela tamb\u00e9m ressaltou o apoio recebido pelas equipes de bastidores, em especial, professores, estudantes e funcion\u00e1rios da Ufes: \u201cningu\u00e9m \u00e9 t\u00e3o bom sozinho quanto n\u00f3s todos juntos\u201d, concluiu.<\/p>\n<p>O reitor da Ufes, professor Eust\u00e1quio Vinicius Ribeiro de Castro, refor\u00e7ou a abrang\u00eancia dos debates, integrando tamb\u00e9m outros temas contempor\u00e2neos \u2013 como intelig\u00eancia artificial e aprendizado humano \u2013 \u00e0s reflex\u00f5es sobre clima e oceanos. Ele tamb\u00e9m parabenizou os 50 monitores, todos estudantes da universidade, que, com entusiasmo e dedica\u00e7\u00e3o, auxiliaram na realiza\u00e7\u00e3o de todas as atividades. \u201cEssa participa\u00e7\u00e3o mostra o engajamento de nossos estudantes nesse projeto\u201d, declarou.<\/p>\n<p>O evento se encerrou com um convite para o pr\u00f3ximo destino: a 77\u00aa Reuni\u00e3o Anual da SBPC, que acontecer\u00e1 de 13 a 19 de julho, na Universidade Federal Rural de Pernambuco (UFRPE), em Recife, com o tema \u201cProgresso \u00e9 Ci\u00eancia em todos os Territ\u00f3rios\u201d.<\/p>\n<p><span style=\"color: #800000;\"><strong><a style=\"color: #800000;\" href=\"https:\/\/www.youtube.com\/watch?v=caL4kI9ogKA\">Assista \u00e0 cerim\u00f4nia completa neste link.<\/a><\/strong><\/span><\/p>\n<p><span style=\"color: #808080;\"><em>Jornal da Ci\u00eancia<\/em><\/span><\/p>\n<p>&nbsp;<\/p>\n<h6 id=\"capa-jardel-rodrigues-sbpc-reproducao\">Capa. Jardel Rodrigues\/ SBPC. Reprodu\u00e7\u00e3o<\/h6>\n","protected":false},"excerpt":{"rendered":"Com o tema \u201cClima e Oceano: a urg\u00eancia de construir um futuro&hellip;\n","protected":false},"author":19,"featured_media":7944,"comment_status":"open","ping_status":"open","sticky":false,"template":"","format":"standard","meta":[],"categories":[1,2],"tags":[],"acf":[],"_links":{"self":[{"href":"https:\/\/revistacienciaecultura.org.br\/index.php?rest_route=\/wp\/v2\/posts\/7942"}],"collection":[{"href":"https:\/\/revistacienciaecultura.org.br\/index.php?rest_route=\/wp\/v2\/posts"}],"about":[{"href":"https:\/\/revistacienciaecultura.org.br\/index.php?rest_route=\/wp\/v2\/types\/post"}],"author":[{"embeddable":true,"href":"https:\/\/revistacienciaecultura.org.br\/index.php?rest_route=\/wp\/v2\/users\/19"}],"replies":[{"embeddable":true,"href":"https:\/\/revistacienciaecultura.org.br\/index.php?rest_route=%2Fwp%2Fv2%2Fcomments&post=7942"}],"version-history":[{"count":2,"href":"https:\/\/revistacienciaecultura.org.br\/index.php?rest_route=\/wp\/v2\/posts\/7942\/revisions"}],"predecessor-version":[{"id":7946,"href":"https:\/\/revistacienciaecultura.org.br\/index.php?rest_route=\/wp\/v2\/posts\/7942\/revisions\/7946"}],"wp:featuredmedia":[{"embeddable":true,"href":"https:\/\/revistacienciaecultura.org.br\/index.php?rest_route=\/wp\/v2\/media\/7944"}],"wp:attachment":[{"href":"https:\/\/revistacienciaecultura.org.br\/index.php?rest_route=%2Fwp%2Fv2%2Fmedia&parent=7942"}],"wp:term":[{"taxonomy":"category","embeddable":true,"href":"https:\/\/revistacienciaecultura.org.br\/index.php?rest_route=%2Fwp%2Fv2%2Fcategories&post=7942"},{"taxonomy":"post_tag","embeddable":true,"href":"https:\/\/revistacienciaecultura.org.br\/index.php?rest_route=%2Fwp%2Fv2%2Ftags&post=7942"}],"curies":[{"name":"wp","href":"https:\/\/api.w.org\/{rel}","templated":true}]}}