{"id":7947,"date":"2025-03-06T07:30:07","date_gmt":"2025-03-06T07:30:07","guid":{"rendered":"https:\/\/revistacienciaecultura.org.br\/?p=7947"},"modified":"2025-03-03T11:25:39","modified_gmt":"2025-03-03T11:25:39","slug":"dia-internacional-da-mulher-reflexoes-avancos-e-desafios-para-2025","status":"publish","type":"post","link":"https:\/\/revistacienciaecultura.org.br\/?p=7947","title":{"rendered":"Dia Internacional da Mulher: Reflex\u00f5es, avan\u00e7os e desafios para 2025"},"content":{"rendered":"<h4 id=\"entenda-a-importancia-historica-do-8-de-marco-os-riscos-enfrentados-pelas-mulheres-na-atualidade-e-como-a-ciencia-pode-impulsionar-a-equidade-de-genero\"><span style=\"color: #808080;\">Entenda a import\u00e2ncia hist\u00f3rica do 8 de mar\u00e7o, os riscos enfrentados pelas mulheres na atualidade e como a ci\u00eancia pode impulsionar a equidade de g\u00eanero.<\/span><\/h4>\n<p><strong>\u00a0<\/strong><\/p>\n<p><strong>\u00a0<\/strong>O Dia Internacional da Mulher, celebrado em 8 de mar\u00e7o, \u00e9 mais do que uma data comemorativa; \u00e9 um marco hist\u00f3rico na luta por igualdade de g\u00eanero e direitos humanos. Reconhecida oficialmente pela <span style=\"color: #800000;\"><strong><a style=\"color: #800000;\" href=\"https:\/\/brasil.un.org\/pt-br\">Organiza\u00e7\u00e3o das Na\u00e7\u00f5es Unidas (ONU)<\/a><\/strong><\/span> em 1977, a data tem suas ra\u00edzes no in\u00edcio do s\u00e9culo XX, quando movimentos feministas reivindicavam melhores condi\u00e7\u00f5es de trabalho, direito ao voto e igualdade social. Desde ent\u00e3o, o 8 de mar\u00e7o simboliza tanto conquistas quanto desafios na constru\u00e7\u00e3o de uma sociedade mais justa.<\/p>\n<p>Para 2025, a ONU prop\u00f5e como tema central a interse\u00e7\u00e3o entre g\u00eanero e tecnologia, destacando a necessidade de incluir as mulheres nas discuss\u00f5es e decis\u00f5es relacionadas \u00e0 inova\u00e7\u00e3o e transforma\u00e7\u00e3o digital. A pauta visa combater desigualdades exacerbadas pela exclus\u00e3o digital e garantir que as vozes femininas sejam ouvidas em setores estrat\u00e9gicos para o futuro da humanidade. A abordagem tamb\u00e9m enfatiza a urg\u00eancia de pol\u00edticas que enfrentem a viol\u00eancia de g\u00eanero online, um problema crescente que afeta milh\u00f5es de mulheres em todo o mundo. (Figura1)<\/p>\n<h6 id=\"figura-1-a-onu-propoe-a-intersecao-entre-genero-e-tecnologia-para-2025-incluindo-as-mulheres-nas-discussoes-sobre-inovacao-e-transformacao-digital-foto-pnud-azerbaijao-onu-mulheres-reproducao\" style=\"text-align: center;\"><img loading=\"lazy\" class=\"aligncenter wp-image-7949\" src=\"https:\/\/revistacienciaecultura.org.br\/wp-content\/uploads\/2025\/03\/dim-1-300x136.jpg\" alt=\"\" width=\"500\" height=\"226\" srcset=\"https:\/\/revistacienciaecultura.org.br\/wp-content\/uploads\/2025\/03\/dim-1-300x136.jpg 300w, https:\/\/revistacienciaecultura.org.br\/wp-content\/uploads\/2025\/03\/dim-1-1024x464.jpg 1024w, https:\/\/revistacienciaecultura.org.br\/wp-content\/uploads\/2025\/03\/dim-1-768x348.jpg 768w, https:\/\/revistacienciaecultura.org.br\/wp-content\/uploads\/2025\/03\/dim-1-1536x696.jpg 1536w, https:\/\/revistacienciaecultura.org.br\/wp-content\/uploads\/2025\/03\/dim-1-18x8.jpg 18w, https:\/\/revistacienciaecultura.org.br\/wp-content\/uploads\/2025\/03\/dim-1-800x362.jpg 800w, https:\/\/revistacienciaecultura.org.br\/wp-content\/uploads\/2025\/03\/dim-1-1160x525.jpg 1160w, https:\/\/revistacienciaecultura.org.br\/wp-content\/uploads\/2025\/03\/dim-1.jpg 1691w\" sizes=\"(max-width: 500px) 100vw, 500px\" \/><br \/>\n<strong>Figura 1. A ONU prop\u00f5e a interse\u00e7\u00e3o entre g\u00eanero e tecnologia para 2025, incluindo as mulheres nas discuss\u00f5es sobre inova\u00e7\u00e3o e transforma\u00e7\u00e3o digital.<br \/>\n<\/strong>(Foto: Pnud Azerbaij\u00e3o\/ ONU Mulheres. Reprodu\u00e7\u00e3o)<\/h6>\n<p>&nbsp;<\/p>\n<h4 id=\"violencia\"><strong>Viol\u00eancia<\/strong><\/h4>\n<p>Apesar dos avan\u00e7os legais e sociais, as mulheres ainda enfrentam desafios significativos, incluindo discrimina\u00e7\u00e3o, desigualdade salarial e viol\u00eancia. Dados da ONU apontam que, globalmente, 1 em cada 3 mulheres j\u00e1 sofreu algum tipo de viol\u00eancia f\u00edsica ou sexual. Al\u00e9m disso, as mulheres continuam sub-representadas em posi\u00e7\u00f5es de lideran\u00e7a pol\u00edtica e corporativa, reflexo de estruturas hist\u00f3ricas de poder que perpetuam desigualdades.<\/p>\n<p>&nbsp;<\/p>\n<h4 id=\"discutir-politicas-de-genero-e-essencial-para-enfrentar-essas-questoes-e-promover-um-ambiente-mais-inclusivo\" style=\"text-align: center;\"><span style=\"color: #800000;\"><em>\u201cDiscutir pol\u00edticas de g\u00eanero \u00e9 essencial para enfrentar essas quest\u00f5es e promover um ambiente mais inclusivo.\u201d<\/em><\/span><\/h4>\n<p>&nbsp;<\/p>\n<p>Discutir pol\u00edticas de g\u00eanero \u00e9 essencial para enfrentar essas quest\u00f5es e promover um ambiente mais inclusivo. Essas discuss\u00f5es v\u00e3o al\u00e9m das fronteiras de g\u00eanero, impactando diretamente o desenvolvimento econ\u00f4mico e social. Estudos mostram que pa\u00edses com maior equidade de g\u00eanero apresentam economias mais fortes e sociedades mais resilientes.<\/p>\n<p>&nbsp;<\/p>\n<h4 id=\"ciencia\"><strong>Ci\u00eancia<\/strong><\/h4>\n<p>A ci\u00eancia desempenha um papel fundamental nesse processo, fornecendo evid\u00eancias para embasar pol\u00edticas p\u00fablicas e iniciativas sociais. Pesquisas sobre viol\u00eancia de g\u00eanero, sa\u00fade reprodutiva e impacto da desigualdade s\u00e3o fundamentais para criar interven\u00e7\u00f5es eficazes. Al\u00e9m disso, a inclus\u00e3o de mulheres na ci\u00eancia n\u00e3o \u00e9 apenas uma quest\u00e3o de justi\u00e7a, mas tamb\u00e9m de efici\u00eancia: a diversidade no campo cient\u00edfico amplia perspectivas e possibilita solu\u00e7\u00f5es mais criativas e abrangentes para os desafios globais.<\/p>\n<p>&nbsp;<\/p>\n<h4 id=\"a-diversidade-no-campo-cientifico-amplia-perspectivas-e-possibilita-solucoes-mais-criativas-e-abrangentes-para-os-desafios-globais\" style=\"text-align: center;\"><span style=\"color: #800000;\"><em>\u201cA diversidade no campo cient\u00edfico amplia perspectivas e possibilita solu\u00e7\u00f5es mais criativas e abrangentes para os desafios globais.\u201d<\/em><\/span><\/h4>\n<p>&nbsp;<\/p>\n<p>No Brasil, iniciativas como o <span style=\"color: #800000;\"><strong><a style=\"color: #800000;\" href=\"https:\/\/portal.sbpcnet.org.br\/premio-carolina-bori-cienciamulher\/\">Pr\u00eamio Carolina Bori<\/a><\/strong><\/span>, da <span style=\"color: #800000;\"><strong><a style=\"color: #800000;\" href=\"http:\/\/www.sbpcnet.org.br\/\">Sociedade Brasileira para o Progresso da Ci\u00eancia (SBPC)<\/a><\/strong><\/span>, reconhecem a contribui\u00e7\u00e3o das mulheres na ci\u00eancia e incentivam futuras gera\u00e7\u00f5es a seguirem carreiras cient\u00edficas. Em 2025, o pr\u00eamio refor\u00e7ou o compromisso com a equidade, premiando pesquisadoras que contribuem para o avan\u00e7o cient\u00edfico e inspiram outras mulheres a romper barreiras. (Figura 2)<\/p>\n<h6 id=\"figura-2-iniciativas-como-o-premio-carolina-bori-da-sbpc-incentivam-futuras-geracoes-a-seguirem-carreiras-cientificas-foto-sbpc-reproducao\" style=\"text-align: center;\"><img loading=\"lazy\" class=\"aligncenter wp-image-7950\" src=\"https:\/\/revistacienciaecultura.org.br\/wp-content\/uploads\/2025\/03\/dim-2-300x180.jpg\" alt=\"\" width=\"500\" height=\"301\" srcset=\"https:\/\/revistacienciaecultura.org.br\/wp-content\/uploads\/2025\/03\/dim-2-300x180.jpg 300w, https:\/\/revistacienciaecultura.org.br\/wp-content\/uploads\/2025\/03\/dim-2-18x12.jpg 18w, https:\/\/revistacienciaecultura.org.br\/wp-content\/uploads\/2025\/03\/dim-2.jpg 660w\" sizes=\"(max-width: 500px) 100vw, 500px\" \/><br \/>\n<strong>Figura 2. Iniciativas como o Pr\u00eamio Carolina Bori da SBPC incentivam futuras gera\u00e7\u00f5es a seguirem carreiras cient\u00edficas.<br \/>\n<\/strong>(Foto: SBPC. Reprodu\u00e7\u00e3o)<\/h6>\n<p>&nbsp;<\/p>\n<p>Promover maior participa\u00e7\u00e3o feminina na ci\u00eancia \u00e9 essencial para transformar n\u00e3o apenas o setor, mas a sociedade como um todo. Mulheres cientistas, ao desafiarem estere\u00f3tipos de g\u00eanero, mostram que talento e inova\u00e7\u00e3o n\u00e3o t\u00eam fronteiras. Seu protagonismo inspira novas gera\u00e7\u00f5es e redefine pap\u00e9is, criando um futuro em que meninas e mulheres possam sonhar e realizar sem limita\u00e7\u00f5es.<\/p>\n<p>&nbsp;<\/p>\n<h6 id=\"capa-a-ciencia-desempenha-um-papel-fundamental-para-combater-desigualdades-de-genero-fornecendo-evidencias-para-embasar-politicas-publicas-e-iniciativas-sociaisfoto-freepik-com-reproducao\"><strong>Capa. <\/strong><strong>A ci\u00eancia desempenha um papel fundamental para combater desigualdades de g\u00eanero, fornecendo evid\u00eancias para embasar pol\u00edticas p\u00fablicas e iniciativas sociais<br \/>\n<\/strong><em>(Foto: Freepik.com. Repr<\/em><em>o<\/em><em>du\u00e7\u00e3o)<\/em><\/h6>\n","protected":false},"excerpt":{"rendered":"Entenda a import\u00e2ncia hist\u00f3rica do 8 de mar\u00e7o, os riscos enfrentados pelas&hellip;\n","protected":false},"author":19,"featured_media":7948,"comment_status":"open","ping_status":"open","sticky":false,"template":"","format":"standard","meta":[],"categories":[1,2],"tags":[],"acf":[],"_links":{"self":[{"href":"https:\/\/revistacienciaecultura.org.br\/index.php?rest_route=\/wp\/v2\/posts\/7947"}],"collection":[{"href":"https:\/\/revistacienciaecultura.org.br\/index.php?rest_route=\/wp\/v2\/posts"}],"about":[{"href":"https:\/\/revistacienciaecultura.org.br\/index.php?rest_route=\/wp\/v2\/types\/post"}],"author":[{"embeddable":true,"href":"https:\/\/revistacienciaecultura.org.br\/index.php?rest_route=\/wp\/v2\/users\/19"}],"replies":[{"embeddable":true,"href":"https:\/\/revistacienciaecultura.org.br\/index.php?rest_route=%2Fwp%2Fv2%2Fcomments&post=7947"}],"version-history":[{"count":2,"href":"https:\/\/revistacienciaecultura.org.br\/index.php?rest_route=\/wp\/v2\/posts\/7947\/revisions"}],"predecessor-version":[{"id":7952,"href":"https:\/\/revistacienciaecultura.org.br\/index.php?rest_route=\/wp\/v2\/posts\/7947\/revisions\/7952"}],"wp:featuredmedia":[{"embeddable":true,"href":"https:\/\/revistacienciaecultura.org.br\/index.php?rest_route=\/wp\/v2\/media\/7948"}],"wp:attachment":[{"href":"https:\/\/revistacienciaecultura.org.br\/index.php?rest_route=%2Fwp%2Fv2%2Fmedia&parent=7947"}],"wp:term":[{"taxonomy":"category","embeddable":true,"href":"https:\/\/revistacienciaecultura.org.br\/index.php?rest_route=%2Fwp%2Fv2%2Fcategories&post=7947"},{"taxonomy":"post_tag","embeddable":true,"href":"https:\/\/revistacienciaecultura.org.br\/index.php?rest_route=%2Fwp%2Fv2%2Ftags&post=7947"}],"curies":[{"name":"wp","href":"https:\/\/api.w.org\/{rel}","templated":true}]}}