{"id":7953,"date":"2025-03-12T07:30:23","date_gmt":"2025-03-12T07:30:23","guid":{"rendered":"https:\/\/revistacienciaecultura.org.br\/?p=7953"},"modified":"2025-03-03T11:49:26","modified_gmt":"2025-03-03T11:49:26","slug":"o-primeiro-olhar-para-as-estrelas-a-historia-do-observatorio-nacional","status":"publish","type":"post","link":"https:\/\/revistacienciaecultura.org.br\/?p=7953","title":{"rendered":"O primeiro olhar para as estrelas: A hist\u00f3ria do Observat\u00f3rio Nacional"},"content":{"rendered":"<h4 id=\"da-fundacao-por-d-pedro-i-a-lideranca-na-ciencia-brasileira-a-trajetoria-do-observatorio-nacional-reflete-o-desenvolvimento-da-astronomia-e-da-geociencia-no-pais\"><span style=\"color: #808080;\">Da funda\u00e7\u00e3o por D. Pedro I \u00e0 lideran\u00e7a na ci\u00eancia brasileira, a trajet\u00f3ria do Observat\u00f3rio Nacional reflete o desenvolvimento da astronomia e da geoci\u00eancia no pa\u00eds.<\/span><\/h4>\n<p>&nbsp;<\/p>\n<p>No dia 15 de outubro de 1827, o Imperador D. Pedro I decretou a cria\u00e7\u00e3o do primeiro observat\u00f3rio astron\u00f4mico oficial do Brasil: o <span style=\"color: #800000;\"><strong><a style=\"color: #800000;\" href=\"https:\/\/www.gov.br\/observatorio\/pt-br\">Observat\u00f3rio Nacional (ON)<\/a><\/strong><\/span>. Com o objetivo de promover estudos astron\u00f4micos, geod\u00e9sicos e n\u00e1uticos, a institui\u00e7\u00e3o foi concebida para colocar o pa\u00eds no mapa da ci\u00eancia internacional e atender \u00e0s demandas pr\u00e1ticas de um territ\u00f3rio em expans\u00e3o. No entanto, suas origens remontam ao s\u00e9culo anterior, revelando uma rica hist\u00f3ria de iniciativas precursoras.<\/p>\n<p><strong>\u00a0<\/strong><\/p>\n<h4 id=\"as-raizes-da-astronomia-no-brasil\"><strong>As ra\u00edzes da astronomia no Brasil<\/strong><\/h4>\n<p>Antes da funda\u00e7\u00e3o do ON, os primeiros esfor\u00e7os astron\u00f4micos no Brasil foram liderados por jesu\u00edtas no Morro do Castelo, Rio de Janeiro, em 1730. D\u00e9cadas depois, em 1780, astr\u00f4nomos portugueses estabeleceram outro observat\u00f3rio no mesmo local, realizando observa\u00e7\u00f5es de astronomia, meteorologia e magnetismo terrestre. Em 1808, com a chegada da fam\u00edlia real, o acervo foi transferido para a Academia Real Militar, dando in\u00edcio a uma estrutura mais organizada de estudos cient\u00edficos.<\/p>\n<h6 id=\"figura-1-edificio-do-observatorio-nacional-no-morro-de-sao-januario-rj-em-1927foto-arquivo-nacional-reproducao\" style=\"text-align: center;\"><img loading=\"lazy\" class=\"aligncenter wp-image-7956\" src=\"https:\/\/revistacienciaecultura.org.br\/wp-content\/uploads\/2025\/03\/on-1-300x227.jpg\" alt=\"\" width=\"500\" height=\"379\" srcset=\"https:\/\/revistacienciaecultura.org.br\/wp-content\/uploads\/2025\/03\/on-1-300x227.jpg 300w, https:\/\/revistacienciaecultura.org.br\/wp-content\/uploads\/2025\/03\/on-1-1024x776.jpg 1024w, https:\/\/revistacienciaecultura.org.br\/wp-content\/uploads\/2025\/03\/on-1-768x582.jpg 768w, https:\/\/revistacienciaecultura.org.br\/wp-content\/uploads\/2025\/03\/on-1-16x12.jpg 16w, https:\/\/revistacienciaecultura.org.br\/wp-content\/uploads\/2025\/03\/on-1-800x606.jpg 800w, https:\/\/revistacienciaecultura.org.br\/wp-content\/uploads\/2025\/03\/on-1-1160x879.jpg 1160w, https:\/\/revistacienciaecultura.org.br\/wp-content\/uploads\/2025\/03\/on-1.jpg 1341w\" sizes=\"(max-width: 500px) 100vw, 500px\" \/><br \/>\n<strong>Figura 1. Edif\u00edcio do Observat\u00f3rio Nacional no morro de S\u00e3o Janu\u00e1rio (RJ) em 1927<br \/>\n<\/strong>(Foto: Arquivo Nacional. Reprodu\u00e7\u00e3o)<\/h6>\n<p>&nbsp;<\/p>\n<p>A ideia de um observat\u00f3rio oficial ganhou for\u00e7a com a independ\u00eancia do Brasil. Em setembro de 1827, inspirado pelos modelos europeus, a Assembleia Geral Legislativa do Imp\u00e9rio autorizou a cria\u00e7\u00e3o do Observat\u00f3rio Astron\u00f4mico. Pouco depois, em outubro, D. Pedro I oficializou a funda\u00e7\u00e3o da institui\u00e7\u00e3o, vinculando-a ao Minist\u00e9rio do Imp\u00e9rio e nomeando o professor Pedro de Alc\u00e2ntara Bellegarde como seu primeiro respons\u00e1vel. Inicialmente, o observat\u00f3rio foi instalado no torre\u00e3o da Escola Militar.<\/p>\n<p><strong>\u00a0<\/strong><\/p>\n<h4 id=\"crescimento-e-desafios\"><strong>Crescimento e desafios<\/strong><\/h4>\n<p>Durante as primeiras d\u00e9cadas, o desenvolvimento do ON foi lento. Apenas em 1845, sob o comando do professor Soulier de Sauve, o observat\u00f3rio passou por uma reorganiza\u00e7\u00e3o significativa. Foi transferido para a Fortaleza da Concei\u00e7\u00e3o e, em 1846, recebeu seu primeiro regulamento. Mais tarde, sob a dire\u00e7\u00e3o do renomado cientista franc\u00eas Emmanuel Liais, a institui\u00e7\u00e3o consolidou-se como refer\u00eancia em astronomia, meteorologia e geof\u00edsica.<\/p>\n<p>&nbsp;<\/p>\n<h4 id=\"a-instituicao-consolidou-se-como-referencia-em-astronomia-meteorologia-e-geofisica\" style=\"text-align: center;\"><span style=\"color: #800000;\"><em>\u201cA institui\u00e7\u00e3o consolidou-se como refer\u00eancia em astronomia, meteorologia e geof\u00edsica.\u201d<\/em><\/span><\/h4>\n<p>&nbsp;<\/p>\n<p>Uma das conquistas mais marcantes dessa \u00e9poca foi a publica\u00e7\u00e3o do <em>Anu\u00e1rio do Observat\u00f3rio<\/em>, em 1885, e da <em>Revista do Observat\u00f3rio<\/em>, em 1886, a primeira revista cient\u00edfica do pa\u00eds.<\/p>\n<p>Com a Proclama\u00e7\u00e3o da Rep\u00fablica, o Imperial Observat\u00f3rio do Rio de Janeiro foi renomeado Observat\u00f3rio Nacional, refletindo o novo contexto pol\u00edtico. Sob a dire\u00e7\u00e3o de cientistas como Luis Cruls e Henrique Charles Morize, o ON liderou importantes miss\u00f5es cient\u00edficas, como a expedi\u00e7\u00e3o ao Brasil Central (1892-1896) que definiu a localiza\u00e7\u00e3o de Bras\u00edlia. Em 1922, a sede foi transferida para o Morro de S\u00e3o Janu\u00e1rio, onde permanece at\u00e9 hoje.<\/p>\n<p>&nbsp;<\/p>\n<h4 id=\"no-seculo-xx-o-observatorio-expandiu-sua-atuacao-em-areas-como-magnetismo-terrestre-sismologia-e-a-disseminacao-da-hora-legal-brasileira\" style=\"text-align: center;\"><span style=\"color: #800000;\"><em>\u201cNo s\u00e9culo XX, o Observat\u00f3rio expandiu sua atua\u00e7\u00e3o em \u00e1reas como magnetismo terrestre, sismologia e a dissemina\u00e7\u00e3o da hora legal brasileira.\u201d<\/em><\/span><\/h4>\n<p>&nbsp;<\/p>\n<p>No s\u00e9culo XX, o Observat\u00f3rio expandiu sua atua\u00e7\u00e3o em \u00e1reas como magnetismo terrestre, sismologia e a dissemina\u00e7\u00e3o da hora legal brasileira. Em 1980, inaugurou o Observat\u00f3rio Astrof\u00edsico Brasileiro, em Minas Gerais, que posteriormente deu origem ao <strong><a href=\"https:\/\/www.gov.br\/lna\/pt-br\"><span style=\"color: #800000;\">Laborat\u00f3rio Nacional de Astrof\u00edsica (LNA)<\/span><\/a><\/strong>.<\/p>\n<h6 id=\"figura-2-laboratorio-nacional-de-astrofisicafoto-lna-reproducao\" style=\"text-align: center;\"><img loading=\"lazy\" class=\"aligncenter wp-image-7955\" src=\"https:\/\/revistacienciaecultura.org.br\/wp-content\/uploads\/2025\/03\/on-2-300x180.jpg\" alt=\"\" width=\"500\" height=\"300\" srcset=\"https:\/\/revistacienciaecultura.org.br\/wp-content\/uploads\/2025\/03\/on-2-300x180.jpg 300w, https:\/\/revistacienciaecultura.org.br\/wp-content\/uploads\/2025\/03\/on-2-1024x614.jpg 1024w, https:\/\/revistacienciaecultura.org.br\/wp-content\/uploads\/2025\/03\/on-2-768x461.jpg 768w, https:\/\/revistacienciaecultura.org.br\/wp-content\/uploads\/2025\/03\/on-2-1536x922.jpg 1536w, https:\/\/revistacienciaecultura.org.br\/wp-content\/uploads\/2025\/03\/on-2-18x12.jpg 18w, https:\/\/revistacienciaecultura.org.br\/wp-content\/uploads\/2025\/03\/on-2-800x480.jpg 800w, https:\/\/revistacienciaecultura.org.br\/wp-content\/uploads\/2025\/03\/on-2-1160x696.jpg 1160w, https:\/\/revistacienciaecultura.org.br\/wp-content\/uploads\/2025\/03\/on-2.jpg 1735w\" sizes=\"(max-width: 500px) 100vw, 500px\" \/><br \/>\n<strong>Figura 2. Laborat\u00f3rio Nacional de Astrof\u00edsica<br \/>\n<\/strong>(Foto: LNA. Reprodu\u00e7\u00e3o)<\/h6>\n<p><strong>\u00a0<\/strong><\/p>\n<h4 id=\"legado-e-preservacao\"><strong>Legado e preserva\u00e7\u00e3o<\/strong><\/h4>\n<p>Al\u00e9m de suas contribui\u00e7\u00f5es cient\u00edficas, o ON desempenhou um papel crucial na preserva\u00e7\u00e3o da hist\u00f3ria da ci\u00eancia no Brasil. Em 1985, o <span style=\"color: #800000;\"><strong><a style=\"color: #800000;\" href=\"https:\/\/www.gov.br\/mast\/pt-br\">Museu de Astronomia e Ci\u00eancias Afins (MAST)<\/a><\/strong><\/span> foi criado para abrigar e preservar o acervo hist\u00f3rico da institui\u00e7\u00e3o. Hoje, o ON permanece como um centro de excel\u00eancia cient\u00edfica, consolidando a posi\u00e7\u00e3o do Brasil no cen\u00e1rio global da astronomia e das geoci\u00eancias.<\/p>\n<p>&nbsp;<\/p>\n<h6 id=\"capa-o-observatorio-nacional-acompanha-o-desenvolvimento-da-astronomia-e-geociencia-no-pais-foto-on-reproducao\"><strong>Capa. O Observat\u00f3rio Nacional acompanha o desenvolvimento da astronomia e geoci\u00eancia no pa\u00eds.<br \/>\n<\/strong>(Foto: ON. Reprodu\u00e7\u00e3o)<\/h6>\n","protected":false},"excerpt":{"rendered":"Da funda\u00e7\u00e3o por D. Pedro I \u00e0 lideran\u00e7a na ci\u00eancia brasileira, a&hellip;\n","protected":false},"author":19,"featured_media":7954,"comment_status":"open","ping_status":"open","sticky":false,"template":"","format":"standard","meta":[],"categories":[1,2],"tags":[],"acf":[],"_links":{"self":[{"href":"https:\/\/revistacienciaecultura.org.br\/index.php?rest_route=\/wp\/v2\/posts\/7953"}],"collection":[{"href":"https:\/\/revistacienciaecultura.org.br\/index.php?rest_route=\/wp\/v2\/posts"}],"about":[{"href":"https:\/\/revistacienciaecultura.org.br\/index.php?rest_route=\/wp\/v2\/types\/post"}],"author":[{"embeddable":true,"href":"https:\/\/revistacienciaecultura.org.br\/index.php?rest_route=\/wp\/v2\/users\/19"}],"replies":[{"embeddable":true,"href":"https:\/\/revistacienciaecultura.org.br\/index.php?rest_route=%2Fwp%2Fv2%2Fcomments&post=7953"}],"version-history":[{"count":2,"href":"https:\/\/revistacienciaecultura.org.br\/index.php?rest_route=\/wp\/v2\/posts\/7953\/revisions"}],"predecessor-version":[{"id":7958,"href":"https:\/\/revistacienciaecultura.org.br\/index.php?rest_route=\/wp\/v2\/posts\/7953\/revisions\/7958"}],"wp:featuredmedia":[{"embeddable":true,"href":"https:\/\/revistacienciaecultura.org.br\/index.php?rest_route=\/wp\/v2\/media\/7954"}],"wp:attachment":[{"href":"https:\/\/revistacienciaecultura.org.br\/index.php?rest_route=%2Fwp%2Fv2%2Fmedia&parent=7953"}],"wp:term":[{"taxonomy":"category","embeddable":true,"href":"https:\/\/revistacienciaecultura.org.br\/index.php?rest_route=%2Fwp%2Fv2%2Fcategories&post=7953"},{"taxonomy":"post_tag","embeddable":true,"href":"https:\/\/revistacienciaecultura.org.br\/index.php?rest_route=%2Fwp%2Fv2%2Ftags&post=7953"}],"curies":[{"name":"wp","href":"https:\/\/api.w.org\/{rel}","templated":true}]}}