{"id":7963,"date":"2025-03-19T07:30:35","date_gmt":"2025-03-19T07:30:35","guid":{"rendered":"https:\/\/revistacienciaecultura.org.br\/?p=7963"},"modified":"2025-03-03T13:39:11","modified_gmt":"2025-03-03T13:39:11","slug":"como-a-ciencia-aberta-impulsiona-a-inclusao-e-o-direito-a-ciencia","status":"publish","type":"post","link":"https:\/\/revistacienciaecultura.org.br\/?p=7963","title":{"rendered":"Como a ci\u00eancia aberta impulsiona a inclus\u00e3o e o direito \u00e0 ci\u00eancia"},"content":{"rendered":"<h4 id=\"movimento-global-promove-acesso-ao-saber-integrando-populacoes-indigenas-quilombolas-e-grupos-marginalizados-ao-universo-cientifico\"><span style=\"color: #808080;\">Movimento global promove acesso ao saber, integrando popula\u00e7\u00f5es ind\u00edgenas, quilombolas e grupos marginalizados ao universo cient\u00edfico.<\/span><\/h4>\n<p>&nbsp;<\/p>\n<p>A <span style=\"color: #800000;\"><strong><a style=\"color: #800000;\" href=\"https:\/\/revistacienciaecultura.org.br\/?p=7915\">Ci\u00eancia Aberta<\/a><\/strong><\/span> est\u00e1 revolucionando a forma como o conhecimento cient\u00edfico \u00e9 produzido e compartilhado. Com princ\u00edpios que defendem o acesso gratuito e inclusivo, ela tem o potencial de reduzir desigualdades, democratizar o saber e aproximar grupos tradicionalmente exclu\u00eddos da ci\u00eancia, como comunidades ind\u00edgenas, quilombolas e popula\u00e7\u00f5es em \u00e1reas rurais e perif\u00e9ricas. Reconhecida pela <span style=\"color: #800000;\"><strong><a style=\"color: #800000;\" href=\"https:\/\/www.unesco.org\/en\">UNESCO<\/a><\/strong><\/span> como uma ferramenta essencial para a justi\u00e7a social e o desenvolvimento sustent\u00e1vel, a Ci\u00eancia Aberta vai al\u00e9m de um movimento acad\u00eamico: \u00e9 uma promessa de transforma\u00e7\u00e3o social.<\/p>\n<p>O conceito de Ci\u00eancia Aberta, promovido pela <span style=\"color: #800000;\"><strong><a style=\"color: #800000;\" href=\"https:\/\/www.unesco.org\/en\">UNESCO<\/a> <\/strong><\/span>e adotado em diversas partes do mundo, visa tornar o conhecimento cient\u00edfico acess\u00edvel e reutiliz\u00e1vel para todos. Por meio de pr\u00e1ticas como o acesso aberto a publica\u00e7\u00f5es, dados abertos e ci\u00eancia cidad\u00e3, ela busca conectar a ci\u00eancia \u00e0s demandas da sociedade e criar um di\u00e1logo inclusivo entre diferentes saberes. De acordo com a <span style=\"color: #800000;\"><strong><a style=\"color: #800000;\" href=\"https:\/\/www.unesco.org\/en\">UNESCO<\/a><\/strong><\/span>, a Ci\u00eancia Aberta \u201cinclui todas as disciplinas cient\u00edficas e aspectos de pr\u00e1ticas acad\u00eamicas, baseando-se em pilares como conhecimento cient\u00edfico aberto, comunica\u00e7\u00e3o cient\u00edfica e di\u00e1logo com sistemas de conhecimento al\u00e9m da ci\u00eancia tradicional.\u201d<\/p>\n<p>&nbsp;<\/p>\n<h4 id=\"impacto-da-ciencia-aberta-na-inclusao-de-populacoes-marginalizadas\"><strong>Impacto da ci\u00eancia aberta na inclus\u00e3o de popula\u00e7\u00f5es marginalizadas<\/strong><\/h4>\n<p>No Brasil, regi\u00f5es rurais e perif\u00e9ricas enfrentam barreiras significativas de acesso ao conhecimento cient\u00edfico devido \u00e0 falta de recursos. A Ci\u00eancia Aberta, aliada ao uso de <span style=\"color: #800000;\"><strong><a style=\"color: #800000;\" href=\"https:\/\/revistacienciaecultura.org.br\/?p=7906\">software livre<\/a><\/strong><\/span>, tem sido um catalisador de mudan\u00e7a. Ferramentas como Linux e LibreOffice oferecem solu\u00e7\u00f5es gratuitas e adapt\u00e1veis, permitindo que escolas e projetos comunit\u00e1rios implementem tecnologias mesmo em condi\u00e7\u00f5es limitadas.<\/p>\n<p>&nbsp;<\/p>\n<h4 id=\"no-brasil-regioes-rurais-e-perifericas-enfrentam-barreiras-significativas-de-acesso-ao-conhecimento-cientifico-devido-a-falta-de-recursos\" style=\"text-align: center;\"><span style=\"color: #800000;\"><em>\u201cNo Brasil, regi\u00f5es rurais e perif\u00e9ricas enfrentam barreiras significativas de acesso ao conhecimento cient\u00edfico devido \u00e0 falta de recursos.\u201d<\/em><\/span><\/h4>\n<p>&nbsp;<\/p>\n<p>Essas iniciativas t\u00eam especial impacto no ensino fundamental e m\u00e9dio, onde a introdu\u00e7\u00e3o de tecnologia e programa\u00e7\u00e3o reduz desigualdades educacionais. \u201cO software livre n\u00e3o apenas elimina custos, mas tamb\u00e9m possibilita o reaproveitamento de equipamentos, ampliando a inclus\u00e3o digital\u201d, explica Nelson Lago, especialista em tecnologia educacional.<\/p>\n<p>A ci\u00eancia aberta tamb\u00e9m \u00e9 uma aliada para as comunidades ind\u00edgenas e quilombolas, oferecendo meios para a preserva\u00e7\u00e3o cultural e o desenvolvimento cient\u00edfico. Plataformas de aprendizado baseadas em c\u00f3digo aberto podem ser adaptadas para incluir idiomas tradicionais e conte\u00fados que valorizem o patrim\u00f4nio hist\u00f3rico desses grupos. Al\u00e9m disso, ferramentas colaborativas permitem que essas comunidades monitorem seus territ\u00f3rios, contribuam com dados sobre biodiversidade e participem ativamente de pesquisas cient\u00edficas. Por exemplo, projetos de ci\u00eancia cidad\u00e3 t\u00eam permitido que quilombolas registrem impactos ambientais em seus territ\u00f3rios, enquanto comunidades ind\u00edgenas utilizam tecnologias abertas para mapear \u00e1reas de preserva\u00e7\u00e3o e fortalecer a gest\u00e3o de seus recursos naturais.<\/p>\n<h6 id=\"figura-1-ciencia-aberta-tambem-pode-ser-uma-aliada-para-as-comunidades-indigenas-e-quilombolas-oferecendo-tanto-acesso-a-recursos-digitais-como-meios-para-a-preservacao-cultural-foto-marcelo-cama\" style=\"text-align: center;\"><img loading=\"lazy\" class=\"aligncenter wp-image-7965\" src=\"https:\/\/revistacienciaecultura.org.br\/wp-content\/uploads\/2025\/03\/ca-1-300x200.jpg\" alt=\"\" width=\"500\" height=\"333\" srcset=\"https:\/\/revistacienciaecultura.org.br\/wp-content\/uploads\/2025\/03\/ca-1-300x200.jpg 300w, https:\/\/revistacienciaecultura.org.br\/wp-content\/uploads\/2025\/03\/ca-1-1024x681.jpg 1024w, https:\/\/revistacienciaecultura.org.br\/wp-content\/uploads\/2025\/03\/ca-1-768x511.jpg 768w, https:\/\/revistacienciaecultura.org.br\/wp-content\/uploads\/2025\/03\/ca-1-1536x1022.jpg 1536w, https:\/\/revistacienciaecultura.org.br\/wp-content\/uploads\/2025\/03\/ca-1-18x12.jpg 18w, https:\/\/revistacienciaecultura.org.br\/wp-content\/uploads\/2025\/03\/ca-1-800x532.jpg 800w, https:\/\/revistacienciaecultura.org.br\/wp-content\/uploads\/2025\/03\/ca-1-1160x772.jpg 1160w, https:\/\/revistacienciaecultura.org.br\/wp-content\/uploads\/2025\/03\/ca-1.jpg 1691w\" sizes=\"(max-width: 500px) 100vw, 500px\" \/><br \/>\n<strong>Figura 1. Ci\u00eancia aberta tamb\u00e9m pode ser uma aliada para as comunidades ind\u00edgenas e quilombolas, oferecendo tanto acesso a recursos digitais como meios para a preserva\u00e7\u00e3o cultural.<br \/>\n<\/strong>(Foto: Marcelo Camargo\/Ag\u00eancia Brasil. Reprodu\u00e7\u00e3o)<\/h6>\n<p>&nbsp;<\/p>\n<p>Apesar do potencial transformador, a Ci\u00eancia Aberta enfrenta desafios. A falta de infraestrutura tecnol\u00f3gica, pol\u00edticas p\u00fablicas espec\u00edficas e capacita\u00e7\u00e3o de profissionais limita sua implementa\u00e7\u00e3o em \u00e1reas remotas. Para que essas barreiras sejam superadas, \u00e9 essencial que governos, universidades e organiza\u00e7\u00f5es n\u00e3o governamentais invistam em parcerias que priorizem a inclus\u00e3o e o fortalecimento da ci\u00eancia cidad\u00e3.<\/p>\n<p>&nbsp;<\/p>\n<p>&nbsp;<\/p>\n<h4 id=\"ao-ampliar-o-acesso-ao-conhecimento-cientifico-a-ciencia-aberta-tambem-fortalece-o-direito-humano-a-ciencia\" style=\"text-align: center;\"><span style=\"color: #800000;\"><em>\u201cAo ampliar o acesso ao conhecimento cient\u00edfico, a Ci\u00eancia Aberta tamb\u00e9m fortalece o direito humano \u00e0 ci\u00eancia.\u201d<\/em><\/span><\/h4>\n<p>&nbsp;<\/p>\n<h4 id=\"ciencia-aberta-e-o-direito-humano-a-ciencia\"><strong>Ci\u00eancia aberta e o direito humano \u00e0 ci\u00eancia<\/strong><\/h4>\n<p>Ao ampliar o acesso ao conhecimento cient\u00edfico, a Ci\u00eancia Aberta tamb\u00e9m fortalece o direito humano \u00e0 ci\u00eancia, um princ\u00edpio consagrado pela UNESCO. A ideia \u00e9 simples, mas poderosa: todos t\u00eam o direito de se beneficiar do progresso cient\u00edfico e de contribuir para ele. Durante a pandemia de Covid-19, vimos o potencial da Ci\u00eancia Aberta em a\u00e7\u00e3o. A colabora\u00e7\u00e3o global e o acesso aberto a dados permitiram avan\u00e7os r\u00e1pidos no desenvolvimento de vacinas e tratamentos. Essa experi\u00eancia destaca a import\u00e2ncia de um sistema cient\u00edfico mais transparente e inclusivo para enfrentar desafios globais.<\/p>\n<h6 id=\"figura-2-ciencia-aberta-durante-pandemia-de-covid-19-permitiu-colaboracao-e-avancos-fundamentais-foto-ascom-hub-reproducao\" style=\"text-align: center;\"><img loading=\"lazy\" class=\"aligncenter wp-image-7966\" src=\"https:\/\/revistacienciaecultura.org.br\/wp-content\/uploads\/2025\/03\/ca-2-300x200.jpg\" alt=\"\" width=\"500\" height=\"333\" srcset=\"https:\/\/revistacienciaecultura.org.br\/wp-content\/uploads\/2025\/03\/ca-2-300x200.jpg 300w, https:\/\/revistacienciaecultura.org.br\/wp-content\/uploads\/2025\/03\/ca-2-1024x681.jpg 1024w, https:\/\/revistacienciaecultura.org.br\/wp-content\/uploads\/2025\/03\/ca-2-768x511.jpg 768w, https:\/\/revistacienciaecultura.org.br\/wp-content\/uploads\/2025\/03\/ca-2-1536x1022.jpg 1536w, https:\/\/revistacienciaecultura.org.br\/wp-content\/uploads\/2025\/03\/ca-2-18x12.jpg 18w, https:\/\/revistacienciaecultura.org.br\/wp-content\/uploads\/2025\/03\/ca-2-800x532.jpg 800w, https:\/\/revistacienciaecultura.org.br\/wp-content\/uploads\/2025\/03\/ca-2-1160x772.jpg 1160w, https:\/\/revistacienciaecultura.org.br\/wp-content\/uploads\/2025\/03\/ca-2.jpg 1691w\" sizes=\"(max-width: 500px) 100vw, 500px\" \/><br \/>\n<strong>Figura 2. Ci\u00eancia aberta durante pandemia de Covid-19 permitiu colabora\u00e7\u00e3o e avan\u00e7os fundamentais.<br \/>\n<\/strong>(Foto: Ascom\/HUB. Reprodu\u00e7\u00e3o)<\/h6>\n<p>&nbsp;<\/p>\n<h6 id=\"capa-ciencia-aberta-foca-na-criacao-disseminacao-e-democratizacao-do-conhecimento-por-meio-da-colaboracao-entre-pesquisadores-foto-freepik-com-reproducao\"><strong>Capa. Ci\u00eancia Aberta foca na cria\u00e7\u00e3o, dissemina\u00e7\u00e3o e democratiza\u00e7\u00e3o do conhecimento por meio da colabora\u00e7\u00e3o entre pesquisadores.<br \/>\n<\/strong>(Foto: Freepik.com. Reprodu\u00e7\u00e3o)<\/h6>\n","protected":false},"excerpt":{"rendered":"Movimento global promove acesso ao saber, integrando popula\u00e7\u00f5es ind\u00edgenas, quilombolas e grupos&hellip;\n","protected":false},"author":19,"featured_media":7964,"comment_status":"open","ping_status":"open","sticky":false,"template":"","format":"standard","meta":[],"categories":[1,2],"tags":[],"acf":[],"_links":{"self":[{"href":"https:\/\/revistacienciaecultura.org.br\/index.php?rest_route=\/wp\/v2\/posts\/7963"}],"collection":[{"href":"https:\/\/revistacienciaecultura.org.br\/index.php?rest_route=\/wp\/v2\/posts"}],"about":[{"href":"https:\/\/revistacienciaecultura.org.br\/index.php?rest_route=\/wp\/v2\/types\/post"}],"author":[{"embeddable":true,"href":"https:\/\/revistacienciaecultura.org.br\/index.php?rest_route=\/wp\/v2\/users\/19"}],"replies":[{"embeddable":true,"href":"https:\/\/revistacienciaecultura.org.br\/index.php?rest_route=%2Fwp%2Fv2%2Fcomments&post=7963"}],"version-history":[{"count":2,"href":"https:\/\/revistacienciaecultura.org.br\/index.php?rest_route=\/wp\/v2\/posts\/7963\/revisions"}],"predecessor-version":[{"id":7968,"href":"https:\/\/revistacienciaecultura.org.br\/index.php?rest_route=\/wp\/v2\/posts\/7963\/revisions\/7968"}],"wp:featuredmedia":[{"embeddable":true,"href":"https:\/\/revistacienciaecultura.org.br\/index.php?rest_route=\/wp\/v2\/media\/7964"}],"wp:attachment":[{"href":"https:\/\/revistacienciaecultura.org.br\/index.php?rest_route=%2Fwp%2Fv2%2Fmedia&parent=7963"}],"wp:term":[{"taxonomy":"category","embeddable":true,"href":"https:\/\/revistacienciaecultura.org.br\/index.php?rest_route=%2Fwp%2Fv2%2Fcategories&post=7963"},{"taxonomy":"post_tag","embeddable":true,"href":"https:\/\/revistacienciaecultura.org.br\/index.php?rest_route=%2Fwp%2Fv2%2Ftags&post=7963"}],"curies":[{"name":"wp","href":"https:\/\/api.w.org\/{rel}","templated":true}]}}