{"id":7969,"date":"2025-03-20T07:30:55","date_gmt":"2025-03-20T07:30:55","guid":{"rendered":"https:\/\/revistacienciaecultura.org.br\/?p=7969"},"modified":"2025-03-04T11:16:58","modified_gmt":"2025-03-04T11:16:58","slug":"a-importancia-vital-das-florestas-para-o-futuro-do-planeta","status":"publish","type":"post","link":"https:\/\/revistacienciaecultura.org.br\/?p=7969","title":{"rendered":"A import\u00e2ncia vital das florestas para o futuro do planeta"},"content":{"rendered":"<h4 id=\"dia-internacional-das-florestas-inspira-reflexao-sobre-a-preservacao-das-florestas-o-papel-das-comunidades-tradicionais-e-as-acoes-necessarias-para-enfrentar-as-mudancas-climaticas\"><span style=\"color: #808080;\">Dia Internacional das Florestas inspira reflex\u00e3o sobre a preserva\u00e7\u00e3o das florestas, o papel das comunidades tradicionais e as a\u00e7\u00f5es necess\u00e1rias para enfrentar as mudan\u00e7as clim\u00e1ticas.<\/span><\/h4>\n<p>&nbsp;<\/p>\n<p>Celebrado em 21 de mar\u00e7o, o Dia Internacional das Florestas foi institu\u00eddo pela Assembleia Geral da <span style=\"color: #800000;\"><strong><a style=\"color: #800000;\" href=\"https:\/\/brasil.un.org\/pt-br\">Organiza\u00e7\u00e3o das Na\u00e7\u00f5es Unidas (ONU)<\/a><\/strong><\/span> em 2012 para destacar a import\u00e2ncia das florestas em escala global. A data promove a conscientiza\u00e7\u00e3o sobre a preserva\u00e7\u00e3o desses ecossistemas essenciais para a sa\u00fade do planeta e para a sobreviv\u00eancia de milh\u00f5es de esp\u00e9cies, incluindo a humana. A cada ano, a celebra\u00e7\u00e3o foca em um tema espec\u00edfico, e para 2025, o lema ser\u00e1 \u201cFlorestas para o Futuro: Sustentabilidade e Resili\u00eancia\u201d, sublinhando o papel das florestas em um contexto de crise clim\u00e1tica e desigualdades socioambientais.<\/p>\n<p>As florestas cobrem cerca de 31% da superf\u00edcie terrestre e abrigam 80% da biodiversidade do planeta. Elas atuam como reguladoras do clima, filtram a \u00e1gua e produzem oxig\u00eanio, sendo fundamentais para a mitiga\u00e7\u00e3o das mudan\u00e7as clim\u00e1ticas. Contudo, dados da ONU mostram que, anualmente, perdemos cerca de 10 milh\u00f5es de hectares de floresta devido ao desmatamento, expans\u00e3o agr\u00edcola e pr\u00e1ticas insustent\u00e1veis. Esse ritmo alarmante amea\u00e7a n\u00e3o apenas esp\u00e9cies, mas tamb\u00e9m os servi\u00e7os ecossist\u00eamicos cruciais para a sobreviv\u00eancia humana.<\/p>\n<p><strong>\u00a0<\/strong><\/p>\n<h4 id=\"povos-originarios-guardioes-da-natureza\"><strong>Povos origin\u00e1rios: guardi\u00f5es da natureza<\/strong><\/h4>\n<p>Um dos aspectos mais debatidos na preserva\u00e7\u00e3o florestal \u00e9 o papel dos povos origin\u00e1rios e comunidades tradicionais. Estudos apontam que \u00e1reas geridas por essas popula\u00e7\u00f5es t\u00eam taxas de desmatamento significativamente mais baixas. No Brasil, por exemplo, as Terras Ind\u00edgenas representam barreiras naturais contra a degrada\u00e7\u00e3o ambiental. Essas comunidades n\u00e3o apenas protegem o ambiente como integram conhecimentos ancestrais \u00e0 conserva\u00e7\u00e3o, contribuindo para pr\u00e1ticas sustent\u00e1veis e equilibradas.<\/p>\n<h6 id=\"figura-1-povos-originarios-sao-fundamentais-para-manutencao-e-preservacao-das-florestasfoto-nigel-dickinson-wwf-reproducao\" style=\"text-align: center;\"><strong><img loading=\"lazy\" class=\"aligncenter wp-image-7972\" src=\"https:\/\/revistacienciaecultura.org.br\/wp-content\/uploads\/2025\/03\/florestas-1-300x200.jpg\" alt=\"\" width=\"500\" height=\"333\" srcset=\"https:\/\/revistacienciaecultura.org.br\/wp-content\/uploads\/2025\/03\/florestas-1-300x200.jpg 300w, https:\/\/revistacienciaecultura.org.br\/wp-content\/uploads\/2025\/03\/florestas-1-1024x683.jpg 1024w, https:\/\/revistacienciaecultura.org.br\/wp-content\/uploads\/2025\/03\/florestas-1-768x512.jpg 768w, https:\/\/revistacienciaecultura.org.br\/wp-content\/uploads\/2025\/03\/florestas-1-18x12.jpg 18w, https:\/\/revistacienciaecultura.org.br\/wp-content\/uploads\/2025\/03\/florestas-1-800x533.jpg 800w, https:\/\/revistacienciaecultura.org.br\/wp-content\/uploads\/2025\/03\/florestas-1.jpg 1056w\" sizes=\"(max-width: 500px) 100vw, 500px\" \/><br \/>\n<\/strong><strong>Figura 1. Povos origin\u00e1rios s\u00e3o fundamentais para manuten\u00e7\u00e3o e preserva\u00e7\u00e3o das florestas<br \/>\n<\/strong>(Foto: Nigel Dickinson \/ WWF. Reprodu\u00e7\u00e3o)<\/h6>\n<p><strong>\u00a0<\/strong><\/p>\n<h4 id=\"florestas-como-aliadas-contra-a-crise-climatica\"><strong>Florestas como aliadas contra a crise clim\u00e1tica<\/strong><\/h4>\n<p>As florestas desempenham um papel essencial no combate \u00e0s mudan\u00e7as clim\u00e1ticas. Funcionando como grandes \u201csumidouros de carbono,\u201d elas absorvem cerca de 2 bilh\u00f5es de toneladas de CO2 por ano, ajudando a estabilizar o clima global. No entanto, o desmatamento transforma as florestas em fontes de emiss\u00e3o de gases de efeito estufa. Proteger as florestas \u00e9, portanto, uma das estrat\u00e9gias mais eficientes e acess\u00edveis para mitigar os efeitos do aquecimento global.<\/p>\n<p>&nbsp;<\/p>\n<h4 id=\"as-terras-indigenas-representam-barreiras-naturais-contra-a-degradacao-ambiental\" style=\"text-align: center;\"><span style=\"color: #800000;\"><em>\u201cAs Terras Ind\u00edgenas representam barreiras naturais contra a degrada\u00e7\u00e3o ambiental.\u201d<\/em><\/span><\/h4>\n<p>&nbsp;<\/p>\n<p>A celebra\u00e7\u00e3o do Dia Internacional das Florestas \u00e9 um lembrete da necessidade de incluir a educa\u00e7\u00e3o ambiental no centro das pol\u00edticas p\u00fablicas. Promover a conscientiza\u00e7\u00e3o desde cedo, especialmente entre as novas gera\u00e7\u00f5es, \u00e9 crucial para garantir que as florestas sejam vistas n\u00e3o apenas como recursos, mas como aliados indispens\u00e1veis para a vida no planeta.<\/p>\n<p>&nbsp;<\/p>\n<h4 id=\"beneficios-das-florestas-para-as-sociedades\"><strong>Benef\u00edcios das florestas para as sociedades<\/strong><\/h4>\n<p>Al\u00e9m de sua import\u00e2ncia ambiental, as florestas trazem in\u00fameros benef\u00edcios para as sociedades humanas. Elas fornecem alimentos, medicamentos e materiais de constru\u00e7\u00e3o, al\u00e9m de sustentarem a economia de milh\u00f5es de pessoas que dependem de seus recursos. Em \u00e1reas urbanas, as florestas contribuem para o bem-estar, reduzindo a polui\u00e7\u00e3o do ar e proporcionando espa\u00e7os de lazer e reconex\u00e3o com a natureza.<\/p>\n<h6 id=\"figura-2-florestas-fornecem-alimentos-medicamentos-e-materiais-de-construcao-sustentando-a-economia-de-milhoes-de-pessoas-foto-agencia-gov-reproducao\" style=\"text-align: center;\"><img loading=\"lazy\" class=\"aligncenter wp-image-7971\" src=\"https:\/\/revistacienciaecultura.org.br\/wp-content\/uploads\/2025\/03\/florestas-2-300x150.jpg\" alt=\"\" width=\"500\" height=\"249\" srcset=\"https:\/\/revistacienciaecultura.org.br\/wp-content\/uploads\/2025\/03\/florestas-2-300x150.jpg 300w, https:\/\/revistacienciaecultura.org.br\/wp-content\/uploads\/2025\/03\/florestas-2-1024x510.jpg 1024w, https:\/\/revistacienciaecultura.org.br\/wp-content\/uploads\/2025\/03\/florestas-2-768x383.jpg 768w, https:\/\/revistacienciaecultura.org.br\/wp-content\/uploads\/2025\/03\/florestas-2-1536x766.jpg 1536w, https:\/\/revistacienciaecultura.org.br\/wp-content\/uploads\/2025\/03\/florestas-2-18x9.jpg 18w, https:\/\/revistacienciaecultura.org.br\/wp-content\/uploads\/2025\/03\/florestas-2-800x399.jpg 800w, https:\/\/revistacienciaecultura.org.br\/wp-content\/uploads\/2025\/03\/florestas-2-1160x578.jpg 1160w, https:\/\/revistacienciaecultura.org.br\/wp-content\/uploads\/2025\/03\/florestas-2.jpg 1691w\" sizes=\"(max-width: 500px) 100vw, 500px\" \/><br \/>\n<strong>Figura 2. Florestas fornecem alimentos, medicamentos e materiais de constru\u00e7\u00e3o, sustentando a economia de milh\u00f5es de pessoas.<br \/>\n<\/strong>(Foto: Ag\u00eancia Gov. Reprodu\u00e7\u00e3o)<\/h6>\n<p>&nbsp;<\/p>\n<p>Proteger as florestas exige uma abordagem multilateral, envolvendo governos, organiza\u00e7\u00f5es n\u00e3o governamentais, comunidades locais e o setor privado. Iniciativas globais como a <span style=\"color: #800000;\"><strong><a style=\"color: #800000;\" href=\"forestdeclaration-org\">Declara\u00e7\u00e3o de Nova York sobre Florestas<\/a><\/strong><\/span> e a Meta de Desmatamento Zero at\u00e9 2030 destacam a import\u00e2ncia de esfor\u00e7os coletivos para frear a degrada\u00e7\u00e3o ambiental. No Brasil, programas de reflorestamento e iniciativas como o pagamento por servi\u00e7os ambientais mostram-se promissoras para alinhar desenvolvimento econ\u00f4mico e sustentabilidade.<\/p>\n<p>&nbsp;<\/p>\n<h4 id=\"as-florestas-desempenham-um-papel-essencial-no-combate-as-mudancas-climaticas\" style=\"text-align: center;\"><span style=\"color: #800000;\"><em>\u201cAs florestas desempenham um papel essencial no combate \u00e0s mudan\u00e7as clim\u00e1ticas.\u201d<\/em><\/span><\/h4>\n<h6 id=\"\"><\/h6>\n<h6 id=\"-2\"><\/h6>\n<h6 id=\"capa-as-florestas-sao-cruciais-em-um-mundo-com-problemas-de-clima-e-desigualdades-sociais-foto-valdemir-cunha-greenpeace-reproducao\"><strong>Capa. As florestas s\u00e3o cruciais em um mundo com problemas de clima e desigualdades sociais.<br \/>\n<\/strong>(Foto: Valdemir Cunha \/ Greenpeace. Reprodu\u00e7\u00e3o)<\/h6>\n","protected":false},"excerpt":{"rendered":"Dia Internacional das Florestas inspira reflex\u00e3o sobre a preserva\u00e7\u00e3o das florestas, o&hellip;\n","protected":false},"author":19,"featured_media":7970,"comment_status":"open","ping_status":"open","sticky":false,"template":"","format":"standard","meta":[],"categories":[1,2],"tags":[],"acf":[],"_links":{"self":[{"href":"https:\/\/revistacienciaecultura.org.br\/index.php?rest_route=\/wp\/v2\/posts\/7969"}],"collection":[{"href":"https:\/\/revistacienciaecultura.org.br\/index.php?rest_route=\/wp\/v2\/posts"}],"about":[{"href":"https:\/\/revistacienciaecultura.org.br\/index.php?rest_route=\/wp\/v2\/types\/post"}],"author":[{"embeddable":true,"href":"https:\/\/revistacienciaecultura.org.br\/index.php?rest_route=\/wp\/v2\/users\/19"}],"replies":[{"embeddable":true,"href":"https:\/\/revistacienciaecultura.org.br\/index.php?rest_route=%2Fwp%2Fv2%2Fcomments&post=7969"}],"version-history":[{"count":4,"href":"https:\/\/revistacienciaecultura.org.br\/index.php?rest_route=\/wp\/v2\/posts\/7969\/revisions"}],"predecessor-version":[{"id":7982,"href":"https:\/\/revistacienciaecultura.org.br\/index.php?rest_route=\/wp\/v2\/posts\/7969\/revisions\/7982"}],"wp:featuredmedia":[{"embeddable":true,"href":"https:\/\/revistacienciaecultura.org.br\/index.php?rest_route=\/wp\/v2\/media\/7970"}],"wp:attachment":[{"href":"https:\/\/revistacienciaecultura.org.br\/index.php?rest_route=%2Fwp%2Fv2%2Fmedia&parent=7969"}],"wp:term":[{"taxonomy":"category","embeddable":true,"href":"https:\/\/revistacienciaecultura.org.br\/index.php?rest_route=%2Fwp%2Fv2%2Fcategories&post=7969"},{"taxonomy":"post_tag","embeddable":true,"href":"https:\/\/revistacienciaecultura.org.br\/index.php?rest_route=%2Fwp%2Fv2%2Ftags&post=7969"}],"curies":[{"name":"wp","href":"https:\/\/api.w.org\/{rel}","templated":true}]}}