{"id":8066,"date":"2025-03-11T07:30:46","date_gmt":"2025-03-11T07:30:46","guid":{"rendered":"https:\/\/revistacienciaecultura.org.br\/?p=8066"},"modified":"2025-03-10T18:12:42","modified_gmt":"2025-03-10T18:12:42","slug":"reuniao-anual-da-sbpc-retorna-ao-recife-apos-12-anos","status":"publish","type":"post","link":"https:\/\/revistacienciaecultura.org.br\/?p=8066","title":{"rendered":"Reuni\u00e3o Anual da SBPC retorna ao Recife ap\u00f3s 12 anos"},"content":{"rendered":"<h4 id=\"com-o-tema-progresso-e-ciencia-em-todos-os-territorios-o-maior-evento-cientifico-da-america-latina-agitara-a-capital-pernambucana-de-13-a-19-de-julho\"><span style=\"color: #808080;\">Com o tema \u201cProgresso \u00e9 Ci\u00eancia em todos os Territ\u00f3rios\u201d, o maior evento cient\u00edfico da Am\u00e9rica Latina agitar\u00e1 a capital pernambucana de 13 a 19 de julho.\u00a0<\/span><\/h4>\n<p>&nbsp;<\/p>\n<p>Ap\u00f3s 12 anos, Recife volta a receber a Reuni\u00e3o Anual Sociedade Brasileira para o Progresso da Ci\u00eancia (SBPC). Em sua 77\u00aa edi\u00e7\u00e3o, o maior evento cient\u00edfica da Am\u00e9rica Latina ser\u00e1 realizado pela primeira vez na Universidade Federal Rural de Pernambuco (UFRPE) e ter\u00e1 com tema\u00a0<strong>\u201cProgresso \u00e9 Ci\u00eancia em todos os Territ\u00f3rios\u201d<\/strong>. O encontro destacar\u00e1 a ci\u00eancia como pilar essencial para um desenvolvimento sustent\u00e1vel e inclusivo em todo o pa\u00eds.<\/p>\n<p>As inscri\u00e7\u00f5es j\u00e1 est\u00e3o abertas e podem ser realizadas no site oficial do evento:\u00a0<span style=\"color: #800000;\"><strong><a style=\"color: #800000;\" href=\"https:\/\/ra.sbpcnet.org.br\/77RA\/\" target=\"_blank\" rel=\"noopener\">https:\/\/ra.sbpcnet.org.br\/77RA\/<\/a><\/strong><\/span>.<\/p>\n<p>&nbsp;<\/p>\n<h4 id=\"sessao-de-posteres-e-submissao-de-trabalhos\"><strong>Sess\u00e3o de P\u00f4steres e Submiss\u00e3o de Trabalhos<\/strong><\/h4>\n<p>Pesquisadores e estudantes interessados em apresentar seus trabalhos na Sess\u00e3o de P\u00f4steres\u00a0<strong>t\u00eam at\u00e9 o dia 26 de mar\u00e7o para enviar suas submiss\u00f5es<\/strong>. Podem ser submetidos resultados de pesquisas cient\u00edficas e tecnol\u00f3gicas em \u00e1reas como Ci\u00eancias Exatas, Biol\u00f3gicas, Engenharias, Ci\u00eancias da Sa\u00fade, Ci\u00eancias Sociais Aplicadas, Lingu\u00edstica, Letras e Artes, entre outras.<\/p>\n<p>Os trabalhos aceitos ser\u00e3o programados para apresenta\u00e7\u00e3o no formato de v\u00eddeo-p\u00f4ster ou p\u00f4ster presencial. O evento tamb\u00e9m integrar\u00e1 a Jornada Nacional de Inicia\u00e7\u00e3o Cient\u00edfica, que destacar\u00e1 os melhores projetos de inicia\u00e7\u00e3o cient\u00edfica e tecnol\u00f3gica selecionados por institui\u00e7\u00f5es de ensino e pesquisa de todo o pa\u00eds.<\/p>\n<p>&nbsp;<\/p>\n<h4 id=\"uma-celebracao-da-ciencia-com-identidade-pernambucana\"><strong>Uma celebra\u00e7\u00e3o da ci\u00eancia com identidade pernambucana<\/strong><\/h4>\n<p>O cartaz oficial desta edi\u00e7\u00e3o destaca o cacto coroa de frade, que simboliza a fus\u00e3o entre tradi\u00e7\u00e3o e tecnologia. Com grafismos inspirados em c\u00f3digos bin\u00e1rios, o design prop\u00f5e um di\u00e1logo entre o passado e o futuro, representando o Nordeste como um polo de inova\u00e7\u00e3o e cultura.<\/p>\n<p>Al\u00e9m da Sess\u00e3o de P\u00f4steres, a programa\u00e7\u00e3o contar\u00e1 com confer\u00eancias, mesas-redondas, minicursos, webminicursos, exposi\u00e7\u00f5es interativas e atividades culturais. A edi\u00e7\u00e3o de 2025 tamb\u00e9m trar\u00e1 novidades, como a expans\u00e3o da \u201cSBPC Afro e Ind\u00edgena\u201d para incluir outras comunidades tradicionais, ampliando o debate e o interc\u00e2mbio entre diferentes territ\u00f3rios do conhecimento.<\/p>\n<p><strong>A inscri\u00e7\u00e3o para a Reuni\u00e3o Anual j\u00e1 pode ser realizada diretamente no site oficial do evento<\/strong>. A participa\u00e7\u00e3o no evento \u00e9\u00a0<strong>gratuita<\/strong>, e aberta ao p\u00fablico em geral. Taxas s\u00e3o aplicadas apenas para aqueles que desejarem adquirir o material do evento ou para autores que tiverem trabalhos aceitos na Sess\u00e3o de P\u00f4steres. Os minicursos e webminicursos tamb\u00e9m possuem uma taxa de matr\u00edcula.<\/p>\n<p>A SBPC convida todos os interessados a participarem deste encontro que celebra a ci\u00eancia e seu papel fundamental no desenvolvimento da sociedade!<\/p>\n<p>Todas as informa\u00e7\u00f5es sobre o evento podem ser acessadas neste link:\u00a0<span style=\"color: #800000;\"><strong><a style=\"color: #800000;\" href=\"https:\/\/ra.sbpcnet.org.br\/77RA\/\" target=\"_blank\" rel=\"noopener\">https:\/\/ra.sbpcnet.org.br\/77RA\/<\/a><\/strong><\/span><\/p>\n<p><span style=\"color: #808080;\"><em>Jornal da Ci\u00eancia<\/em><\/span><\/p>\n","protected":false},"excerpt":{"rendered":"Com o tema \u201cProgresso \u00e9 Ci\u00eancia em todos os Territ\u00f3rios\u201d, o maior&hellip;\n","protected":false},"author":19,"featured_media":7566,"comment_status":"open","ping_status":"open","sticky":false,"template":"","format":"standard","meta":[],"categories":[1,2],"tags":[],"acf":[],"_links":{"self":[{"href":"https:\/\/revistacienciaecultura.org.br\/index.php?rest_route=\/wp\/v2\/posts\/8066"}],"collection":[{"href":"https:\/\/revistacienciaecultura.org.br\/index.php?rest_route=\/wp\/v2\/posts"}],"about":[{"href":"https:\/\/revistacienciaecultura.org.br\/index.php?rest_route=\/wp\/v2\/types\/post"}],"author":[{"embeddable":true,"href":"https:\/\/revistacienciaecultura.org.br\/index.php?rest_route=\/wp\/v2\/users\/19"}],"replies":[{"embeddable":true,"href":"https:\/\/revistacienciaecultura.org.br\/index.php?rest_route=%2Fwp%2Fv2%2Fcomments&post=8066"}],"version-history":[{"count":2,"href":"https:\/\/revistacienciaecultura.org.br\/index.php?rest_route=\/wp\/v2\/posts\/8066\/revisions"}],"predecessor-version":[{"id":8068,"href":"https:\/\/revistacienciaecultura.org.br\/index.php?rest_route=\/wp\/v2\/posts\/8066\/revisions\/8068"}],"wp:featuredmedia":[{"embeddable":true,"href":"https:\/\/revistacienciaecultura.org.br\/index.php?rest_route=\/wp\/v2\/media\/7566"}],"wp:attachment":[{"href":"https:\/\/revistacienciaecultura.org.br\/index.php?rest_route=%2Fwp%2Fv2%2Fmedia&parent=8066"}],"wp:term":[{"taxonomy":"category","embeddable":true,"href":"https:\/\/revistacienciaecultura.org.br\/index.php?rest_route=%2Fwp%2Fv2%2Fcategories&post=8066"},{"taxonomy":"post_tag","embeddable":true,"href":"https:\/\/revistacienciaecultura.org.br\/index.php?rest_route=%2Fwp%2Fv2%2Ftags&post=8066"}],"curies":[{"name":"wp","href":"https:\/\/api.w.org\/{rel}","templated":true}]}}