{"id":8101,"date":"2025-03-27T07:30:52","date_gmt":"2025-03-27T07:30:52","guid":{"rendered":"https:\/\/revistacienciaecultura.org.br\/?p=8101"},"modified":"2025-11-25T11:48:27","modified_gmt":"2025-11-25T11:48:27","slug":"quando-a-ciencia-encontra-o-samba","status":"publish","type":"post","link":"https:\/\/revistacienciaecultura.org.br\/?p=8101","title":{"rendered":"Quando a ci\u00eancia encontra o samba!"},"content":{"rendered":"<h4 id=\"enredo-campeao-do-carnaval-2025-em-florianopolis-homenageia-o-cientista-fritz-muller\" style=\"text-align: left;\"><span style=\"color: #808080;\">Enredo campe\u00e3o do Carnaval 2025 em Florian\u00f3polis homenageia o cientista Fritz M\u00fcller<\/span><\/h4>\n<p>&nbsp;<\/p>\n<p>Em mar\u00e7o de 2024, recebi uma mensagem do carnavalesco Raphael Soares, respons\u00e1vel pelo enredo da Escola de Samba Consulado, de Florian\u00f3polis. O tema do enredo seria <span style=\"color: #800000;\"><strong><a style=\"color: #800000;\" href=\"https:\/\/revistacienciaecultura.org.br\/?p=2952\" target=\"_blank\" rel=\"noopener\">Fritz M\u00fcller<\/a><\/strong><\/span>, cientista alem\u00e3o radicado brasileiro que viveu em Florian\u00f3polis e em Blumenau e que, na minha concep\u00e7\u00e3o, \u00e9 o pioneiro da ci\u00eancia no Brasil. A pauta da conversa: o que n\u00e3o poderia faltar ao se abordar a vida e a obra do pesquisador. No di\u00e1logo, emergiram abelhas, borboletas, a emba\u00faba, brom\u00e9lias e outros elementos fortemente associados \u00e0s pesquisas de Fritz M\u00fcller. Mas tamb\u00e9m emergiram os elementos menos conhecidos da vida marinha, como caranguejos e \u00e1guas-vivas, centrais nas pesquisas desenvolvidas por M\u00fcller em Florian\u00f3polis e que o conectaram, pela ci\u00eancia e pela amizade, a Charles Darwin.<\/p>\n<h6 id=\"figura-1-desfile-da-escola-de-samba-consulado-de-florianopolis-foto-luana-gums-reproducao\" style=\"text-align: center;\"><img loading=\"lazy\" class=\"aligncenter wp-image-8107\" src=\"https:\/\/revistacienciaecultura.org.br\/wp-content\/uploads\/2025\/03\/samba-1-200x300.jpg\" alt=\"\" width=\"333\" height=\"500\" srcset=\"https:\/\/revistacienciaecultura.org.br\/wp-content\/uploads\/2025\/03\/samba-1-200x300.jpg 200w, https:\/\/revistacienciaecultura.org.br\/wp-content\/uploads\/2025\/03\/samba-1-682x1024.jpg 682w, https:\/\/revistacienciaecultura.org.br\/wp-content\/uploads\/2025\/03\/samba-1-768x1153.jpg 768w, https:\/\/revistacienciaecultura.org.br\/wp-content\/uploads\/2025\/03\/samba-1-1023x1536.jpg 1023w, https:\/\/revistacienciaecultura.org.br\/wp-content\/uploads\/2025\/03\/samba-1-1364x2048.jpg 1364w, https:\/\/revistacienciaecultura.org.br\/wp-content\/uploads\/2025\/03\/samba-1-8x12.jpg 8w, https:\/\/revistacienciaecultura.org.br\/wp-content\/uploads\/2025\/03\/samba-1-800x1201.jpg 800w, https:\/\/revistacienciaecultura.org.br\/wp-content\/uploads\/2025\/03\/samba-1-1160x1742.jpg 1160w, https:\/\/revistacienciaecultura.org.br\/wp-content\/uploads\/2025\/03\/samba-1.jpg 1691w\" sizes=\"(max-width: 333px) 100vw, 333px\" \/><br \/>\n<strong>Figura 1. Desfile da Escola de Samba Consulado, de Florian\u00f3polis.<br \/>\n<\/strong>(Foto: Luana Gums. Reprodu\u00e7\u00e3o)<\/h6>\n<p>&nbsp;<\/p>\n<p>O di\u00e1logo entre arte e ci\u00eancia n\u00e3o terminou por a\u00ed. Prosseguiu, nos dias seguintes, com perguntas mais espec\u00edficas do carnavalesco: \u201ccomo eu posso representar um n\u00e1uplio?\u201d Naquele momento, ficou claro para mim que se desenrolava uma pesquisa aprofundada sobre os elementos naturais estudados por Fritz M\u00fcller, e que um desfile muito especial estava sendo preparado pela Escola de Samba. O que eu jamais poderia imaginar \u00e9 que, meses depois, eu estaria literalmente no meio desse enredo espetacular, na intersec\u00e7\u00e3o entre a arte e a ci\u00eancia, entre abelhas, caranguejos e \u00e1guas-vivas, vivendo um dos momentos mais marcantes da minha vida.<\/p>\n<h6 id=\"figura-2-desfile-da-escola-de-samba-consulado-de-florianopolis-foto-luana-gums-reproducao\" style=\"text-align: center;\"><img loading=\"lazy\" class=\"aligncenter wp-image-8106\" src=\"https:\/\/revistacienciaecultura.org.br\/wp-content\/uploads\/2025\/03\/samba-2-300x200.jpg\" alt=\"\" width=\"500\" height=\"333\" srcset=\"https:\/\/revistacienciaecultura.org.br\/wp-content\/uploads\/2025\/03\/samba-2-300x200.jpg 300w, https:\/\/revistacienciaecultura.org.br\/wp-content\/uploads\/2025\/03\/samba-2-1024x682.jpg 1024w, https:\/\/revistacienciaecultura.org.br\/wp-content\/uploads\/2025\/03\/samba-2-768x512.jpg 768w, https:\/\/revistacienciaecultura.org.br\/wp-content\/uploads\/2025\/03\/samba-2-1536x1024.jpg 1536w, https:\/\/revistacienciaecultura.org.br\/wp-content\/uploads\/2025\/03\/samba-2-18x12.jpg 18w, https:\/\/revistacienciaecultura.org.br\/wp-content\/uploads\/2025\/03\/samba-2-800x533.jpg 800w, https:\/\/revistacienciaecultura.org.br\/wp-content\/uploads\/2025\/03\/samba-2-1160x773.jpg 1160w, https:\/\/revistacienciaecultura.org.br\/wp-content\/uploads\/2025\/03\/samba-2.jpg 1691w\" sizes=\"(max-width: 500px) 100vw, 500px\" \/><br \/>\n<strong>Figura 2. Desfile da Escola de Samba Consulado, de Florian\u00f3polis.<br \/>\n<\/strong>(Foto: Luana Gums. Reprodu\u00e7\u00e3o)<\/h6>\n<p>&nbsp;<\/p>\n<p>Na noite do dia 01 de mar\u00e7o de 2025, ap\u00f3s um ano de prepara\u00e7\u00e3o e ensaios, o Consulado entrou na passarela Nego Quirido, em Florian\u00f3polis, para um desfile hist\u00f3rico. O enredo? <span style=\"color: #800000;\"><strong><a style=\"color: #800000;\" href=\"https:\/\/open.spotify.com\/intl-pt\/album\/3EG32RnnvN1N64evIYL4Iv\" target=\"_blank\" rel=\"noopener\">O jardim secreto \u2014 nos del\u00edrios de Fritz M\u00fcller<\/a><\/strong><\/span>! A convite do carnavalesco Raphael Soares, participei dessa festa ao lado de minha filha, Maia, do ge\u00f3grafo Marcelo Nascimento e de sua esposa, Alessandra, em uma bel\u00edssima alegoria adornada com a frase \u201cJamais negar\u00e1 a Ci\u00eancia quem v\u00ea a verdade em cada evid\u00eancia\u201d. Do alto da alegoria, ainda na concentra\u00e7\u00e3o, observamos as alas entrarem na passarela \u00e0 nossa frente: mais de 1200 pessoas com o empolgante samba enredo na ponta da l\u00edngua, entoado por Alan Cardozo no ritmo do batuque da Bateria Ordin\u00e1ria do Consulado. A passagem \u201cEm cartas vislumbrei&#8230; Evolu\u00e7\u00e3o! Um pr\u00edncipe de p\u00e9s no ch\u00e3o!\u201d era repetido em coro pelos milhares de pessoas presentes na passarela e nas arquibancadas. Na pista, o maestro Raphael Soares regia o espet\u00e1culo, auxiliado pelos olhares atentos e pelos sinais precisos da equipe da Harmonia. E assim, o samba do Consulado entrava nos jardins secretos dos del\u00edrios de Fritz M\u00fcller, em alus\u00e3o aos momentos finais da vida do pesquisador, quando delirou com brom\u00e9lias.<\/p>\n<p><img loading=\"lazy\" class=\"aligncenter wp-image-8105\" src=\"https:\/\/revistacienciaecultura.org.br\/wp-content\/uploads\/2025\/03\/samba-3-300x200.jpg\" alt=\"\" width=\"500\" height=\"333\" srcset=\"https:\/\/revistacienciaecultura.org.br\/wp-content\/uploads\/2025\/03\/samba-3-300x200.jpg 300w, https:\/\/revistacienciaecultura.org.br\/wp-content\/uploads\/2025\/03\/samba-3-1024x682.jpg 1024w, https:\/\/revistacienciaecultura.org.br\/wp-content\/uploads\/2025\/03\/samba-3-768x512.jpg 768w, https:\/\/revistacienciaecultura.org.br\/wp-content\/uploads\/2025\/03\/samba-3-1536x1024.jpg 1536w, https:\/\/revistacienciaecultura.org.br\/wp-content\/uploads\/2025\/03\/samba-3-18x12.jpg 18w, https:\/\/revistacienciaecultura.org.br\/wp-content\/uploads\/2025\/03\/samba-3-800x533.jpg 800w, https:\/\/revistacienciaecultura.org.br\/wp-content\/uploads\/2025\/03\/samba-3-1160x773.jpg 1160w, https:\/\/revistacienciaecultura.org.br\/wp-content\/uploads\/2025\/03\/samba-3.jpg 1691w\" sizes=\"(max-width: 500px) 100vw, 500px\" \/><\/p>\n<h6 id=\"figura-3-desfile-da-escola-de-samba-consulado-de-florianopolis-foto-luana-gums-reproducao\" style=\"text-align: center;\"><strong>Figura 3. Desfile da Escola de Samba Consulado, de Florian\u00f3polis.<br \/>\n<\/strong>(Foto: Luana Gums. Reprodu\u00e7\u00e3o)<\/h6>\n<p>&nbsp;<\/p>\n<p>Mas o que, afinal, o p\u00fablico presenciou na avenida? Nas alas, centenas de pessoas representando abelhas, brom\u00e9lias, borboletas, \u00e1guas-vivas, o n\u00e1uplio! Nas alegorias: caranguejo, \u00e1gua-viva, a correspond\u00eancia de Fritz M\u00fcller e o livro <em>\u201cF\u00fcr Darwin\u201d<\/em> <em>(\u201cPara Darwin\u201d<\/em>, de autoria de M\u00fcller), o pr\u00f3prio Fritz M\u00fcller e Charles Darwin! O que vi, imerso de corpo e mente nos quase 70 minutos de desfile, foi uma profus\u00e3o de cores e movimentos, arte em primeira grandeza, com um rigor cient\u00edfico impec\u00e1vel. O que senti foi uma empolga\u00e7\u00e3o indescrit\u00edvel, um hedonismo cient\u00edfico e art\u00edstico que jamais esquecerei. E o que ficar\u00e1 dessa experi\u00eancia \u00e9 que a ci\u00eancia tem seu espa\u00e7o em qualquer esfera da express\u00e3o art\u00edstica e popular.<\/p>\n<p><img loading=\"lazy\" class=\"aligncenter wp-image-8103\" src=\"https:\/\/revistacienciaecultura.org.br\/wp-content\/uploads\/2025\/03\/samba-5-300x200.jpg\" alt=\"\" width=\"500\" height=\"333\" srcset=\"https:\/\/revistacienciaecultura.org.br\/wp-content\/uploads\/2025\/03\/samba-5-300x200.jpg 300w, https:\/\/revistacienciaecultura.org.br\/wp-content\/uploads\/2025\/03\/samba-5-1024x682.jpg 1024w, https:\/\/revistacienciaecultura.org.br\/wp-content\/uploads\/2025\/03\/samba-5-768x512.jpg 768w, https:\/\/revistacienciaecultura.org.br\/wp-content\/uploads\/2025\/03\/samba-5-1536x1024.jpg 1536w, https:\/\/revistacienciaecultura.org.br\/wp-content\/uploads\/2025\/03\/samba-5-18x12.jpg 18w, https:\/\/revistacienciaecultura.org.br\/wp-content\/uploads\/2025\/03\/samba-5-800x533.jpg 800w, https:\/\/revistacienciaecultura.org.br\/wp-content\/uploads\/2025\/03\/samba-5-1160x773.jpg 1160w, https:\/\/revistacienciaecultura.org.br\/wp-content\/uploads\/2025\/03\/samba-5.jpg 1691w\" sizes=\"(max-width: 500px) 100vw, 500px\" \/><\/p>\n<h6 id=\"figura-4-desfile-da-escola-de-samba-consulado-de-florianopolis-foto-luana-gums-reproducao\" style=\"text-align: center;\"><strong>Figura 4. Desfile da Escola de Samba Consulado, de Florian\u00f3polis.<br \/>\n<\/strong>(Foto: Luana Gums. Reprodu\u00e7\u00e3o)<\/h6>\n<p>&nbsp;<\/p>\n<p>Ouso dizer que esta foi uma das maiores homenagens j\u00e1 deferidas a um cientista ou a uma cientista no Brasil. Fritz M\u00fcller junta-se, assim, a Charles Darwin, tema do enredo da Escola de Samba Uni\u00e3o da Ilha, no Carnaval do Rio de Janeiro, em 2011. Quanto \u00e0 beleza do espet\u00e1culo, as imagens falam por si s\u00f3. Termino essa reflex\u00e3o com meus sinceros agradecimentos ao carnavalesco Raphael Soares \u2013 uma das pessoas mais gentis que j\u00e1 tive o prazer de conhecer \u2013 e \u00e0 Escola de Samba Consulado. O que se viu foi de encher os olhos e o que se sentiu jamais se apagar\u00e1 da mem\u00f3ria. Viva a Ci\u00eancia, viva a Arte, viva Fritz M\u00fcller!<\/p>\n<p>&nbsp;<\/p>\n<h6 id=\"capa-enredo-da-escola-de-samba-consulado-de-florianopolis-homenageia-o-cientista-fritz-muller-foto-luana-gums-reproducao\"><strong>Capa. Enredo da Escola de Samba Consulado, de Florian\u00f3polis, homenageia o cientista Fritz M\u00fcller.<br \/>\n<\/strong>(Foto: Luana Gums. Reprodu\u00e7\u00e3o)<\/h6>\n","protected":false},"excerpt":{"rendered":"Enredo campe\u00e3o do Carnaval 2025 em Florian\u00f3polis homenageia o cientista Fritz M\u00fcller&hellip;\n","protected":false},"author":282,"featured_media":8102,"comment_status":"open","ping_status":"open","sticky":false,"template":"","format":"standard","meta":[],"categories":[1,2,865],"tags":[],"acf":[],"_links":{"self":[{"href":"https:\/\/revistacienciaecultura.org.br\/index.php?rest_route=\/wp\/v2\/posts\/8101"}],"collection":[{"href":"https:\/\/revistacienciaecultura.org.br\/index.php?rest_route=\/wp\/v2\/posts"}],"about":[{"href":"https:\/\/revistacienciaecultura.org.br\/index.php?rest_route=\/wp\/v2\/types\/post"}],"author":[{"embeddable":true,"href":"https:\/\/revistacienciaecultura.org.br\/index.php?rest_route=\/wp\/v2\/users\/282"}],"replies":[{"embeddable":true,"href":"https:\/\/revistacienciaecultura.org.br\/index.php?rest_route=%2Fwp%2Fv2%2Fcomments&post=8101"}],"version-history":[{"count":3,"href":"https:\/\/revistacienciaecultura.org.br\/index.php?rest_route=\/wp\/v2\/posts\/8101\/revisions"}],"predecessor-version":[{"id":8110,"href":"https:\/\/revistacienciaecultura.org.br\/index.php?rest_route=\/wp\/v2\/posts\/8101\/revisions\/8110"}],"wp:featuredmedia":[{"embeddable":true,"href":"https:\/\/revistacienciaecultura.org.br\/index.php?rest_route=\/wp\/v2\/media\/8102"}],"wp:attachment":[{"href":"https:\/\/revistacienciaecultura.org.br\/index.php?rest_route=%2Fwp%2Fv2%2Fmedia&parent=8101"}],"wp:term":[{"taxonomy":"category","embeddable":true,"href":"https:\/\/revistacienciaecultura.org.br\/index.php?rest_route=%2Fwp%2Fv2%2Fcategories&post=8101"},{"taxonomy":"post_tag","embeddable":true,"href":"https:\/\/revistacienciaecultura.org.br\/index.php?rest_route=%2Fwp%2Fv2%2Ftags&post=8101"}],"curies":[{"name":"wp","href":"https:\/\/api.w.org\/{rel}","templated":true}]}}