{"id":8143,"date":"2025-04-01T07:30:17","date_gmt":"2025-04-01T07:30:17","guid":{"rendered":"https:\/\/revistacienciaecultura.org.br\/?p=8143"},"modified":"2025-03-31T18:11:07","modified_gmt":"2025-03-31T18:11:07","slug":"reuniao-anual-inova-com-sbpc-mulher-para-edicao-2025","status":"publish","type":"post","link":"https:\/\/revistacienciaecultura.org.br\/?p=8143","title":{"rendered":"Reuni\u00e3o Anual inova com \u201cSBPC Mulher\u201d para edi\u00e7\u00e3o 2025"},"content":{"rendered":"<h4 id=\"a-intencao-e-promover-um-dialogo-sobre-as-questoes-de-genero-raca-etnia-classe-social-geracao-e-suas-relacoes-com-as-politicas-publicas-envolvendo-universidades-instituicoes-publicas-e-privadas\"><span style=\"color: #808080;\">A inten\u00e7\u00e3o \u00e9 promover um di\u00e1logo sobre as quest\u00f5es de g\u00eanero, ra\u00e7a, etnia, classe social, gera\u00e7\u00e3o e suas rela\u00e7\u00f5es com as pol\u00edticas p\u00fablicas envolvendo universidades, institui\u00e7\u00f5es p\u00fablicas e privadas, movimentos sociais, ONGs, sindicatos, entre outros.\u00a0<\/span><\/h4>\n<p>&nbsp;<\/p>\n<p>A 77\u00aa Reuni\u00e3o Anual da Sociedade Brasileira para o Progresso da Ci\u00eancia acontece na Sede da Universidade Federal Rural de Pernambuco \u2013 UFRPE, entre 13 e 19 de julho de 2025.O Evento de uma das mais relevantes entidades cient\u00edficas do Brasil \u00e9 voltado \u00e0 promo\u00e7\u00e3o da ci\u00eancia, da tecnologia e da inova\u00e7\u00e3o. A SBPC reunir\u00e1 cientistas, pesquisadores\/as, educadores\/as, estudantes e representantes da sociedade civil \u00a0para celebrar o papel essencial da ci\u00eancia como bem p\u00fablico , fundamental para o avan\u00e7o social, cultural e econ\u00f4mico do Brasil.<\/p>\n<p>A 77\u00aa Reuni\u00e3o da SBPC se voltar\u00e1, de maneira especial, para a diversidade regional do Brasil. Com o tema \u201cProgresso \u00e9 Ci\u00eancia em Todos os Territ\u00f3rios\u201d, a reuni\u00e3o prop\u00f5e um olhar atento \u00e0s especificidades e aos desafios de cada territ\u00f3rio do pa\u00eds, desde as grandes metr\u00f3poles at\u00e9 as \u00e1reas rurais, perif\u00e9ricas e marginalizadas. O objetivo \u00e9 promover um amplo di\u00e1logo sobre o papel da ci\u00eancia no enfrentamento das desigualdades regionais e na constru\u00e7\u00e3o de solu\u00e7\u00f5es sustent\u00e1veis e inclusivas para todos os cantos do Pa\u00eds.<\/p>\n<p>A \u00a0SBPC 2025 inova este ano com a cria\u00e7\u00e3o\u00a0 da Comiss\u00e3o SBPC Mulher,\u00a0 abordagem pioneira nas Reuni\u00f5es Anuais que objetiva refletir as interseccionalidades e transversalidades que envolvem as quest\u00f5es de g\u00eanero, ra\u00e7a\/etnia, classe social, gera\u00e7\u00e3o entre outras, nas suas rela\u00e7\u00f5es com as pol\u00edticas p\u00fablicas, especialmente de educa\u00e7\u00e3o, ci\u00eancia e tecnologia. A SBPC mulher busca, por meio de um Semin\u00e1rio interdisciplinar e transversal promover a\u00e7\u00f5es voltadas \u00e0 visibilidade das mulheres na ci\u00eancia e nos espa\u00e7os de poder; discutir os desafios que colocam a mulher gestora em espa\u00e7os de poder e a paridade de g\u00eanero; refletir criticamente as contradi\u00e7\u00f5es que obstaculizam a consolida\u00e7\u00e3o do lugar de poder e decis\u00e3o das mulheres no mundo do trabalho e nas ci\u00eancias.<\/p>\n<p>A inten\u00e7\u00e3o \u00e9 promover um di\u00e1logo sobre as quest\u00f5es de g\u00eanero, ra\u00e7a, etnia, classe social, gera\u00e7\u00e3o e suas rela\u00e7\u00f5es com as pol\u00edticas p\u00fablicas envolvendo Universidades, Institui\u00e7\u00f5es P\u00fablicas e Privadas, Movimentos Sociais, Organiza\u00e7\u00f5es N\u00e3o Governamentais (ONGs\/OSCIPs), Sindicatos, entre outros.<\/p>\n<p>As informa\u00e7\u00f5es do evento e informa\u00e7\u00f5es sobre inscri\u00e7\u00f5es podem ser encontradas no site\u00a0<span style=\"color: #800000;\"><strong><a style=\"color: #800000;\" href=\"https:\/\/ra.sbpcnet.org.br\/77RA\/inscricao-e-envio-de-resumo\/\">https:\/\/ra.sbpcnet.org.br\/77RA\/inscricao-e-envio-de-resumo\/<\/a><\/strong><\/span><\/p>\n<p>O site oficial do evento \u00e9 o<span style=\"color: #800000;\"><strong>\u00a0<a style=\"color: #800000;\" href=\"https:\/\/ra.sbpcnet.org.br\/77RA\/\" target=\"_blank\" rel=\"noopener\">https:\/\/ra.sbpcnet.org.br\/77RA\/<\/a><\/strong><\/span><\/p>\n<p><span style=\"color: #808080;\"><em>Com informa\u00e7\u00f5es de <a style=\"color: #808080;\" href=\"https:\/\/www.ufrpe.br\/br\/content\/sbpc-inova-com-spbc-mulher-para-edi%C3%A7%C3%A3o-2025\" target=\"_blank\" rel=\"noopener\">UFRPE<\/a><\/em><\/span><\/p>\n","protected":false},"excerpt":{"rendered":"A inten\u00e7\u00e3o \u00e9 promover um di\u00e1logo sobre as quest\u00f5es de g\u00eanero, ra\u00e7a,&hellip;\n","protected":false},"author":19,"featured_media":7566,"comment_status":"open","ping_status":"open","sticky":false,"template":"","format":"standard","meta":[],"categories":[1,2],"tags":[],"acf":[],"_links":{"self":[{"href":"https:\/\/revistacienciaecultura.org.br\/index.php?rest_route=\/wp\/v2\/posts\/8143"}],"collection":[{"href":"https:\/\/revistacienciaecultura.org.br\/index.php?rest_route=\/wp\/v2\/posts"}],"about":[{"href":"https:\/\/revistacienciaecultura.org.br\/index.php?rest_route=\/wp\/v2\/types\/post"}],"author":[{"embeddable":true,"href":"https:\/\/revistacienciaecultura.org.br\/index.php?rest_route=\/wp\/v2\/users\/19"}],"replies":[{"embeddable":true,"href":"https:\/\/revistacienciaecultura.org.br\/index.php?rest_route=%2Fwp%2Fv2%2Fcomments&post=8143"}],"version-history":[{"count":2,"href":"https:\/\/revistacienciaecultura.org.br\/index.php?rest_route=\/wp\/v2\/posts\/8143\/revisions"}],"predecessor-version":[{"id":8145,"href":"https:\/\/revistacienciaecultura.org.br\/index.php?rest_route=\/wp\/v2\/posts\/8143\/revisions\/8145"}],"wp:featuredmedia":[{"embeddable":true,"href":"https:\/\/revistacienciaecultura.org.br\/index.php?rest_route=\/wp\/v2\/media\/7566"}],"wp:attachment":[{"href":"https:\/\/revistacienciaecultura.org.br\/index.php?rest_route=%2Fwp%2Fv2%2Fmedia&parent=8143"}],"wp:term":[{"taxonomy":"category","embeddable":true,"href":"https:\/\/revistacienciaecultura.org.br\/index.php?rest_route=%2Fwp%2Fv2%2Fcategories&post=8143"},{"taxonomy":"post_tag","embeddable":true,"href":"https:\/\/revistacienciaecultura.org.br\/index.php?rest_route=%2Fwp%2Fv2%2Ftags&post=8143"}],"curies":[{"name":"wp","href":"https:\/\/api.w.org\/{rel}","templated":true}]}}