{"id":8166,"date":"2025-04-10T07:30:01","date_gmt":"2025-04-10T07:30:01","guid":{"rendered":"https:\/\/revistacienciaecultura.org.br\/?p=8166"},"modified":"2025-03-31T19:33:07","modified_gmt":"2025-03-31T19:33:07","slug":"enedina-alves-marques-a-engenheira-que-rompeu-barreiras-e-inspirou-geracoes","status":"publish","type":"post","link":"https:\/\/revistacienciaecultura.org.br\/?p=8166","title":{"rendered":"Enedina Alves Marques: A engenheira que rompeu barreiras e inspirou gera\u00e7\u00f5es"},"content":{"rendered":"<h4 id=\"primeira-mulher-negra-engenheira-do-brasi-desafiou-preconceitos-conquistou-espacos-e-deixou-um-legado-para-a-ciencia-o-feminismo-e-a-educacao\"><span style=\"color: #808080;\">Primeira mulher negra engenheira do Brasi desafiou preconceitos, conquistou espa\u00e7os e deixou um legado para a ci\u00eancia, o feminismo e a educa\u00e7\u00e3o.<\/span><\/h4>\n<p>&nbsp;<\/p>\n<p>No dia 13 de janeiro de 1913, nascia em Curitiba uma mulher que viria a desafiar padr\u00f5es sociais e acad\u00eamicos de sua \u00e9poca: Enedina Alves Marques. Em um Brasil profundamente marcado pelo racismo, pelas desigualdades de g\u00eanero e pela exclus\u00e3o social, Enedina Marques n\u00e3o apenas venceu essas barreiras como deixou um legado transformador. Formada em Engenharia Civil pela Universidade Federal do Paran\u00e1 (UFPR) em 1945, ela foi a primeira mulher engenheira do Paran\u00e1 e a primeira mulher negra engenheira do Brasil.<\/p>\n<p><strong>\u00a0<\/strong><\/p>\n<h4 id=\"os-desafios-de-uma-mulher-negra-na-engenharia\"><strong>Os desafios de uma mulher negra na engenharia<\/strong><\/h4>\n<p>Filha de um lavrador e de uma empregada dom\u00e9stica, Enedina Marques precisou conciliar trabalho e estudos desde a juventude, frequentando aulas noturnas enquanto sustentava a pr\u00f3pria educa\u00e7\u00e3o. Persist\u00eancia era sua marca registrada. Durante a faculdade, enfrentou preconceito de colegas e professores, chegando a ser reprovada injustamente. Um epis\u00f3dio emblem\u00e1tico envolveu um professor que insistiu em dar-lhe uma nota baixa, apenas para ela provar que sua resposta estava embasada no livro escrito pelo pr\u00f3prio docente.<\/p>\n<p>Apesar das dificuldades, Enedina Marques graduou-se aos 32 anos, desbravando um curso dominado por homens brancos e marcando a hist\u00f3ria como s\u00edmbolo de resist\u00eancia e compet\u00eancia.<\/p>\n<h6 id=\"figura-1-enedina-alves-a-esquerdafonte-arquivo-publico-municipal-maria-da-gloria-foohs-reproducao\" style=\"text-align: center;\"><img loading=\"lazy\" class=\"aligncenter wp-image-8164\" src=\"https:\/\/revistacienciaecultura.org.br\/wp-content\/uploads\/2025\/03\/Enedina-1-300x169.jpg\" alt=\"\" width=\"500\" height=\"281\" srcset=\"https:\/\/revistacienciaecultura.org.br\/wp-content\/uploads\/2025\/03\/Enedina-1-300x169.jpg 300w, https:\/\/revistacienciaecultura.org.br\/wp-content\/uploads\/2025\/03\/Enedina-1-1024x576.jpg 1024w, https:\/\/revistacienciaecultura.org.br\/wp-content\/uploads\/2025\/03\/Enedina-1-768x432.jpg 768w, https:\/\/revistacienciaecultura.org.br\/wp-content\/uploads\/2025\/03\/Enedina-1-18x10.jpg 18w, https:\/\/revistacienciaecultura.org.br\/wp-content\/uploads\/2025\/03\/Enedina-1-800x450.jpg 800w, https:\/\/revistacienciaecultura.org.br\/wp-content\/uploads\/2025\/03\/Enedina-1-1160x653.jpg 1160w, https:\/\/revistacienciaecultura.org.br\/wp-content\/uploads\/2025\/03\/Enedina-1.jpg 1477w\" sizes=\"(max-width: 500px) 100vw, 500px\" \/><br \/>\n<strong>Figura 1. <\/strong><strong>Enedina Alves, \u00e0 esquerda<br \/>\n<\/strong>(Fonte: Arquivo P\u00fablico Municipal Maria da Gl\u00f3ria Foohs. Reprodu\u00e7\u00e3o)<\/h6>\n<p><strong>\u00a0<\/strong><\/p>\n<h4 id=\"contribuicoes-para-a-ciencia-e-a-engenharia\"><strong>Contribui\u00e7\u00f5es para a Ci\u00eancia e a Engenharia<\/strong><\/h4>\n<p>A carreira de Enedina Marques foi marcada por trabalhos de grande impacto no Paran\u00e1. Um de seus maiores feitos foi a participa\u00e7\u00e3o na constru\u00e7\u00e3o da Usina Capivari-Cachoeira, a maior central hidrel\u00e9trica subterr\u00e2nea do sul do Brasil, localizada em Antonina. Ela tamb\u00e9m contribuiu para projetos como o Col\u00e9gio Estadual do Paran\u00e1 e a Casa do Estudante Universit\u00e1rio de Curitiba.<\/p>\n<p>&nbsp;<\/p>\n<h4 id=\"enedina-foi-a-primeira-mulher-engenheira-do-parana-e-a-primeira-mulher-negra-engenheira-do-brasil\" style=\"text-align: center;\"><span style=\"color: #800000;\"><em>\u201cEnedina foi a primeira mulher engenheira do Paran\u00e1 e a primeira mulher negra engenheira do Brasil.\u201d<\/em><\/span><\/h4>\n<p>&nbsp;<\/p>\n<p>No servi\u00e7o p\u00fablico, Enedina Marques destacou-se como chefe de hidr\u00e1ulica e da divis\u00e3o de estat\u00edstica da Secretaria de Educa\u00e7\u00e3o e Cultura do Paran\u00e1 e como integrante do Departamento Estadual de \u00c1guas e Energia El\u00e9trica, onde atuou no Plano Hidrel\u00e9trico do estado.<\/p>\n<p><strong>\u00a0<\/strong><\/p>\n<h4 id=\"inspiracao-para-geracoes\"><strong>Inspira\u00e7\u00e3o para gera\u00e7\u00f5es<\/strong><\/h4>\n<p>A luta de Enedina Marques contra o preconceito racial e de g\u00eanero, al\u00e9m de sua determina\u00e7\u00e3o em conquistar espa\u00e7os que lhe eram negados, faz dela uma refer\u00eancia nacional e internacional. Sua biografia foi tema de pesquisas acad\u00eamicas e at\u00e9 de um livro infantil, escrito pela professora Lindamir Salete Casagrande, que busca levar \u00e0s novas gera\u00e7\u00f5es o exemplo dessa pioneira.<\/p>\n<p>&nbsp;<\/p>\n<h4 id=\"a-luta-de-enedina-marques-contra-o-preconceito-racial-e-de-genero-faz-dela-uma-referencia-nacional-e-internacional\" style=\"text-align: center;\"><span style=\"color: #800000;\"><em>\u201cA luta de Enedina Marques contra o preconceito racial e de g\u00eanero faz dela uma refer\u00eancia nacional e internacional.\u201d<\/em><\/span><\/h4>\n<p>&nbsp;<\/p>\n<p>Na pr\u00f3pria fam\u00edlia, Enedina Marques foi uma inspira\u00e7\u00e3o. Sua sobrinha Lizete Marques seguiu seus passos ao investir na educa\u00e7\u00e3o, tornando-se professora de Educa\u00e7\u00e3o F\u00edsica.<\/p>\n<p><strong>\u00a0<\/strong><\/p>\n<h4 id=\"o-legado-que-vive\"><strong>O legado que vive<\/strong><\/h4>\n<p>Aos 110 anos de seu nascimento, Enedina Alves Marques continua a inspirar mulheres negras a entrarem em \u00e1reas ligadas \u00e0 tecnologia e \u00e0 ci\u00eancia. Como destacou a UFPR, sua coragem para romper barreiras e sua dedica\u00e7\u00e3o aos estudos permanecem como caracter\u00edsticas exemplares para qualquer gera\u00e7\u00e3o.<\/p>\n","protected":false},"excerpt":{"rendered":"Primeira mulher negra engenheira do Brasi desafiou preconceitos, conquistou espa\u00e7os e deixou&hellip;\n","protected":false},"author":19,"featured_media":8163,"comment_status":"open","ping_status":"open","sticky":false,"template":"","format":"standard","meta":[],"categories":[1,2],"tags":[],"acf":[],"_links":{"self":[{"href":"https:\/\/revistacienciaecultura.org.br\/index.php?rest_route=\/wp\/v2\/posts\/8166"}],"collection":[{"href":"https:\/\/revistacienciaecultura.org.br\/index.php?rest_route=\/wp\/v2\/posts"}],"about":[{"href":"https:\/\/revistacienciaecultura.org.br\/index.php?rest_route=\/wp\/v2\/types\/post"}],"author":[{"embeddable":true,"href":"https:\/\/revistacienciaecultura.org.br\/index.php?rest_route=\/wp\/v2\/users\/19"}],"replies":[{"embeddable":true,"href":"https:\/\/revistacienciaecultura.org.br\/index.php?rest_route=%2Fwp%2Fv2%2Fcomments&post=8166"}],"version-history":[{"count":2,"href":"https:\/\/revistacienciaecultura.org.br\/index.php?rest_route=\/wp\/v2\/posts\/8166\/revisions"}],"predecessor-version":[{"id":8168,"href":"https:\/\/revistacienciaecultura.org.br\/index.php?rest_route=\/wp\/v2\/posts\/8166\/revisions\/8168"}],"wp:featuredmedia":[{"embeddable":true,"href":"https:\/\/revistacienciaecultura.org.br\/index.php?rest_route=\/wp\/v2\/media\/8163"}],"wp:attachment":[{"href":"https:\/\/revistacienciaecultura.org.br\/index.php?rest_route=%2Fwp%2Fv2%2Fmedia&parent=8166"}],"wp:term":[{"taxonomy":"category","embeddable":true,"href":"https:\/\/revistacienciaecultura.org.br\/index.php?rest_route=%2Fwp%2Fv2%2Fcategories&post=8166"},{"taxonomy":"post_tag","embeddable":true,"href":"https:\/\/revistacienciaecultura.org.br\/index.php?rest_route=%2Fwp%2Fv2%2Ftags&post=8166"}],"curies":[{"name":"wp","href":"https:\/\/api.w.org\/{rel}","templated":true}]}}