{"id":8169,"date":"2025-04-23T07:30:37","date_gmt":"2025-04-23T07:30:37","guid":{"rendered":"https:\/\/revistacienciaecultura.org.br\/?p=8169"},"modified":"2025-04-01T11:46:33","modified_gmt":"2025-04-01T11:46:33","slug":"celebrando-os-livros-uma-homenagem-a-liberdade-de-expressao-e-ao-conhecimento","status":"publish","type":"post","link":"https:\/\/revistacienciaecultura.org.br\/?p=8169","title":{"rendered":"Celebrando os livros: Uma homenagem \u00e0 liberdade de express\u00e3o e ao conhecimento"},"content":{"rendered":"<h4 id=\"dia-mundial-do-livro-e-do-direito-de-autor-destaca-o-impacto-dos-livros-na-ciencia-os-desafios-da-censura-e-a-importancia-de-preservar-obras-e-incentivar-a-leitura\"><span style=\"color: #808080;\">Dia Mundial do Livro e do Direito de Autor destaca o impacto dos livros na ci\u00eancia, os desafios da censura e a import\u00e2ncia de preservar obras e incentivar a leitura.<\/span><\/h4>\n<p>&nbsp;<\/p>\n<p>O Dia Mundial do Livro e do Direito de Autor, comemorado em 23 de abril, foi proclamado pela Unesco em 1995 como uma homenagem ao poder transformador da literatura e ao papel fundamental dos direitos autorais na prote\u00e7\u00e3o da criatividade. A data foi escolhida por sua conex\u00e3o simb\u00f3lica com o falecimento de grandes escritores como Miguel de Cervantes e William Shakespeare, refor\u00e7ando o legado cultural deixado por obras escritas. Desde ent\u00e3o, \u00e9 celebrada globalmente com atividades que promovem o acesso \u00e0 leitura e a valoriza\u00e7\u00e3o da escrita.<\/p>\n<p>Em 2025, o tema da celebra\u00e7\u00e3o gira em torno da inclus\u00e3o digital na literatura. A Unesco enfatiza a necessidade de garantir acesso aos livros em formatos digitais, especialmente em regi\u00f5es subdesenvolvidas. Al\u00e9m disso, as iniciativas tamb\u00e9m destacam a import\u00e2ncia de fortalecer as bibliotecas p\u00fablicas e comunit\u00e1rias, criando espa\u00e7os inclusivos onde todos, independentemente de idade ou condi\u00e7\u00e3o social, possam ter acesso ao conhecimento e \u00e0 cultura.<\/p>\n<p>&nbsp;<\/p>\n<h4 id=\"livros-sao-testemunhas-do-tempo-capazes-de-nos-conectar-a-ideias-realidades-e-saberes-de-diferentes-epocas-e-lugares\" style=\"text-align: center;\"><span style=\"color: #800000;\"><em>\u201cLivros s\u00e3o testemunhas do tempo, capazes de nos conectar a ideias, realidades e saberes de diferentes \u00e9pocas e lugares.\u201d<\/em><\/span><\/h4>\n<p>&nbsp;<\/p>\n<p>A preserva\u00e7\u00e3o das obras escritas n\u00e3o \u00e9 apenas uma quest\u00e3o cultural, mas tamb\u00e9m hist\u00f3rica. Livros s\u00e3o testemunhas do tempo, capazes de nos conectar a ideias, realidades e saberes de diferentes \u00e9pocas e lugares. Incentivar a leitura, especialmente entre crian\u00e7as e jovens, \u00e9 essencial para formar cidad\u00e3os cr\u00edticos e criativos, preparados para enfrentar os desafios de uma sociedade em constante transforma\u00e7\u00e3o.<\/p>\n<h6 id=\"figura-1-biblioteca-nacionalfoto-bn-reproducao\" style=\"text-align: center;\"><img loading=\"lazy\" class=\"aligncenter wp-image-8172\" src=\"https:\/\/revistacienciaecultura.org.br\/wp-content\/uploads\/2025\/04\/livro-1-300x128.jpg\" alt=\"\" width=\"500\" height=\"213\" srcset=\"https:\/\/revistacienciaecultura.org.br\/wp-content\/uploads\/2025\/04\/livro-1-300x128.jpg 300w, https:\/\/revistacienciaecultura.org.br\/wp-content\/uploads\/2025\/04\/livro-1-1024x436.jpg 1024w, https:\/\/revistacienciaecultura.org.br\/wp-content\/uploads\/2025\/04\/livro-1-768x327.jpg 768w, https:\/\/revistacienciaecultura.org.br\/wp-content\/uploads\/2025\/04\/livro-1-1536x654.jpg 1536w, https:\/\/revistacienciaecultura.org.br\/wp-content\/uploads\/2025\/04\/livro-1-18x8.jpg 18w, https:\/\/revistacienciaecultura.org.br\/wp-content\/uploads\/2025\/04\/livro-1-800x341.jpg 800w, https:\/\/revistacienciaecultura.org.br\/wp-content\/uploads\/2025\/04\/livro-1-1160x494.jpg 1160w, https:\/\/revistacienciaecultura.org.br\/wp-content\/uploads\/2025\/04\/livro-1.jpg 1691w\" sizes=\"(max-width: 500px) 100vw, 500px\" \/><br \/>\n<strong>Figura 1. Biblioteca Nacional<br \/>\n<\/strong>(Foto: BN. Reprodu\u00e7\u00e3o)<\/h6>\n<p><strong>\u00a0<\/strong><\/p>\n<h4 id=\"a-censura-como-ameaca-global\"><strong>A censura como amea\u00e7a global<\/strong><\/h4>\n<p>Nos \u00faltimos anos, o aumento da censura a obras liter\u00e1rias tem acendido um alerta global. No Brasil, livros considerados controversos, especialmente os que abordam quest\u00f5es de g\u00eanero, sexualidade ou injusti\u00e7as hist\u00f3ricas, t\u00eam sido alvos de restri\u00e7\u00f5es. Globalmente, essa realidade se reflete em proibi\u00e7\u00f5es impostas a livros por raz\u00f5es pol\u00edticas, religiosas ou culturais. Essa amea\u00e7a n\u00e3o apenas limita o acesso ao conhecimento, mas tamb\u00e9m sufoca a diversidade de vozes e ideias.<\/p>\n<p>&nbsp;<\/p>\n<h4 id=\"a-liberdade-de-expressao-consagrada-como-um-dos-pilares-da-democracia-encontra-nos-livros-um-de-seus-maiores-simbolos\" style=\"text-align: center;\"><span style=\"color: #800000;\"><em>\u201cA liberdade de express\u00e3o, consagrada como um dos pilares da democracia, encontra nos livros um de seus maiores s\u00edmbolos.\u201d<\/em><\/span><\/h4>\n<p>&nbsp;<\/p>\n<p><strong>\u00a0<\/strong>A liberdade de express\u00e3o, consagrada como um dos pilares da democracia, encontra nos livros um de seus maiores s\u00edmbolos. Defender o direito \u00e0 produ\u00e7\u00e3o e dissemina\u00e7\u00e3o de ideias \u00e9 fundamental para proteger a pluralidade de perspectivas, essencial para o desenvolvimento humano. A censura representa uma tentativa de apagar vis\u00f5es alternativas e de limitar o pensamento cr\u00edtico, algo que precisamos combater ativamente.<\/p>\n<p><strong>\u00a0<\/strong><\/p>\n<h4 id=\"o-papel-dos-livros-na-ciencia\"><strong>O papel dos livros na ci\u00eancia<\/strong><\/h4>\n<p>Na ci\u00eancia, os livros representam mais do que o armazenamento de conhecimento; eles s\u00e3o ve\u00edculos de inspira\u00e7\u00e3o, debate e progresso. Desde obras cl\u00e1ssicas que moldaram o pensamento cient\u00edfico at\u00e9 publica\u00e7\u00f5es modernas que conectam descobertas a um p\u00fablico amplo, os livros s\u00e3o instrumentos que ampliam horizontes e promovem avan\u00e7os. Al\u00e9m disso, os livros cient\u00edficos desempenham um papel crucial na democratiza\u00e7\u00e3o do saber, tornando acess\u00edveis temas que, de outra forma, seriam restritos a especialistas.<\/p>\n<h6 id=\"figura-2-plano-nacional-do-livro-e-leiturafoto-gui-maia-cultura-rj-reproducao\" style=\"text-align: center;\"><img loading=\"lazy\" class=\"aligncenter wp-image-8171\" src=\"https:\/\/revistacienciaecultura.org.br\/wp-content\/uploads\/2025\/04\/livro-2-300x180.jpg\" alt=\"\" width=\"500\" height=\"299\" srcset=\"https:\/\/revistacienciaecultura.org.br\/wp-content\/uploads\/2025\/04\/livro-2-300x180.jpg 300w, https:\/\/revistacienciaecultura.org.br\/wp-content\/uploads\/2025\/04\/livro-2-1024x613.jpg 1024w, https:\/\/revistacienciaecultura.org.br\/wp-content\/uploads\/2025\/04\/livro-2-768x460.jpg 768w, https:\/\/revistacienciaecultura.org.br\/wp-content\/uploads\/2025\/04\/livro-2-1536x919.jpg 1536w, https:\/\/revistacienciaecultura.org.br\/wp-content\/uploads\/2025\/04\/livro-2-18x12.jpg 18w, https:\/\/revistacienciaecultura.org.br\/wp-content\/uploads\/2025\/04\/livro-2-800x479.jpg 800w, https:\/\/revistacienciaecultura.org.br\/wp-content\/uploads\/2025\/04\/livro-2-1160x694.jpg 1160w, https:\/\/revistacienciaecultura.org.br\/wp-content\/uploads\/2025\/04\/livro-2.jpg 1691w\" sizes=\"(max-width: 500px) 100vw, 500px\" \/><br \/>\n<strong>Figura 2.<\/strong> <strong>Plano Nacional do Livro e Leitura<br \/>\n<\/strong>(Foto: Gui Maia\/ Cultura RJ. Reprodu\u00e7\u00e3o)<\/h6>\n<p><strong>\u00a0<\/strong><\/p>\n<h4 id=\"ler-como-forma-de-resistencia-e-transformacao\"><strong>Ler como forma de resist\u00eancia e transforma\u00e7\u00e3o<\/strong><\/h4>\n<p>Ler \u00e9 um ato de resist\u00eancia. Em tempos de censura e desinforma\u00e7\u00e3o, dedicar-se \u00e0 leitura \u00e9 uma forma de preservar a liberdade intelectual e de promover o esp\u00edrito cr\u00edtico. Livros nos ensinam a questionar, a imaginar novas possibilidades e a conectar diferentes realidades. Mais do que nunca, \u00e9 necess\u00e1rio investir em pol\u00edticas p\u00fablicas que incentivem o h\u00e1bito da leitura e protejam o acesso a obras liter\u00e1rias.<\/p>\n<p>&nbsp;<\/p>\n<h6 id=\"foto-akemi-nitahara-agencia-brasil-reproducao\">(Foto: Akemi Nitahara\/ Ag\u00eancia Brasil. Reprodu\u00e7\u00e3o)<\/h6>\n","protected":false},"excerpt":{"rendered":"Dia Mundial do Livro e do Direito de Autor destaca o impacto&hellip;\n","protected":false},"author":19,"featured_media":8170,"comment_status":"open","ping_status":"open","sticky":false,"template":"","format":"standard","meta":[],"categories":[1,2],"tags":[],"acf":[],"_links":{"self":[{"href":"https:\/\/revistacienciaecultura.org.br\/index.php?rest_route=\/wp\/v2\/posts\/8169"}],"collection":[{"href":"https:\/\/revistacienciaecultura.org.br\/index.php?rest_route=\/wp\/v2\/posts"}],"about":[{"href":"https:\/\/revistacienciaecultura.org.br\/index.php?rest_route=\/wp\/v2\/types\/post"}],"author":[{"embeddable":true,"href":"https:\/\/revistacienciaecultura.org.br\/index.php?rest_route=\/wp\/v2\/users\/19"}],"replies":[{"embeddable":true,"href":"https:\/\/revistacienciaecultura.org.br\/index.php?rest_route=%2Fwp%2Fv2%2Fcomments&post=8169"}],"version-history":[{"count":2,"href":"https:\/\/revistacienciaecultura.org.br\/index.php?rest_route=\/wp\/v2\/posts\/8169\/revisions"}],"predecessor-version":[{"id":8174,"href":"https:\/\/revistacienciaecultura.org.br\/index.php?rest_route=\/wp\/v2\/posts\/8169\/revisions\/8174"}],"wp:featuredmedia":[{"embeddable":true,"href":"https:\/\/revistacienciaecultura.org.br\/index.php?rest_route=\/wp\/v2\/media\/8170"}],"wp:attachment":[{"href":"https:\/\/revistacienciaecultura.org.br\/index.php?rest_route=%2Fwp%2Fv2%2Fmedia&parent=8169"}],"wp:term":[{"taxonomy":"category","embeddable":true,"href":"https:\/\/revistacienciaecultura.org.br\/index.php?rest_route=%2Fwp%2Fv2%2Fcategories&post=8169"},{"taxonomy":"post_tag","embeddable":true,"href":"https:\/\/revistacienciaecultura.org.br\/index.php?rest_route=%2Fwp%2Fv2%2Ftags&post=8169"}],"curies":[{"name":"wp","href":"https:\/\/api.w.org\/{rel}","templated":true}]}}