{"id":8175,"date":"2025-04-16T07:30:41","date_gmt":"2025-04-16T07:30:41","guid":{"rendered":"https:\/\/revistacienciaecultura.org.br\/?p=8175"},"modified":"2025-04-01T12:36:24","modified_gmt":"2025-04-01T12:36:24","slug":"lei-de-cotas-no-brasil-uma-revolucao-silenciosa-na-educacao-e-na-sociedade","status":"publish","type":"post","link":"https:\/\/revistacienciaecultura.org.br\/?p=8175","title":{"rendered":"Lei de Cotas no Brasil: Uma revolu\u00e7\u00e3o silenciosa na educa\u00e7\u00e3o e na sociedade"},"content":{"rendered":"<h4 id=\"das-raizes-historicas-as-conquistas-recentes-o-impacto-das-acoes-afirmativas-no-combate-as-desigualdades-no-pais\"><span style=\"color: #808080;\">Das ra\u00edzes hist\u00f3ricas \u00e0s conquistas recentes: o impacto das a\u00e7\u00f5es afirmativas no combate \u00e0s desigualdades no pa\u00eds.<\/span><\/h4>\n<p><strong>\u00a0<\/strong><\/p>\n<p>Por d\u00e9cadas, o Brasil conviveu com o mito da democracia racial, que mascarava as profundas desigualdades entre brancos, negros e ind\u00edgenas. Esse discurso, embora amplamente difundido, ignorava a hegemonia social, econ\u00f4mica e pol\u00edtica dos brancos e a exclus\u00e3o hist\u00f3rica das popula\u00e7\u00f5es negras e ind\u00edgenas. Somente no final do s\u00e9culo XX, pol\u00edticas p\u00fablicas inspiradas em a\u00e7\u00f5es afirmativas de outros pa\u00edses come\u00e7aram a ganhar for\u00e7a no Brasil.<\/p>\n<p>&nbsp;<\/p>\n<h4 id=\"estudos-apontam-que-os-beneficiarios-das-cotas-apresentam-desempenho-academico-semelhante-ao-de-alunos-nao-cotistas-desmistificando-argumentos-de-baixa-meritocracia\" style=\"text-align: center;\"><span style=\"color: #800000;\"><em>\u201cEstudos apontam que os benefici\u00e1rios das cotas apresentam desempenho acad\u00eamico semelhante ao de alunos n\u00e3o cotistas, desmistificando argumentos de baixa meritocracia.\u201d<\/em><\/span><\/h4>\n<p>&nbsp;<\/p>\n<p>A \u00cdndia foi uma das precursoras nas a\u00e7\u00f5es afirmativas. Na d\u00e9cada de 1930, deu in\u00edcio a cotas para inserir os d\u00e1lites (a casta mais baixa) na educa\u00e7\u00e3o e no mercado de trabalho, consolidando-as na Constitui\u00e7\u00e3o de 1949. Nos Estados Unidos, os direitos civis dos negros ganharam destaque na d\u00e9cada de 1960 com leis que incentivaram a inser\u00e7\u00e3o dessa popula\u00e7\u00e3o na educa\u00e7\u00e3o superior e no mercado de trabalho. Esses exemplos foram fundamentais para inspirar debates no Brasil.<\/p>\n<p><strong>\u00a0<\/strong><\/p>\n<h4 id=\"os-primeiros-passos-no-brasil\"><strong>Os primeiros passos no Brasil<\/strong><\/h4>\n<p>Embora a quest\u00e3o racial tenha demorado a ser abordada, iniciativas de reserva de vagas come\u00e7aram de forma t\u00edmida com a Lei do Boi (1968), que beneficiava candidatos rurais em escolas agr\u00edcolas e veterin\u00e1rias. Somente na d\u00e9cada de 1980, com parlamentares como Abdias Nascimento, o Brasil come\u00e7ou a discutir cotas raciais de forma estruturada. Abdias Nascimento prop\u00f4s medidas de repara\u00e7\u00e3o hist\u00f3rica, como a destina\u00e7\u00e3o de 40% das bolsas de estudo a estudantes negros e a reserva de vagas no servi\u00e7o p\u00fablico e no setor privado.<\/p>\n<h6 id=\"figura-1-abdias-nascimentofoto-reproducao\" style=\"text-align: center;\"><img loading=\"lazy\" class=\"aligncenter wp-image-8176\" src=\"https:\/\/revistacienciaecultura.org.br\/wp-content\/uploads\/2025\/04\/cotas-1-202x300.jpg\" alt=\"\" width=\"336\" height=\"500\" srcset=\"https:\/\/revistacienciaecultura.org.br\/wp-content\/uploads\/2025\/04\/cotas-1-202x300.jpg 202w, https:\/\/revistacienciaecultura.org.br\/wp-content\/uploads\/2025\/04\/cotas-1-689x1024.jpg 689w, https:\/\/revistacienciaecultura.org.br\/wp-content\/uploads\/2025\/04\/cotas-1-768x1142.jpg 768w, https:\/\/revistacienciaecultura.org.br\/wp-content\/uploads\/2025\/04\/cotas-1-8x12.jpg 8w, https:\/\/revistacienciaecultura.org.br\/wp-content\/uploads\/2025\/04\/cotas-1-800x1189.jpg 800w, https:\/\/revistacienciaecultura.org.br\/wp-content\/uploads\/2025\/04\/cotas-1.jpg 902w\" sizes=\"(max-width: 336px) 100vw, 336px\" \/><br \/>\n<strong>Figura 1. Abdias Nascimento<br \/>\n<\/strong>(Foto: Reprodu\u00e7\u00e3o)<\/h6>\n<p>&nbsp;<\/p>\n<p>Nos anos seguintes, parlamentares como Benedita da Silva e Moacir Franco refor\u00e7aram o debate, apontando as cotas como um instrumento para mitigar desigualdades educacionais e sociais. Em 1999, a deputada Nice Lob\u00e3o apresentou a proposta que daria origem \u00e0 Lei de Cotas (Lei 12.711\/2012), sancionada anos depois.<\/p>\n<p><strong>\u00a0<\/strong><\/p>\n<h4 id=\"a-lei-de-cotas-e-suas-conquistas\"><strong>A Lei de Cotas e suas conquistas<\/strong><\/h4>\n<p>Aprovada em 2012, a Lei de Cotas determina a reserva de 50% das vagas em universidades federais e institutos federais de ensino t\u00e9cnico para estudantes oriundos de escolas p\u00fablicas, com subcotas para negros, pardos, ind\u00edgenas e pessoas com defici\u00eancia. Essa pol\u00edtica mudou significativamente o perfil dos estudantes nas institui\u00e7\u00f5es de ensino superior no Brasil.<\/p>\n<p>Dados recentes mostram que a presen\u00e7a de estudantes negros e pardos aumentou consideravelmente nas universidades p\u00fablicas, aproximando mais a composi\u00e7\u00e3o dos alunos \u00e0 realidade demogr\u00e1fica do pa\u00eds. Estudos apontam que os benefici\u00e1rios das cotas apresentam desempenho acad\u00eamico semelhante ao de alunos n\u00e3o cotistas, desmistificando argumentos de baixa meritocracia.<\/p>\n<h6 id=\"figura-2-unb-foi-a-primeira-universidade-federal-a-adotar-cotas-raciais-em-seus-processos-seletivos-de-ingresso-na-graduacaofoto-beatriz-ferraz-secom-unb\" style=\"text-align: center;\"><strong><img loading=\"lazy\" class=\"aligncenter wp-image-8177\" src=\"https:\/\/revistacienciaecultura.org.br\/wp-content\/uploads\/2025\/04\/cotas-2-300x203.jpg\" alt=\"\" width=\"500\" height=\"339\" srcset=\"https:\/\/revistacienciaecultura.org.br\/wp-content\/uploads\/2025\/04\/cotas-2-300x203.jpg 300w, https:\/\/revistacienciaecultura.org.br\/wp-content\/uploads\/2025\/04\/cotas-2-1024x693.jpg 1024w, https:\/\/revistacienciaecultura.org.br\/wp-content\/uploads\/2025\/04\/cotas-2-768x520.jpg 768w, https:\/\/revistacienciaecultura.org.br\/wp-content\/uploads\/2025\/04\/cotas-2-1536x1040.jpg 1536w, https:\/\/revistacienciaecultura.org.br\/wp-content\/uploads\/2025\/04\/cotas-2-18x12.jpg 18w, https:\/\/revistacienciaecultura.org.br\/wp-content\/uploads\/2025\/04\/cotas-2-800x542.jpg 800w, https:\/\/revistacienciaecultura.org.br\/wp-content\/uploads\/2025\/04\/cotas-2-1160x785.jpg 1160w, https:\/\/revistacienciaecultura.org.br\/wp-content\/uploads\/2025\/04\/cotas-2.jpg 1691w\" sizes=\"(max-width: 500px) 100vw, 500px\" \/><br \/>\n<\/strong><strong>Figura 2. UnB foi a primeira universidade federal a\u00a0adotar\u00a0cotas\u00a0raciais em seus processos seletivos\u00a0de ingresso na gradua\u00e7\u00e3o<br \/>\n<\/strong>(Foto: Beatriz Ferraz\/Secom UnB)<\/h6>\n<p><strong>\u00a0<\/strong><\/p>\n<h4 id=\"resistencias-e-transformacoes\"><strong>Resist\u00eancias e Transforma\u00e7\u00f5es<\/strong><\/h4>\n<p>O caminho at\u00e9 a aprova\u00e7\u00e3o da lei foi marcado por intensos debates e resist\u00eancias. No in\u00edcio dos anos 2000, manifestos contr\u00e1rios \u00e0s cotas dividiam intelectuais, artistas e lideran\u00e7as pol\u00edticas. Entretanto, com o passar do tempo e a consolida\u00e7\u00e3o da lei, muitos cr\u00edticos revisaram suas posi\u00e7\u00f5es, reconhecendo os impactos positivos da pol\u00edtica na redu\u00e7\u00e3o das desigualdades. A inclus\u00e3o promovida pelas cotas tamb\u00e9m impactou a sociedade de forma mais ampla, fomentando debates sobre racismo, desigualdade social e repara\u00e7\u00e3o hist\u00f3rica.<\/p>\n<p>&nbsp;<\/p>\n<h4 id=\"a-inclusao-promovida-pelas-cotas-tambem-impactou-a-sociedade-de-forma-mais-ampla-fomentando-debates-sobre-racismo-desigualdade-social-e-reparacao-historica\" style=\"text-align: center;\"><span style=\"color: #800000;\"><em>\u201cA inclus\u00e3o promovida pelas cotas tamb\u00e9m impactou a sociedade de forma mais ampla, fomentando debates sobre racismo, desigualdade social e repara\u00e7\u00e3o hist\u00f3rica.\u201d<\/em><\/span><\/h4>\n<p>&nbsp;<\/p>\n<p><strong>\u00a0<\/strong>Ao completar 10 anos em 2022, a Lei de Cotas passou por sua primeira revis\u00e3o, mantendo-se como um instrumento vital para a democratiza\u00e7\u00e3o do ensino superior no Brasil. No entanto, especialistas apontam que pol\u00edticas de inclus\u00e3o devem ser acompanhadas de melhorias no ensino b\u00e1sico e na perman\u00eancia estudantil para garantir um impacto mais amplo e duradouro.<\/p>\n<p>&nbsp;<\/p>\n<h6 id=\"capa-foto-beto-monteiro-secom-unb\">Capa. Foto: Beto Monteiro\/Secom UnB<\/h6>\n","protected":false},"excerpt":{"rendered":"Das ra\u00edzes hist\u00f3ricas \u00e0s conquistas recentes: o impacto das a\u00e7\u00f5es afirmativas no&hellip;\n","protected":false},"author":19,"featured_media":8178,"comment_status":"open","ping_status":"open","sticky":false,"template":"","format":"standard","meta":[],"categories":[1,2],"tags":[],"acf":[],"_links":{"self":[{"href":"https:\/\/revistacienciaecultura.org.br\/index.php?rest_route=\/wp\/v2\/posts\/8175"}],"collection":[{"href":"https:\/\/revistacienciaecultura.org.br\/index.php?rest_route=\/wp\/v2\/posts"}],"about":[{"href":"https:\/\/revistacienciaecultura.org.br\/index.php?rest_route=\/wp\/v2\/types\/post"}],"author":[{"embeddable":true,"href":"https:\/\/revistacienciaecultura.org.br\/index.php?rest_route=\/wp\/v2\/users\/19"}],"replies":[{"embeddable":true,"href":"https:\/\/revistacienciaecultura.org.br\/index.php?rest_route=%2Fwp%2Fv2%2Fcomments&post=8175"}],"version-history":[{"count":3,"href":"https:\/\/revistacienciaecultura.org.br\/index.php?rest_route=\/wp\/v2\/posts\/8175\/revisions"}],"predecessor-version":[{"id":8181,"href":"https:\/\/revistacienciaecultura.org.br\/index.php?rest_route=\/wp\/v2\/posts\/8175\/revisions\/8181"}],"wp:featuredmedia":[{"embeddable":true,"href":"https:\/\/revistacienciaecultura.org.br\/index.php?rest_route=\/wp\/v2\/media\/8178"}],"wp:attachment":[{"href":"https:\/\/revistacienciaecultura.org.br\/index.php?rest_route=%2Fwp%2Fv2%2Fmedia&parent=8175"}],"wp:term":[{"taxonomy":"category","embeddable":true,"href":"https:\/\/revistacienciaecultura.org.br\/index.php?rest_route=%2Fwp%2Fv2%2Fcategories&post=8175"},{"taxonomy":"post_tag","embeddable":true,"href":"https:\/\/revistacienciaecultura.org.br\/index.php?rest_route=%2Fwp%2Fv2%2Ftags&post=8175"}],"curies":[{"name":"wp","href":"https:\/\/api.w.org\/{rel}","templated":true}]}}