{"id":8201,"date":"2025-04-22T10:54:23","date_gmt":"2025-04-22T10:54:23","guid":{"rendered":"https:\/\/revistacienciaecultura.org.br\/?p=8201"},"modified":"2025-04-22T10:54:23","modified_gmt":"2025-04-22T10:54:23","slug":"77a-reuniao-anual-da-sbpc-ciencia-que-conecta-territorios-pessoas-e-diversidade","status":"publish","type":"post","link":"https:\/\/revistacienciaecultura.org.br\/?p=8201","title":{"rendered":"77\u00aa Reuni\u00e3o Anual da SBPC: ci\u00eancia que conecta territ\u00f3rios, pessoas e diversidade"},"content":{"rendered":"<h4 id=\"evento-acontece-de-13-a-19-de-julho-na-ufrpe-em-recife-participacao-e-gratuita-e-as-inscricoes-estao-abertas\"><span style=\"color: #808080;\">Evento acontece de 13 a 19 de julho na UFRPE, em Recife; participa\u00e7\u00e3o \u00e9 gratuita e as inscri\u00e7\u00f5es est\u00e3o abertas<\/span><\/h4>\n<p>&nbsp;<\/p>\n<p>A capital pernambucana se prepara para receber um dos maiores encontros da ci\u00eancia brasileira. De 13 a 19 de julho, a 77\u00aa Reuni\u00e3o Anual da Sociedade Brasileira para o Progresso da Ci\u00eancia (SBPC) ocupar\u00e1 os espa\u00e7os da Universidade Federal Rural de Pernambuco (UFRPE), em Recife. As inscri\u00e7\u00f5es j\u00e1 est\u00e3o abertas no site oficial: https:\/\/ra.sbpcnet.org.br\/77RA\/.<\/p>\n<p>Com o tema \u201cProgresso \u00e9 Ci\u00eancia em todos os Territ\u00f3rios\u201d, a edi\u00e7\u00e3o deste ano prop\u00f5e um olhar atento \u00e0s especificidades e aos desafios de cada regi\u00e3o do pa\u00eds, desde as grandes metr\u00f3poles at\u00e9 as \u00e1reas rurais, perif\u00e9ricas e marginalizadas. O objetivo \u00e9 promover um amplo di\u00e1logo sobre o papel da ci\u00eancia no enfrentamento das desigualdades regionais e na constru\u00e7\u00e3o de solu\u00e7\u00f5es sustent\u00e1veis e inclusivas para todos os cantos do Brasil.<\/p>\n<p>A programa\u00e7\u00e3o incluir\u00e1 confer\u00eancias, mesas-redondas, exposi\u00e7\u00f5es interativas, atividades culturais, minicursos, webminicursos e a tradicional Sess\u00e3o de P\u00f4steres. A participa\u00e7\u00e3o \u00e9 gratuita e aberta ao p\u00fablico. H\u00e1 cobran\u00e7a de taxa apenas para:<\/p>\n<ul>\n<li>Participa\u00e7\u00e3o nos minicursos e webminicursos;<\/li>\n<li>Autores com trabalhos aprovados na Sess\u00e3o de P\u00f4steres;<\/li>\n<li>Aquisi\u00e7\u00e3o do material do evento (opcional).<\/li>\n<\/ul>\n<p>Entre as novidades deste ano est\u00e1 a amplia\u00e7\u00e3o da \u201cSBPC Afro e Ind\u00edgena\u201d, que reunir\u00e1 representantes de ribeirinhos, benzedeiras, bacamarteiros, artes\u00e3os e trabalhadores da cana-de-a\u00e7\u00facar, entre outros. A proposta \u00e9 valorizar diferentes formas de produzir e transmitir conhecimento.<\/p>\n<p>Outra inova\u00e7\u00e3o \u00e9 a cria\u00e7\u00e3o da Comiss\u00e3o \u201cSBPC Mulher\u201d, uma iniciativa pioneira que trar\u00e1 uma abordagem transversal e interseccional \u00e0 programa\u00e7\u00e3o da Reuni\u00e3o. A proposta \u00e9 refletir sobre as rela\u00e7\u00f5es entre g\u00eanero, ra\u00e7a\/etnia, classe social e gera\u00e7\u00e3o, especialmente nas pol\u00edticas de educa\u00e7\u00e3o, ci\u00eancia e tecnologia. Por meio de um semin\u00e1rio interdisciplinar, a SBPC Mulher promover\u00e1 debates sobre a visibilidade das mulheres na ci\u00eancia, a paridade de g\u00eanero nos espa\u00e7os de poder e os desafios que ainda limitam a atua\u00e7\u00e3o de mulheres gestoras no mundo do trabalho e das decis\u00f5es institucionais.<\/p>\n<p>A inten\u00e7\u00e3o \u00e9 reunir representantes de universidades, institui\u00e7\u00f5es p\u00fablicas e privadas, movimentos sociais, ONGs, OSCIPs e sindicatos para fortalecer a articula\u00e7\u00e3o em torno dessas agendas.<\/p>\n<p>A identidade visual do evento traduz esse esp\u00edrito: o cartaz traz o cacto coroa de frade, florido e robusto, entrela\u00e7ado a c\u00f3digos bin\u00e1rios \u2014 um encontro entre o sert\u00e3o e a inova\u00e7\u00e3o, entre as ra\u00edzes e o futuro.<\/p>\n<p>SBPC convida voc\u00ea a participar desta experi\u00eancia que une ci\u00eancia, cultura e diversidade.<\/p>\n<p>Saiba mais e inscreva-se em:\u00a0<span style=\"color: #800000;\"><strong><a style=\"color: #800000;\" href=\"https:\/\/ra.sbpcnet.org.br\/77RA\/\" target=\"_blank\" rel=\"noopener\">https:\/\/ra.sbpcnet.org.br\/77RA\/<\/a><\/strong><\/span><\/p>\n<p><span style=\"color: #808080;\"><em>Jornal da Ci\u00eancia<\/em><\/span><\/p>\n","protected":false},"excerpt":{"rendered":"Evento acontece de 13 a 19 de julho na UFRPE, em Recife;&hellip;\n","protected":false},"author":19,"featured_media":7566,"comment_status":"open","ping_status":"open","sticky":false,"template":"","format":"standard","meta":[],"categories":[1,2],"tags":[],"acf":[],"_links":{"self":[{"href":"https:\/\/revistacienciaecultura.org.br\/index.php?rest_route=\/wp\/v2\/posts\/8201"}],"collection":[{"href":"https:\/\/revistacienciaecultura.org.br\/index.php?rest_route=\/wp\/v2\/posts"}],"about":[{"href":"https:\/\/revistacienciaecultura.org.br\/index.php?rest_route=\/wp\/v2\/types\/post"}],"author":[{"embeddable":true,"href":"https:\/\/revistacienciaecultura.org.br\/index.php?rest_route=\/wp\/v2\/users\/19"}],"replies":[{"embeddable":true,"href":"https:\/\/revistacienciaecultura.org.br\/index.php?rest_route=%2Fwp%2Fv2%2Fcomments&post=8201"}],"version-history":[{"count":1,"href":"https:\/\/revistacienciaecultura.org.br\/index.php?rest_route=\/wp\/v2\/posts\/8201\/revisions"}],"predecessor-version":[{"id":8202,"href":"https:\/\/revistacienciaecultura.org.br\/index.php?rest_route=\/wp\/v2\/posts\/8201\/revisions\/8202"}],"wp:featuredmedia":[{"embeddable":true,"href":"https:\/\/revistacienciaecultura.org.br\/index.php?rest_route=\/wp\/v2\/media\/7566"}],"wp:attachment":[{"href":"https:\/\/revistacienciaecultura.org.br\/index.php?rest_route=%2Fwp%2Fv2%2Fmedia&parent=8201"}],"wp:term":[{"taxonomy":"category","embeddable":true,"href":"https:\/\/revistacienciaecultura.org.br\/index.php?rest_route=%2Fwp%2Fv2%2Fcategories&post=8201"},{"taxonomy":"post_tag","embeddable":true,"href":"https:\/\/revistacienciaecultura.org.br\/index.php?rest_route=%2Fwp%2Fv2%2Ftags&post=8201"}],"curies":[{"name":"wp","href":"https:\/\/api.w.org\/{rel}","templated":true}]}}