{"id":8204,"date":"2025-04-29T07:30:14","date_gmt":"2025-04-29T07:30:14","guid":{"rendered":"https:\/\/revistacienciaecultura.org.br\/?p=8204"},"modified":"2025-04-28T18:28:39","modified_gmt":"2025-04-28T18:28:39","slug":"sbpc-sp-realiza-encontro-regional-em-sao-carlos-para-debater-o-financiamento-da-ciencia-publica","status":"publish","type":"post","link":"https:\/\/revistacienciaecultura.org.br\/?p=8204","title":{"rendered":"SBPC-SP realiza encontro regional em S\u00e3o Carlos para debater o financiamento da ci\u00eancia p\u00fablica"},"content":{"rendered":"<h4 id=\"evento-e-gratuito-e-acontecera-no-auditorio-jorge-caron-da-eesc-usp-no-dia-5-de-maio-inscricoes-gratuitas-ja-estao-abertas\"><span style=\"color: #808080;\">Evento \u00e9 gratuito e acontecer\u00e1 no Audit\u00f3rio Jorge Caron, da EESC-USP, no dia 5 de maio. Inscri\u00e7\u00f5es gratuitas j\u00e1 est\u00e3o abertas<\/span><\/h4>\n<p>&nbsp;<\/p>\n<p>A Secretaria Regional da Sociedade Brasileira para o Progresso da Ci\u00eancia em S\u00e3o Paulo \u2013 Sub\u00e1rea III (SBPC-SP III) realizar\u00e1 no dia 5 de maio, um encontro na cidade de S\u00e3o Carlos. Com o tema \u201cO financiamento das universidades p\u00fablicas e da pesquisa no Estado de S\u00e3o Paulo\u201d, o evento busca debater o papel dos governos municipais e estadual na produ\u00e7\u00e3o e difus\u00e3o da Ci\u00eancia.<\/p>\n<p>\u201cEsse encontro ser\u00e1 sobre a regi\u00e3o de S\u00e3o Carlos, que envolve tamb\u00e9m os munic\u00edpios de Campinas, Ribeir\u00e3o Preto, Araraquara e Rio Claro. \u00c9 uma regi\u00e3o que tem uma representatividade na Ci\u00eancia muito grande, porque \u00e9 onde se concentra a Unicamp [Universidade Estadual de Campinas], a Unesp [Universidade Estadual Paulista], a UFSCar [Universidade Federal de S\u00e3o Carlos] e a USP [Universidade de S\u00e3o Paulo] em dois\u00a0<em>campi<\/em>. Al\u00e9m disso, h\u00e1 centros de pesquisa, como dois da Embrapa [Empresa Brasileira de Pesquisa Agropecu\u00e1ria]: a Embrapa Pecu\u00e1ria e a Embrapa Instrumenta\u00e7\u00e3o\u201d, explica Mirlene Sim\u00f5es, secret\u00e1ria regional da SBPC-SP III.<\/p>\n<p>A abertura da programa\u00e7\u00e3o acontecer\u00e1 \u00e0s 8h30 e contar\u00e1 com as presen\u00e7as do presidente da SBPC, Renato Janine Ribeiro; da reitora da UFSCar, Ana Beatriz Oliveira; do diretor da EESC-USP S\u00e3o Carlos [Escola de Engenharia de S\u00e3o Carlos da Universidade de S\u00e3o Paulo], Fernando Catalano; da secret\u00e1ria de Desenvolvimento Econ\u00f4mico, Ci\u00eancia e Tecnologia de S\u00e3o Carlos, Paula Knoff e do secret\u00e1rio Municipal de Administra\u00e7\u00e3o de Araraquara, Victor Oliveira. Todas as atividades ser\u00e3o realizadas no Audit\u00f3rio Jorge Caron, da EESC-USP.<\/p>\n<p>\u201cDepois da abertura oficial, a gente vai ter quatro pain\u00e9is durante o dia. O primeiro painel vai discutir especificamente a quest\u00e3o do financiamento \u00e0s universidades p\u00fablicas por conta das mudan\u00e7as que vir\u00e3o a partir da nova tributa\u00e7\u00e3o. Depois, a gente passa para um painel que vai debater novas alternativas de financiamento. Nessa mesa a gente vai ter a exposi\u00e7\u00e3o de um parque tecnol\u00f3gico e de uma incubadora de empresas de tecnologia. Haver\u00e1, ainda, a presen\u00e7a do presidente de uma Embrapii aqui da regi\u00e3o, al\u00e9m de duas associa\u00e7\u00f5es nacionais, uma de inova\u00e7\u00e3o e outra de pesquisa e conhecimento\u201d, detalha Sim\u00f5es.<\/p>\n<p>A programa\u00e7\u00e3o ter\u00e1 uma pausa para almo\u00e7o e retornar\u00e1 \u00e0s 14h com mais duas mesas redondas. \u201cA primeira vai abordar a quest\u00e3o do financiamento de ci\u00eancia e tecnologia no \u00e2mbito dos munic\u00edpios, ou seja, como que os munic\u00edpios integram Ci\u00eancia e pesquisa no\u00a0<em>hall\u00a0<\/em>das suas atividades e de que forma isso tamb\u00e9m contribui para novas pesquisas, bolsas e demais a\u00e7\u00f5es. J\u00e1 o outro painel vai tratar das quest\u00f5es atuais sobre as mudan\u00e7as clim\u00e1ticas, e qual a urg\u00eancia do tema para novas pesquisas e novo \u00e2mbito de financiamento \u00e0 Ci\u00eancia.\u201d<\/p>\n<p>O Encontro Regional da SBPC-SP III em S\u00e3o Carlos conta com a parceria do Comit\u00ea Gestor Municipal de S\u00e3o Carlos de Ci\u00eancia e Tecnologia, que envolve as ag\u00eancias de inova\u00e7\u00e3o da USP e da UFSCAR e as unidades das Embrapa, al\u00e9m do apoio do Sebrae e de parques tecnol\u00f3gicos.\u00a0<strong>Para participar, \u00e9 necess\u00e1rio se inscrever\u00a0<span style=\"color: #800000;\"><a style=\"color: #800000;\" href=\"https:\/\/forms.gle\/PHpbwSiLvG275mEc8\" target=\"_blank\" rel=\"noopener\">neste link<\/a><\/span>.<\/strong>\u00a0O evento \u00e9 aberto a todos e gratuito.<\/p>\n<p>Confira a programa\u00e7\u00e3o preliminar:<\/p>\n<h4 id=\"encontro-regional-da-sbpc-em-sao-carlos\"><strong>Encontro Regional da SBPC em S\u00e3o Carlos<\/strong><\/h4>\n<p><strong>Local<\/strong>: Audit\u00f3rio Jorge Caron<br \/>\nEESC-USP<\/p>\n<p>Campus 1 \u2013 S\u00e3o Carlos\/SP<\/p>\n<p><strong>Data<\/strong>: 05 de maio de 2025<\/p>\n<p><strong>Dia 05\/05\/2025<\/strong><\/p>\n<p><strong>Tema do encontro<\/strong>: O financiamento das universidades p\u00fablicas e da pesquisa no Estado de S\u00e3o Paulo<\/p>\n<p>&nbsp;<\/p>\n<p><strong>08:30h \u2013 Abertura oficial<\/strong><\/p>\n<p>Convidados:<\/p>\n<p>Prof. Dr. Renato Janine Ribeiro \u2013 Presidente da SBPC<\/p>\n<p>Profa. Dra. Mirlene F\u00e1tima Sim\u00f5es \u2013 Secret\u00e1ria Regional S\u00e3o Paulo 3 da SBPC<\/p>\n<p>Profa. Dra. Ana Beatriz Oliveira \u2013 Reitora da UFSCar<\/p>\n<p>Prof. Dr. Fernando Catalano \u2013 Diretor da EESC-USP S\u00e3o Carlos<br \/>\nPaula Knoff \u2013 Secret\u00e1ria de Desenvolvimento Econ\u00f4mico, Ci\u00eancia e Tecnologia \u2013 Prefeitura de S\u00e3o Carlos<\/p>\n<p>Victor Oliveira \u2013 Secret\u00e1rio Municipal de Administra\u00e7\u00e3o \u2013 Prefeitura de Araraquara<\/p>\n<p>&nbsp;<\/p>\n<p><strong>09:00h \u2013 Painel 1<\/strong><\/p>\n<p><em><b>Universidades Estaduais: novos financiamentos para pesquisa e ensino<\/b><\/em><\/p>\n<p><strong>10:30h \u2013 pausa para caf\u00e9<\/strong><\/p>\n<p><strong>10:50h \u2013 Painel 2<\/strong><\/p>\n<p><em><b>Outros modelos de financiamento \u00e0 CT&amp;I<\/b><\/em><\/p>\n<p><strong>12:30h \u2013 pausa para almo\u00e7o<\/strong><\/p>\n<p><strong>14h \u2013 Painel 3<\/strong><\/p>\n<p><em><b>Mudan\u00e7as clim\u00e1ticas e sociais: financiamento em pesquisa e ci\u00eancia para desafios futuros<\/b><\/em><\/p>\n<p><strong>15:30h \u2013 pausa para caf\u00e9<\/strong><\/p>\n<p><strong>15:45h \u2013 Painel 4<\/strong><\/p>\n<p><em><b>Cidades, ci\u00eancia e pesquisa associadas: financiamentos municipais em CT&amp;I<\/b><\/em><\/p>\n<p><em>Rafael Revadam \u2013 Jornal da Ci\u00eancia<\/em><\/p>\n","protected":false},"excerpt":{"rendered":"Evento \u00e9 gratuito e acontecer\u00e1 no Audit\u00f3rio Jorge Caron, da EESC-USP, no&hellip;\n","protected":false},"author":19,"featured_media":8205,"comment_status":"open","ping_status":"open","sticky":false,"template":"","format":"standard","meta":[],"categories":[1,2],"tags":[],"acf":[],"_links":{"self":[{"href":"https:\/\/revistacienciaecultura.org.br\/index.php?rest_route=\/wp\/v2\/posts\/8204"}],"collection":[{"href":"https:\/\/revistacienciaecultura.org.br\/index.php?rest_route=\/wp\/v2\/posts"}],"about":[{"href":"https:\/\/revistacienciaecultura.org.br\/index.php?rest_route=\/wp\/v2\/types\/post"}],"author":[{"embeddable":true,"href":"https:\/\/revistacienciaecultura.org.br\/index.php?rest_route=\/wp\/v2\/users\/19"}],"replies":[{"embeddable":true,"href":"https:\/\/revistacienciaecultura.org.br\/index.php?rest_route=%2Fwp%2Fv2%2Fcomments&post=8204"}],"version-history":[{"count":2,"href":"https:\/\/revistacienciaecultura.org.br\/index.php?rest_route=\/wp\/v2\/posts\/8204\/revisions"}],"predecessor-version":[{"id":8207,"href":"https:\/\/revistacienciaecultura.org.br\/index.php?rest_route=\/wp\/v2\/posts\/8204\/revisions\/8207"}],"wp:featuredmedia":[{"embeddable":true,"href":"https:\/\/revistacienciaecultura.org.br\/index.php?rest_route=\/wp\/v2\/media\/8205"}],"wp:attachment":[{"href":"https:\/\/revistacienciaecultura.org.br\/index.php?rest_route=%2Fwp%2Fv2%2Fmedia&parent=8204"}],"wp:term":[{"taxonomy":"category","embeddable":true,"href":"https:\/\/revistacienciaecultura.org.br\/index.php?rest_route=%2Fwp%2Fv2%2Fcategories&post=8204"},{"taxonomy":"post_tag","embeddable":true,"href":"https:\/\/revistacienciaecultura.org.br\/index.php?rest_route=%2Fwp%2Fv2%2Ftags&post=8204"}],"curies":[{"name":"wp","href":"https:\/\/api.w.org\/{rel}","templated":true}]}}