{"id":8209,"date":"2025-04-30T07:30:09","date_gmt":"2025-04-30T07:30:09","guid":{"rendered":"https:\/\/revistacienciaecultura.org.br\/?p=8209"},"modified":"2025-04-29T11:34:20","modified_gmt":"2025-04-29T11:34:20","slug":"enrico-fermi-no-brasil-a-viagem-do-nobel-que-conectou-ciencia-e-inovacao","status":"publish","type":"post","link":"https:\/\/revistacienciaecultura.org.br\/?p=8209","title":{"rendered":"Enrico Fermi no Brasil: A viagem do Nobel que conectou ci\u00eancia e inova\u00e7\u00e3o"},"content":{"rendered":"<h4 id=\"o-pioneirismo-do-fisico-italiano-e-seu-impacto-indireto-na-formacao-da-ciencia-brasileira\"><span style=\"color: #808080;\">O pioneirismo do f\u00edsico italiano e seu impacto indireto na forma\u00e7\u00e3o da ci\u00eancia brasileira<\/span><\/h4>\n<p>&nbsp;<\/p>\n<p>Em 1934, o renomado f\u00edsico Enrico Fermi (1901-1954), j\u00e1 consagrado por contribui\u00e7\u00f5es revolucion\u00e1rias \u00e0 f\u00edsica te\u00f3rica e experimental, embarcou em uma viagem ao hemisf\u00e9rio sul. Essa jornada o trouxe ao Brasil, onde, entre palestras e encontros com intelectuais, deixou um legado que ecoa at\u00e9 hoje na ci\u00eancia brasileira. Ainda que os detalhes da visita permane\u00e7am pouco conhecidos, uma reconstru\u00e7\u00e3o hist\u00f3rica baseada em jornais e mem\u00f3rias da \u00e9poca permite entrever o impacto dessa passagem.<\/p>\n<h4 id=\"\"><\/h4>\n<h4 id=\"uma-visita-estrategica-ao-brasil\"><strong>Uma visita estrat\u00e9gica ao Brasil<\/strong><\/h4>\n<p>No calor do ver\u00e3o europeu, Fermi e sua esposa Laura decidiram aventurar-se pela Am\u00e9rica do Sul, em uma agenda patrocinada pelo governo italiano. Com o objetivo de fomentar la\u00e7os acad\u00eamicos e culturais, Fermi visitou a Argentina, o Uruguai e, por fim, o Brasil. Aqui, passou pelo Rio de Janeiro e S\u00e3o Paulo, onde ministrou confer\u00eancias para plateias entusiastas.<\/p>\n<p>&nbsp;<\/p>\n<h4 id=\"a-passagem-de-fermi-pelo-brasil-foi-marcada-por-eventos-historicos\" style=\"text-align: center;\"><span style=\"color: #800000;\"><em>\u201cA passagem de Fermi pelo Brasil foi marcada por eventos hist\u00f3ricos.\u201d<\/em><\/span><\/h4>\n<p>&nbsp;<\/p>\n<p>Essas palestras, proferidas em italiano, eram um convite ao fasc\u00ednio pelas novas fronteiras da f\u00edsica. Entre os temas, destacavam-se a teoria do decaimento beta e a previs\u00e3o do elemento qu\u00edmico de n\u00famero at\u00f4mico 93, posteriormente batizado de nept\u00fanio.<\/p>\n<p><strong>\u00a0<\/strong><\/p>\n<h4 id=\"um-convite-recusado-um-legado-indireto\"><strong>Um convite recusado, um legado indireto<\/strong><\/h4>\n<p>Antes de sua visita, Fermi recebeu um convite ambicioso do matem\u00e1tico Theodoro Augusto Ramos, que buscava atrair cientistas de renome para a rec\u00e9m-criada Faculdade de Filosofia, Ci\u00eancias e Letras (FFCL) de S\u00e3o Paulo, n\u00facleo da futura USP. Apesar de recusar a oferta, Fermi recomendou Gleb Wataghin, um jovem f\u00edsico ucraniano, que se tornaria pe\u00e7a-chave na forma\u00e7\u00e3o da f\u00edsica te\u00f3rica e experimental no Brasil.<\/p>\n<h6 id=\"figura-1-o-fisico-experimental-e-teorico-enrico-fermifoto-department-of-energy-office-of-public-affairs-dominio-publico-https-commons-wikimedia-org-w-index-phpcurid156854\" style=\"text-align: center;\"><img loading=\"lazy\" class=\"aligncenter wp-image-8211\" src=\"https:\/\/revistacienciaecultura.org.br\/wp-content\/uploads\/2025\/04\/fermi-1-243x300.jpg\" alt=\"\" width=\"324\" height=\"400\" srcset=\"https:\/\/revistacienciaecultura.org.br\/wp-content\/uploads\/2025\/04\/fermi-1-243x300.jpg 243w, https:\/\/revistacienciaecultura.org.br\/wp-content\/uploads\/2025\/04\/fermi-1-829x1024.jpg 829w, https:\/\/revistacienciaecultura.org.br\/wp-content\/uploads\/2025\/04\/fermi-1-768x949.jpg 768w, https:\/\/revistacienciaecultura.org.br\/wp-content\/uploads\/2025\/04\/fermi-1-1243x1536.jpg 1243w, https:\/\/revistacienciaecultura.org.br\/wp-content\/uploads\/2025\/04\/fermi-1-1658x2048.jpg 1658w, https:\/\/revistacienciaecultura.org.br\/wp-content\/uploads\/2025\/04\/fermi-1-10x12.jpg 10w, https:\/\/revistacienciaecultura.org.br\/wp-content\/uploads\/2025\/04\/fermi-1-800x988.jpg 800w, https:\/\/revistacienciaecultura.org.br\/wp-content\/uploads\/2025\/04\/fermi-1-1160x1433.jpg 1160w, https:\/\/revistacienciaecultura.org.br\/wp-content\/uploads\/2025\/04\/fermi-1.jpg 1691w\" sizes=\"(max-width: 324px) 100vw, 324px\" \/><br \/>\n<strong>Figura 1: O f\u00edsico experimental e te\u00f3rico Enrico Fermi<br \/>\n<\/strong>(Foto: Department of Energy-Office of Public Affairs &#8211; Dominio p\u00fablico, <a href=\"https:\/\/commons.wikimedia.org\/w\/index.php?curid=156854\">https:\/\/commons.wikimedia.org\/w\/index.php?curid=156854<\/a>)<\/h6>\n<p>&nbsp;<\/p>\n<p>Wataghin trouxe consigo uma abordagem pioneira para o ensino e pesquisa, formando nomes como C\u00e9sar Lattes e Oscar Sala, que seriam fundamentais para o desenvolvimento da f\u00edsica no pa\u00eds.<\/p>\n<p><strong>\u00a0<\/strong><\/p>\n<h4 id=\"conexoes-e-curiosidades\"><strong>Conex\u00f5es e curiosidades<\/strong><\/h4>\n<p>A passagem de Fermi pelo Brasil foi marcada por eventos hist\u00f3ricos. Ele chegou ao pa\u00eds a bordo do navio Neptunia, que desembarcou no Rio de Janeiro em julho de 1934. Curiosamente, o nome do navio inspira a denomina\u00e7\u00e3o do elemento qu\u00edmico 93, o nept\u00fanio, cuja exist\u00eancia Fermi previu.<\/p>\n<p>Durante sua estadia, o Instituto \u00cdtalo-Brasileiro de Alta Cultura organizou eventos para aproximar intelectuais brasileiros e italianos. Essa conex\u00e3o refletia a estrat\u00e9gia do governo italiano de Mussolini de consolidar la\u00e7os culturais e cient\u00edficos com a Am\u00e9rica do Sul.<\/p>\n<p>&nbsp;<\/p>\n<h4 id=\"fermi-encontrou-se-com-cientistas-locais-e-influenciou-indiretamente-o-futuro-da-pesquisa-no-pais\" style=\"text-align: center;\"><span style=\"color: #800000;\"><em>\u201cFermi encontrou-se com cientistas locais e influenciou indiretamente o futuro da pesquisa no pa\u00eds.\u201d<\/em><\/span><\/h4>\n<p>&nbsp;<\/p>\n<p>Embora sua visita ao Brasil tenha sido breve, Fermi encontrou-se com cientistas locais e influenciou indiretamente o futuro da pesquisa no pa\u00eds. O epis\u00f3dio em que Wataghin apresentou o trabalho de Mario Schenberg a Paul Dirac, e que culminou no convite de Schenberg para Cambridge, \u00e9 um dos exemplos do impacto indireto de Fermi na ci\u00eancia brasileira.<\/p>\n<p>&nbsp;<\/p>\n<h6 id=\"capa-enrico-fermi-no-brasilfoto-reproducao\"><strong>Capa. Enrico Fermi no Brasil<br \/>\n<\/strong>(Foto: Reprodu\u00e7\u00e3o)<\/h6>\n","protected":false},"excerpt":{"rendered":"O pioneirismo do f\u00edsico italiano e seu impacto indireto na forma\u00e7\u00e3o da&hellip;\n","protected":false},"author":19,"featured_media":8210,"comment_status":"open","ping_status":"open","sticky":false,"template":"","format":"standard","meta":[],"categories":[1,2],"tags":[],"acf":[],"_links":{"self":[{"href":"https:\/\/revistacienciaecultura.org.br\/index.php?rest_route=\/wp\/v2\/posts\/8209"}],"collection":[{"href":"https:\/\/revistacienciaecultura.org.br\/index.php?rest_route=\/wp\/v2\/posts"}],"about":[{"href":"https:\/\/revistacienciaecultura.org.br\/index.php?rest_route=\/wp\/v2\/types\/post"}],"author":[{"embeddable":true,"href":"https:\/\/revistacienciaecultura.org.br\/index.php?rest_route=\/wp\/v2\/users\/19"}],"replies":[{"embeddable":true,"href":"https:\/\/revistacienciaecultura.org.br\/index.php?rest_route=%2Fwp%2Fv2%2Fcomments&post=8209"}],"version-history":[{"count":3,"href":"https:\/\/revistacienciaecultura.org.br\/index.php?rest_route=\/wp\/v2\/posts\/8209\/revisions"}],"predecessor-version":[{"id":8214,"href":"https:\/\/revistacienciaecultura.org.br\/index.php?rest_route=\/wp\/v2\/posts\/8209\/revisions\/8214"}],"wp:featuredmedia":[{"embeddable":true,"href":"https:\/\/revistacienciaecultura.org.br\/index.php?rest_route=\/wp\/v2\/media\/8210"}],"wp:attachment":[{"href":"https:\/\/revistacienciaecultura.org.br\/index.php?rest_route=%2Fwp%2Fv2%2Fmedia&parent=8209"}],"wp:term":[{"taxonomy":"category","embeddable":true,"href":"https:\/\/revistacienciaecultura.org.br\/index.php?rest_route=%2Fwp%2Fv2%2Fcategories&post=8209"},{"taxonomy":"post_tag","embeddable":true,"href":"https:\/\/revistacienciaecultura.org.br\/index.php?rest_route=%2Fwp%2Fv2%2Ftags&post=8209"}],"curies":[{"name":"wp","href":"https:\/\/api.w.org\/{rel}","templated":true}]}}