{"id":8215,"date":"2025-05-01T07:30:22","date_gmt":"2025-05-01T07:30:22","guid":{"rendered":"https:\/\/revistacienciaecultura.org.br\/?p=8215"},"modified":"2025-04-29T11:49:38","modified_gmt":"2025-04-29T11:49:38","slug":"as-primeiras-revistas-cientificas-no-brasil-a-origem-da-comunicacao-cientifica","status":"publish","type":"post","link":"https:\/\/revistacienciaecultura.org.br\/?p=8215","title":{"rendered":"As primeiras revistas cient\u00edficas no Brasil: A origem da comunica\u00e7\u00e3o cient\u00edfica"},"content":{"rendered":"<h4 id=\"dos-primeiros-jornais-literarios-as-publicacoes-cientificas-nacionais-explore-os-desafios-e-legados-que-moldaram-a-ciencia-no-brasil-imperial\"><span style=\"color: #808080;\">Dos primeiros jornais liter\u00e1rios \u00e0s publica\u00e7\u00f5es cient\u00edficas nacionais, explore os desafios e legados que moldaram a ci\u00eancia no Brasil Imperial<\/span><\/h4>\n<p>&nbsp;<\/p>\n<p>Desde o s\u00e9culo XVII, os peri\u00f3dicos desempenham papel crucial na comunica\u00e7\u00e3o cient\u00edfica mundial. No Brasil, essa trajet\u00f3ria come\u00e7a no s\u00e9culo XIX, em meio \u00e0 transforma\u00e7\u00e3o de col\u00f4nia para sede da Corte portuguesa, em 1808. A abertura dos portos e a cria\u00e7\u00e3o de institui\u00e7\u00f5es cient\u00edficas marcaram o in\u00edcio de uma estrutura para promover o desenvolvimento das artes e ci\u00eancias no pa\u00eds.<\/p>\n<p>&nbsp;<\/p>\n<h4 id=\"os-periodicos-nao-apenas-divulgavam-conhecimento-mas-tambem-legitimavam-disciplinas-registravam-avancos-cientificos-e-permitiam-o-reconhecimento-de-pesquisadores\" style=\"text-align: center;\"><span style=\"color: #800000;\"><em>\u201cOs peri\u00f3dicos n\u00e3o apenas divulgavam conhecimento, mas tamb\u00e9m legitimavam disciplinas, registravam avan\u00e7os cient\u00edficos e permitiam o reconhecimento de pesquisadores.\u201d<\/em><\/span><\/h4>\n<p>&nbsp;<\/p>\n<p>Os peri\u00f3dicos n\u00e3o apenas divulgavam conhecimento, mas tamb\u00e9m legitimavam disciplinas, registravam avan\u00e7os cient\u00edficos e permitiam o reconhecimento de pesquisadores. Esses ve\u00edculos se tornaram espa\u00e7os institucionais, fundamentais para a consolida\u00e7\u00e3o da ci\u00eancia brasileira.<\/p>\n<p>&nbsp;<\/p>\n<h4 id=\"os-primeiros-passos-jornais-e-revistas-literarias\"><strong>Os primeiros passos: jornais e revistas liter\u00e1rias<\/strong><\/h4>\n<p>A ci\u00eancia no Brasil deu seus primeiros passos nos jornais cotidianos e liter\u00e1rios, como a <em>Gazeta do Rio de Janeiro<\/em> (1808), que trazia not\u00edcias de eventos cient\u00edficos e mem\u00f3rias de estudiosos. Pouco depois, surgiram publica\u00e7\u00f5es pioneiras como \u201c<strong><em>As Variedades ou Ensaios de Literatura\u201d<\/em><\/strong> (1812), que \u00e9 considerado o primeiro jornal liter\u00e1rio brasileiro, publicado na Bahia. Apesar de breve, com apenas dois n\u00fameros, foi um marco inicial. E tamb\u00e9m <em>\u201c<strong>O Patriota\u201d<\/strong><\/em> (1813-1814), o primeiro peri\u00f3dico brasileiro dedicado \u00e0s ci\u00eancias e artes, criado no Rio de Janeiro por Manuel Ferreira de Ara\u00fajo Guimar\u00e3es. Publicava artigos nacionais sobre progresso e desenvolvimento, refletindo o sentimento patri\u00f3tico dos intelectuais brasileiros. Ambas as publica\u00e7\u00f5es enfrentaram desafios comuns \u00e0 \u00e9poca, como a falta de assinantes e apoio financeiro, que limitavam sua dura\u00e7\u00e3o.<\/p>\n<h6 id=\"figura-1-revista-as-variedades-ou-ensaios-de-literatura-1812foto-reproducao\" style=\"text-align: center;\"><img loading=\"lazy\" class=\"aligncenter wp-image-8217\" src=\"https:\/\/revistacienciaecultura.org.br\/wp-content\/uploads\/2025\/04\/revista-1-206x300.jpg\" alt=\"\" width=\"275\" height=\"400\" srcset=\"https:\/\/revistacienciaecultura.org.br\/wp-content\/uploads\/2025\/04\/revista-1-206x300.jpg 206w, https:\/\/revistacienciaecultura.org.br\/wp-content\/uploads\/2025\/04\/revista-1-8x12.jpg 8w, https:\/\/revistacienciaecultura.org.br\/wp-content\/uploads\/2025\/04\/revista-1.jpg 645w\" sizes=\"(max-width: 275px) 100vw, 275px\" \/><br \/>\n<strong>Figura 1. Revista \u201c<\/strong><strong>As Variedades ou Ensaios de Literatura\u201d<\/strong><strong> (1812)<br \/>\n<\/strong>(Foto: Reprodu\u00e7\u00e3o)<\/h6>\n<p>&nbsp;<\/p>\n<p>Ap\u00f3s o t\u00e9rmino de <em>\u201c<strong>O Patriota\u201d<\/strong><\/em>, o Brasil assistiu ao surgimento de novas iniciativas, como os <strong>\u201c<em>Annaes Fluminenses de Sciencias\u201d<\/em><\/strong><em>, <strong>\u201cArtes e Litteratura\u201d<\/strong><\/em> (1822). Publicado por uma sociedade cient\u00edfica liderada por Jos\u00e9 Vitorino dos Santos e Sousa, o peri\u00f3dico destacou-se como \u00fanico do governo de Dom Pedro I voltado \u00e0s letras e ci\u00eancias. <strong>\u201c<\/strong><strong><em>Jornal Scientifico, Economico e Literario\u201d<\/em><\/strong> (1826), <strong>\u201c<em>O Propagador das Sciencias Medicas\u201d<\/em><\/strong> (1827) e <strong>\u201c<em>O Beija-Flor\u201d<\/em><\/strong> (1830-1831) refletiam uma \u00e9poca em que ci\u00eancia, literatura e pol\u00edtica se misturavam. Artigos cient\u00edficos compartilhavam espa\u00e7o com tradu\u00e7\u00f5es de peri\u00f3dicos estrangeiros, coment\u00e1rios liter\u00e1rios e discuss\u00f5es filos\u00f3ficas.<\/p>\n<h6 id=\"figura-2-revista-o-patriota-1813-1814foto-reproducao\" style=\"text-align: center;\"><img loading=\"lazy\" class=\"aligncenter wp-image-8218\" src=\"https:\/\/revistacienciaecultura.org.br\/wp-content\/uploads\/2025\/04\/revista-2-193x300.jpg\" alt=\"\" width=\"258\" height=\"400\" srcset=\"https:\/\/revistacienciaecultura.org.br\/wp-content\/uploads\/2025\/04\/revista-2-193x300.jpg 193w, https:\/\/revistacienciaecultura.org.br\/wp-content\/uploads\/2025\/04\/revista-2-8x12.jpg 8w, https:\/\/revistacienciaecultura.org.br\/wp-content\/uploads\/2025\/04\/revista-2.jpg 581w\" sizes=\"(max-width: 258px) 100vw, 258px\" \/><br \/>\n<strong>Figura 2. Revista <\/strong><strong>\u201cO Patriota\u201d (1813-1814)<br \/>\n<\/strong>(Foto: Reprodu\u00e7\u00e3o)<\/h6>\n<p>&nbsp;<\/p>\n<h4 id=\"desafios-e-legados\"><strong>Desafios e legados<\/strong><\/h4>\n<p>A fragilidade das primeiras publica\u00e7\u00f5es cient\u00edficas brasileiras era reflexo de um contexto em que a infraestrutura educacional e cient\u00edfica ainda estava em constru\u00e7\u00e3o. Muitas iniciativas eram interrompidas por falta de recursos ou instabilidade pol\u00edtica, como as turbul\u00eancias do reinado de Dom Pedro I.<\/p>\n<p>Ainda assim, essas publica\u00e7\u00f5es abriram caminho para uma ci\u00eancia nacional, conectada \u00e0s necessidades brasileiras. Com o tempo, a profissionaliza\u00e7\u00e3o da ci\u00eancia trouxe maior especializa\u00e7\u00e3o aos peri\u00f3dicos, que deixaram de ser miscel\u00e2neas culturais para se tornarem espa\u00e7os dedicados \u00e0 produ\u00e7\u00e3o cient\u00edfica.<\/p>\n<p>&nbsp;<\/p>\n<h4 id=\"os-primeiros-periodicos-brasileiros-cumpriram-um-papel-crucial-ao-comunicar-ciencia-em-um-momento-de-construcao-da-identidade-nacional\" style=\"text-align: center;\"><span style=\"color: #800000;\"><em>\u201cOs primeiros peri\u00f3dicos brasileiros cumpriram um papel crucial ao comunicar ci\u00eancia em um momento de constru\u00e7\u00e3o da identidade nacional.\u201d<\/em><\/span><\/h4>\n<p>&nbsp;<\/p>\n<p>Os primeiros peri\u00f3dicos brasileiros cumpriram um papel crucial ao comunicar ci\u00eancia em um momento de constru\u00e7\u00e3o da identidade nacional. Iniciativas como <strong><em>O Patriota<\/em><\/strong> simbolizam o esfor\u00e7o de criar uma ci\u00eancia voltada aos interesses do Brasil, promovendo o desenvolvimento t\u00e3o almejado pelos intelectuais da \u00e9poca. Hoje, essas publica\u00e7\u00f5es representam mais do que um registro hist\u00f3rico: s\u00e3o um testemunho do compromisso com o progresso e da for\u00e7a das ideias em tempos de adversidade. Inspiram os atuais canais de comunica\u00e7\u00e3o cient\u00edfica a persistirem na divulga\u00e7\u00e3o do conhecimento como ferramenta de transforma\u00e7\u00e3o social.<\/p>\n<p>&nbsp;<\/p>\n<h6 id=\"capa-ilustracao\">Capa. Ilustra\u00e7\u00e3o<\/h6>\n","protected":false},"excerpt":{"rendered":"Dos primeiros jornais liter\u00e1rios \u00e0s publica\u00e7\u00f5es cient\u00edficas nacionais, explore os desafios e&hellip;\n","protected":false},"author":19,"featured_media":8216,"comment_status":"open","ping_status":"open","sticky":false,"template":"","format":"standard","meta":[],"categories":[1,2],"tags":[],"acf":[],"_links":{"self":[{"href":"https:\/\/revistacienciaecultura.org.br\/index.php?rest_route=\/wp\/v2\/posts\/8215"}],"collection":[{"href":"https:\/\/revistacienciaecultura.org.br\/index.php?rest_route=\/wp\/v2\/posts"}],"about":[{"href":"https:\/\/revistacienciaecultura.org.br\/index.php?rest_route=\/wp\/v2\/types\/post"}],"author":[{"embeddable":true,"href":"https:\/\/revistacienciaecultura.org.br\/index.php?rest_route=\/wp\/v2\/users\/19"}],"replies":[{"embeddable":true,"href":"https:\/\/revistacienciaecultura.org.br\/index.php?rest_route=%2Fwp%2Fv2%2Fcomments&post=8215"}],"version-history":[{"count":2,"href":"https:\/\/revistacienciaecultura.org.br\/index.php?rest_route=\/wp\/v2\/posts\/8215\/revisions"}],"predecessor-version":[{"id":8220,"href":"https:\/\/revistacienciaecultura.org.br\/index.php?rest_route=\/wp\/v2\/posts\/8215\/revisions\/8220"}],"wp:featuredmedia":[{"embeddable":true,"href":"https:\/\/revistacienciaecultura.org.br\/index.php?rest_route=\/wp\/v2\/media\/8216"}],"wp:attachment":[{"href":"https:\/\/revistacienciaecultura.org.br\/index.php?rest_route=%2Fwp%2Fv2%2Fmedia&parent=8215"}],"wp:term":[{"taxonomy":"category","embeddable":true,"href":"https:\/\/revistacienciaecultura.org.br\/index.php?rest_route=%2Fwp%2Fv2%2Fcategories&post=8215"},{"taxonomy":"post_tag","embeddable":true,"href":"https:\/\/revistacienciaecultura.org.br\/index.php?rest_route=%2Fwp%2Fv2%2Ftags&post=8215"}],"curies":[{"name":"wp","href":"https:\/\/api.w.org\/{rel}","templated":true}]}}