{"id":8247,"date":"2025-05-15T07:30:41","date_gmt":"2025-05-15T07:30:41","guid":{"rendered":"https:\/\/revistacienciaecultura.org.br\/?p=8247"},"modified":"2025-05-06T10:51:27","modified_gmt":"2025-05-06T10:51:27","slug":"a-contribuicao-de-johanna-dobereiner-a-agricultura-sustentavel","status":"publish","type":"post","link":"https:\/\/revistacienciaecultura.org.br\/?p=8247","title":{"rendered":"A contribui\u00e7\u00e3o de Johanna D\u00f6bereiner \u00e0 agricultura sustent\u00e1vel"},"content":{"rendered":"<h4 id=\"pioneira-da-fixacao-biologica-de-nitrogenio-a-cientista-revolucionou-a-agricultura-brasileira-poupou-bilhoes-em-fertilizantes-e-abriu-caminhos-para-uma-producao-mais-sustentavel\"><span style=\"color: #808080;\">Pioneira da fixa\u00e7\u00e3o biol\u00f3gica de nitrog\u00eanio, a cientista revolucionou a agricultura brasileira, poupou bilh\u00f5es em fertilizantes e abriu caminhos para uma produ\u00e7\u00e3o mais sustent\u00e1vel.<\/span><\/h4>\n<p>&nbsp;<\/p>\n<p>Nascida em 1924 na ent\u00e3o Checoslov\u00e1quia, Johanna D\u00f6bereiner contrariou as conven\u00e7\u00f5es de seu tempo e se transformou em uma das maiores refer\u00eancias da ci\u00eancia agroambiental brasileira. Seu legado transcende o laborat\u00f3rio: Johanna ajudou a moldar uma nova forma de pensar a agricultura \u2014 menos dependente de insumos qu\u00edmicos, mais sustent\u00e1vel e conectada aos ciclos naturais da terra.<\/p>\n<p>Antes de se tornar uma cientista reconhecida internacionalmente, Johanna Liesbeth Kubelka trabalhou como camponesa, experi\u00eancia que aprofundou sua conex\u00e3o com o solo. Em 1947, ingressou na Universidade de Munique para estudar Agronomia, uma escolha incomum para mulheres da \u00e9poca. L\u00e1, defendeu uma monografia vision\u00e1ria: \u201c<em>Bact\u00e9rias na fixa\u00e7\u00e3o assimbi\u00f3tica de nitrog\u00eanio e a possibilidade de seu aproveitamento na agricultura<\/em>\u201d.<\/p>\n<h6 id=\"fonte-embrapa-reproducao\" style=\"text-align: center;\"><img loading=\"lazy\" class=\"aligncenter wp-image-7460\" src=\"https:\/\/revistacienciaecultura.org.br\/wp-content\/uploads\/2024\/11\/CC-4S24-reportagem-Abordagem-de-Johanna-Do\u0308bereiner-a\u0300-educac\u0327a\u0303o-figura-2-300x284.jpg\" alt=\"\" width=\"500\" height=\"473\" srcset=\"https:\/\/revistacienciaecultura.org.br\/wp-content\/uploads\/2024\/11\/CC-4S24-reportagem-Abordagem-de-Johanna-Do\u0308bereiner-a\u0300-educac\u0327a\u0303o-figura-2-300x284.jpg 300w, https:\/\/revistacienciaecultura.org.br\/wp-content\/uploads\/2024\/11\/CC-4S24-reportagem-Abordagem-de-Johanna-Do\u0308bereiner-a\u0300-educac\u0327a\u0303o-figura-2-1024x970.jpg 1024w, https:\/\/revistacienciaecultura.org.br\/wp-content\/uploads\/2024\/11\/CC-4S24-reportagem-Abordagem-de-Johanna-Do\u0308bereiner-a\u0300-educac\u0327a\u0303o-figura-2-768x727.jpg 768w, https:\/\/revistacienciaecultura.org.br\/wp-content\/uploads\/2024\/11\/CC-4S24-reportagem-Abordagem-de-Johanna-Do\u0308bereiner-a\u0300-educac\u0327a\u0303o-figura-2-13x12.jpg 13w, https:\/\/revistacienciaecultura.org.br\/wp-content\/uploads\/2024\/11\/CC-4S24-reportagem-Abordagem-de-Johanna-Do\u0308bereiner-a\u0300-educac\u0327a\u0303o-figura-2-800x758.jpg 800w, https:\/\/revistacienciaecultura.org.br\/wp-content\/uploads\/2024\/11\/CC-4S24-reportagem-Abordagem-de-Johanna-Do\u0308bereiner-a\u0300-educac\u0327a\u0303o-figura-2-1160x1099.jpg 1160w, https:\/\/revistacienciaecultura.org.br\/wp-content\/uploads\/2024\/11\/CC-4S24-reportagem-Abordagem-de-Johanna-Do\u0308bereiner-a\u0300-educac\u0327a\u0303o-figura-2.jpg 1377w\" sizes=\"(max-width: 500px) 100vw, 500px\" \/><br \/>\n(Fonte: Embrapa. Reprodu\u00e7\u00e3o)<\/h6>\n<p>&nbsp;<\/p>\n<p>Ao lado do marido, o veterin\u00e1rio J\u00fcrgen D\u00f6bereiner, migrou para o Brasil em 1950, estabelecendo-se em Serop\u00e9dica (RJ), onde come\u00e7ou sua jornada no ent\u00e3o Instituto de Ecologia e Experimenta\u00e7\u00e3o Agr\u00edcola \u2014 mais tarde transformado na <strong><a href=\"https:\/\/www.embrapa.br\/\"><span style=\"color: #800000;\">EMBRAPA<\/span><\/a><\/strong>. Seu primeiro artigo cient\u00edfico, publicado em 1951, j\u00e1 indicava o caminho que ela trilharia por toda a vida: \u201c<em>Influ\u00eancia da cobertura do solo sobre a flora microbiana<\/em>\u201d, escrito com o agr\u00f4nomo \u00c1lvaro Fagundes.<\/p>\n<p>Mas foi na d\u00e9cada de 1960 que Johanna iniciou sua cruzada mais audaciosa: demonstrar que as bact\u00e9rias fixadoras de nitrog\u00eanio poderiam substituir fertilizantes qu\u00edmicos, permitindo que as pr\u00f3prias plantas produzissem seu adubo. Em uma \u00e9poca dominada pelo uso de fertilizantes minerais, essa tese foi considerada quase her\u00e9tica. Ridicularizada por colegas e desacreditada em eventos acad\u00eamicos, ela persistiu.<\/p>\n<p>&nbsp;<\/p>\n<h4 id=\"economia-e-ecologia-de-maos-dadas\"><strong>Economia e ecologia de m\u00e3os dadas<\/strong><\/h4>\n<p>A insist\u00eancia deu frutos. A fixa\u00e7\u00e3o biol\u00f3gica de nitrog\u00eanio (FBN), defendida por Johanna, tornou-se base do programa brasileiro de melhoramento da soja. Ao contr\u00e1rio do modelo norte-americano, que apostava em aduba\u00e7\u00e3o intensiva, o Brasil adotou uma alternativa mais ecol\u00f3gica \u2014 e econ\u00f4mica. O resultado? O pa\u00eds passou a economizar mais de US$ 2 bilh\u00f5es por ano com fertilizantes nitrogenados.<\/p>\n<p>&nbsp;<\/p>\n<h4 id=\"a-fixacao-biologica-de-nitrogenio-fbn-defendida-por-johanna-tornou-se-base-do-programa-brasileiro-de-melhoramento-da-soja\" style=\"text-align: center;\"><span style=\"color: #800000;\"><em>\u201cA fixa\u00e7\u00e3o biol\u00f3gica de nitrog\u00eanio (FBN), defendida por Johanna, tornou-se base do programa brasileiro de melhoramento da soja.\u201d <\/em><\/span><\/h4>\n<p>&nbsp;<\/p>\n<p>No Semi\u00e1rido, sua contribui\u00e7\u00e3o tamb\u00e9m foi vital. As bact\u00e9rias diazotr\u00f3ficas estudadas por Johanna ajudam a transformar o nitrog\u00eanio da atmosfera em formas assimil\u00e1veis pelas plantas \u2013 o que \u00e9 crucial em solos naturalmente pobres, como os do Semi\u00e1rido brasileiro.<\/p>\n<p>&nbsp;<\/p>\n<h4 id=\"pioneirismo-feminino-e-ciencia-visionaria\"><strong>Pioneirismo feminino e ci\u00eancia vision\u00e1ria<\/strong><\/h4>\n<p>A trajet\u00f3ria de Johanna tamb\u00e9m simboliza uma luta por espa\u00e7o em um meio majoritariamente masculino. A agricultura era exercida majoritariamente por homens, com pouco espa\u00e7o de destaque para mulheres \u2013 assim, a resist\u00eancia enfrentada por Johanna n\u00e3o era apenas cient\u00edfica, mas tamb\u00e9m de g\u00eanero.<\/p>\n<h6 id=\"fonte-embrapa-reproducao-2\" style=\"text-align: center;\"><img loading=\"lazy\" class=\"aligncenter wp-image-5622\" src=\"https:\/\/revistacienciaecultura.org.br\/wp-content\/uploads\/2024\/03\/johanna-dobereiner-300x196.jpeg\" alt=\"\" width=\"500\" height=\"327\" srcset=\"https:\/\/revistacienciaecultura.org.br\/wp-content\/uploads\/2024\/03\/johanna-dobereiner-300x196.jpeg 300w, https:\/\/revistacienciaecultura.org.br\/wp-content\/uploads\/2024\/03\/johanna-dobereiner-18x12.jpeg 18w, https:\/\/revistacienciaecultura.org.br\/wp-content\/uploads\/2024\/03\/johanna-dobereiner.jpeg 395w\" sizes=\"(max-width: 500px) 100vw, 500px\" \/><br \/>\n(Fonte: Embrapa. Reprodu\u00e7\u00e3o)<\/h6>\n<p>&nbsp;<\/p>\n<p>Sua ousadia em propor alternativas ao modelo industrial de agricultura ecoa com ainda mais for\u00e7a no contexto atual de emerg\u00eancia clim\u00e1tica, crise ambiental e necessidade urgente de modelos produtivos regenerativos. Johanna n\u00e3o s\u00f3 abriu um campo de estudos como antecipou, d\u00e9cadas antes, os debates sobre a agricultura sustent\u00e1vel e seus benef\u00edcios sociais, econ\u00f4micos e ambientais.<\/p>\n<p>&nbsp;<\/p>\n<h4 id=\"sua-ousadia-em-propor-alternativas-ao-modelo-industrial-de-agricultura-ecoa-com-ainda-mais-forca-no-contexto-atual-de-emergencia-climatica-crise-ambiental-e-necessidade-urgente-de-modelos-pr\" style=\"text-align: center;\"><span style=\"color: #800000;\"><em>\u201cSua ousadia em propor alternativas ao modelo industrial de agricultura ecoa com ainda mais for\u00e7a no contexto atual de emerg\u00eancia clim\u00e1tica, crise ambiental e necessidade urgente de modelos produtivos regenerativos.\u201d<\/em><\/span><\/h4>\n<p>&nbsp;<\/p>\n<p>Johanna n\u00e3o foi apenas uma pesquisadora brilhante, foi uma vision\u00e1ria, atuando n\u00e3o s\u00f3 na ci\u00eancia, mas tamb\u00e9m na articula\u00e7\u00e3o de pol\u00edticas e na busca por recursos que viabilizassem a continuidade das pesquisas. Johanna D\u00f6bereiner faleceu em 2000, mas deixou um legado que fertiliza at\u00e9 hoje o solo da ci\u00eancia e da produ\u00e7\u00e3o sustent\u00e1vel. Sua hist\u00f3ria \u00e9 uma lembran\u00e7a viva de que inova\u00e7\u00e3o, coragem e respeito \u00e0 natureza podem \u2014 e devem \u2014 andar de m\u00e3os dadas.<\/p>\n","protected":false},"excerpt":{"rendered":"Pioneira da fixa\u00e7\u00e3o biol\u00f3gica de nitrog\u00eanio, a cientista revolucionou a agricultura brasileira,&hellip;\n","protected":false},"author":19,"featured_media":7458,"comment_status":"open","ping_status":"open","sticky":false,"template":"","format":"standard","meta":[],"categories":[1,2],"tags":[],"acf":[],"_links":{"self":[{"href":"https:\/\/revistacienciaecultura.org.br\/index.php?rest_route=\/wp\/v2\/posts\/8247"}],"collection":[{"href":"https:\/\/revistacienciaecultura.org.br\/index.php?rest_route=\/wp\/v2\/posts"}],"about":[{"href":"https:\/\/revistacienciaecultura.org.br\/index.php?rest_route=\/wp\/v2\/types\/post"}],"author":[{"embeddable":true,"href":"https:\/\/revistacienciaecultura.org.br\/index.php?rest_route=\/wp\/v2\/users\/19"}],"replies":[{"embeddable":true,"href":"https:\/\/revistacienciaecultura.org.br\/index.php?rest_route=%2Fwp%2Fv2%2Fcomments&post=8247"}],"version-history":[{"count":2,"href":"https:\/\/revistacienciaecultura.org.br\/index.php?rest_route=\/wp\/v2\/posts\/8247\/revisions"}],"predecessor-version":[{"id":8249,"href":"https:\/\/revistacienciaecultura.org.br\/index.php?rest_route=\/wp\/v2\/posts\/8247\/revisions\/8249"}],"wp:featuredmedia":[{"embeddable":true,"href":"https:\/\/revistacienciaecultura.org.br\/index.php?rest_route=\/wp\/v2\/media\/7458"}],"wp:attachment":[{"href":"https:\/\/revistacienciaecultura.org.br\/index.php?rest_route=%2Fwp%2Fv2%2Fmedia&parent=8247"}],"wp:term":[{"taxonomy":"category","embeddable":true,"href":"https:\/\/revistacienciaecultura.org.br\/index.php?rest_route=%2Fwp%2Fv2%2Fcategories&post=8247"},{"taxonomy":"post_tag","embeddable":true,"href":"https:\/\/revistacienciaecultura.org.br\/index.php?rest_route=%2Fwp%2Fv2%2Ftags&post=8247"}],"curies":[{"name":"wp","href":"https:\/\/api.w.org\/{rel}","templated":true}]}}