{"id":8256,"date":"2025-05-22T07:30:39","date_gmt":"2025-05-22T07:30:39","guid":{"rendered":"https:\/\/revistacienciaecultura.org.br\/?p=8256"},"modified":"2025-05-06T11:28:31","modified_gmt":"2025-05-06T11:28:31","slug":"celebrando-a-diversidade-o-impacto-global-do-dia-internacional-da-biodiversidade","status":"publish","type":"post","link":"https:\/\/revistacienciaecultura.org.br\/?p=8256","title":{"rendered":"Celebrando a diversidade: O impacto global do dia internacional da biodiversidade"},"content":{"rendered":"<h4 id=\"entenda-como-a-data-evolui-ao-longo-do-tempo-e-seu-papel-essencial-na-promocao-da-conscientizacao-ambiental-e-da-inclusao-na-ciencia\"><span style=\"color: #808080;\">Entenda como a data evolui ao longo do tempo e seu papel essencial na promo\u00e7\u00e3o da conscientiza\u00e7\u00e3o ambiental e da inclus\u00e3o na ci\u00eancia.<\/span><\/h4>\n<p>&nbsp;<\/p>\n<p>O Dia Internacional da Biodiversidade, comemorado anualmente em 22 de maio, foi proclamado pela Assembleia Geral das Na\u00e7\u00f5es Unidas em 1993. A data tem como objetivo aumentar a compreens\u00e3o p\u00fablica sobre a import\u00e2ncia da biodiversidade e os desafios que o mundo enfrenta para proteg\u00ea-la. Em um momento em que a perda de esp\u00e9cies e ecossistemas est\u00e1 acelerada, essa data se torna uma ferramenta vital para promover a\u00e7\u00f5es em prol da preserva\u00e7\u00e3o ambiental.<\/p>\n<p>A cria\u00e7\u00e3o do Dia Internacional da Biodiversidade est\u00e1 ligada \u00e0 assinatura da Conven\u00e7\u00e3o sobre a Diversidade Biol\u00f3gica (CDB), adotada na Confer\u00eancia das Na\u00e7\u00f5es Unidas sobre Meio Ambiente e Desenvolvimento, conhecida como Rio-92. A CDB estabelece o compromisso global para proteger a biodiversidade, visando n\u00e3o s\u00f3 a conserva\u00e7\u00e3o das esp\u00e9cies, mas tamb\u00e9m o uso sustent\u00e1vel dos recursos naturais e a reparti\u00e7\u00e3o justa dos benef\u00edcios derivados do uso da biodiversidade. Ao longo dos anos, a data se tornou um s\u00edmbolo de conscientiza\u00e7\u00e3o e mobiliza\u00e7\u00e3o de indiv\u00edduos, organiza\u00e7\u00f5es e governos.<\/p>\n<h6 id=\"fonte-marcelo-casals-jr-agencia-brasil-reproducao\" style=\"text-align: center;\"><img loading=\"lazy\" class=\"aligncenter wp-image-8257\" src=\"https:\/\/revistacienciaecultura.org.br\/wp-content\/uploads\/2025\/05\/Biodiversidade-1-300x180.jpg\" alt=\"\" width=\"500\" height=\"299\" srcset=\"https:\/\/revistacienciaecultura.org.br\/wp-content\/uploads\/2025\/05\/Biodiversidade-1-300x180.jpg 300w, https:\/\/revistacienciaecultura.org.br\/wp-content\/uploads\/2025\/05\/Biodiversidade-1-1024x613.jpg 1024w, https:\/\/revistacienciaecultura.org.br\/wp-content\/uploads\/2025\/05\/Biodiversidade-1-768x460.jpg 768w, https:\/\/revistacienciaecultura.org.br\/wp-content\/uploads\/2025\/05\/Biodiversidade-1-1536x919.jpg 1536w, https:\/\/revistacienciaecultura.org.br\/wp-content\/uploads\/2025\/05\/Biodiversidade-1-18x12.jpg 18w, https:\/\/revistacienciaecultura.org.br\/wp-content\/uploads\/2025\/05\/Biodiversidade-1-800x479.jpg 800w, https:\/\/revistacienciaecultura.org.br\/wp-content\/uploads\/2025\/05\/Biodiversidade-1-1160x694.jpg 1160w, https:\/\/revistacienciaecultura.org.br\/wp-content\/uploads\/2025\/05\/Biodiversidade-1.jpg 1691w\" sizes=\"(max-width: 500px) 100vw, 500px\" \/><br \/>\n(Fonte: Marcelo Casals Jr.\/ Ag\u00eancia Brasil. Reprodu\u00e7\u00e3o)<\/h6>\n<p>&nbsp;<\/p>\n<p>Para 2025, a data ganhar\u00e1 uma relev\u00e2ncia ainda maior, com a Agenda 2030 da ONU em foco. A biodiversidade ser\u00e1 tratada de maneira mais intensa nos Objetivos de Desenvolvimento Sustent\u00e1vel (ODS), especialmente no ODS 15, que busca proteger, restaurar e promover o uso sustent\u00e1vel dos ecossistemas terrestres. Atualiza\u00e7\u00f5es para 2025 podem incluir um maior engajamento da sociedade civil e de novos atores globais, considerando a intensifica\u00e7\u00e3o das crises clim\u00e1ticas e a necessidade urgente de solu\u00e7\u00f5es inclusivas.<\/p>\n<p>&nbsp;<\/p>\n<h4 id=\"conscientizacao-e-igualdade\"><strong>Conscientiza\u00e7\u00e3o e igualdade<\/strong><\/h4>\n<p>A import\u00e2ncia do Dia Internacional da Biodiversidade vai al\u00e9m da prote\u00e7\u00e3o ambiental. Em um mundo globalizado e interconectado, a conscientiza\u00e7\u00e3o sobre a biodiversidade se reflete diretamente nas pr\u00e1ticas do dia a dia, desde a preserva\u00e7\u00e3o de habitats naturais at\u00e9 a prote\u00e7\u00e3o de culturas ind\u00edgenas, que muitas vezes mant\u00eam um v\u00ednculo profundo com a natureza. Al\u00e9m disso, as pol\u00edticas p\u00fablicas de preserva\u00e7\u00e3o e conserva\u00e7\u00e3o ganham visibilidade, o que fortalece as a\u00e7\u00f5es de prote\u00e7\u00e3o e incentiva uma mudan\u00e7a significativa no comportamento humano.<\/p>\n<p>&nbsp;<\/p>\n<h4 id=\"atualizacoes-para-2025-podem-incluir-um-maior-engajamento-da-sociedade-civil-e-de-novos-atores-globais-considerando-a-intensificacao-das-crises-climaticas-e-a-necessidade-urgente-de-solucoes\" style=\"text-align: center;\"><span style=\"color: #800000;\"><em>\u201cAtualiza\u00e7\u00f5es para 2025 podem incluir um maior engajamento da sociedade civil e de novos atores globais, considerando a intensifica\u00e7\u00e3o das crises clim\u00e1ticas e a necessidade urgente de solu\u00e7\u00f5es inclusivas.\u201d<\/em><\/span><\/h4>\n<p>&nbsp;<\/p>\n<p>No entanto, o combate \u00e0 desigualdade tamb\u00e9m \u00e9 uma das frentes importantes deste dia. A perda de biodiversidade afeta de maneira desproporcional as comunidades mais vulner\u00e1veis, como popula\u00e7\u00f5es ind\u00edgenas e locais de baixa renda, que dependem diretamente dos recursos naturais para sua sobreviv\u00eancia. Ao enfrentar esses desafios, a comunidade global reconhece a necessidade de pol\u00edticas que integrem a justi\u00e7a social com a preserva\u00e7\u00e3o ambiental, criando solu\u00e7\u00f5es mais equitativas e sustent\u00e1veis para todos.<\/p>\n<p>O combate \u00e0 desigualdade e o fortalecimento da diversidade n\u00e3o s\u00e3o apenas quest\u00f5es sociais e econ\u00f4micas, mas tamb\u00e9m cient\u00edficas. A diversidade biol\u00f3gica e cultural contribui para o avan\u00e7o das ci\u00eancias, com a riqueza de informa\u00e7\u00f5es vindas das tradi\u00e7\u00f5es locais e do estudo das diferentes formas de vida ao redor do mundo. \u00c9 essencial que a ci\u00eancia valorize essas diversidades, promovendo uma abordagem mais inclusiva que permita o avan\u00e7o do conhecimento de forma plural e colaborativa.<\/p>\n<h6 id=\"fonte-days-edge-productions-wwf-reproducao\" style=\"text-align: center;\"><img loading=\"lazy\" class=\"aligncenter wp-image-8258\" src=\"https:\/\/revistacienciaecultura.org.br\/wp-content\/uploads\/2025\/05\/Biodiversidade-2-300x200.jpeg\" alt=\"\" width=\"500\" height=\"333\" srcset=\"https:\/\/revistacienciaecultura.org.br\/wp-content\/uploads\/2025\/05\/Biodiversidade-2-300x200.jpeg 300w, https:\/\/revistacienciaecultura.org.br\/wp-content\/uploads\/2025\/05\/Biodiversidade-2-1024x683.jpeg 1024w, https:\/\/revistacienciaecultura.org.br\/wp-content\/uploads\/2025\/05\/Biodiversidade-2-768x512.jpeg 768w, https:\/\/revistacienciaecultura.org.br\/wp-content\/uploads\/2025\/05\/Biodiversidade-2-18x12.jpeg 18w, https:\/\/revistacienciaecultura.org.br\/wp-content\/uploads\/2025\/05\/Biodiversidade-2-800x533.jpeg 800w, https:\/\/revistacienciaecultura.org.br\/wp-content\/uploads\/2025\/05\/Biodiversidade-2-1160x773.jpeg 1160w, https:\/\/revistacienciaecultura.org.br\/wp-content\/uploads\/2025\/05\/Biodiversidade-2.jpeg 1500w\" sizes=\"(max-width: 500px) 100vw, 500px\" \/><br \/>\n(Fonte: Days Edge Productions\/ WWF. Reprodu\u00e7\u00e3o)<\/h6>\n<p>&nbsp;<\/p>\n<h4 id=\"diversidade-na-ciencia\"><strong>Diversidade na ci\u00eancia<\/strong><\/h4>\n<p>A import\u00e2ncia da diversidade na ci\u00eancia tamb\u00e9m se estende \u00e0 pr\u00f3pria composi\u00e7\u00e3o da comunidade cient\u00edfica. A promo\u00e7\u00e3o de um ambiente cient\u00edfico mais inclusivo, que valorize as contribui\u00e7\u00f5es de cientistas de diferentes origens, \u00e9 crucial para avan\u00e7armos na pesquisa em biodiversidade. A presen\u00e7a de diferentes perspectivas e viv\u00eancias fortalece a compreens\u00e3o de quest\u00f5es complexas, permitindo solu\u00e7\u00f5es inovadoras para a preserva\u00e7\u00e3o dos ecossistemas.<\/p>\n<p>&nbsp;<\/p>\n<h4 id=\"a-conscientizacao-sobre-a-biodiversidade-se-reflete-diretamente-nas-praticas-do-dia-a-dia-desde-a-preservacao-de-habitats-naturais-ate-a-protecao-de-culturas-indigenas-que-muitas-vezes-mant\" style=\"text-align: center;\"><span style=\"color: #800000;\"><em>\u201cA conscientiza\u00e7\u00e3o sobre a biodiversidade se reflete diretamente nas pr\u00e1ticas do dia a dia, desde a preserva\u00e7\u00e3o de habitats naturais at\u00e9 a prote\u00e7\u00e3o de culturas ind\u00edgenas, que muitas vezes mant\u00eam um v\u00ednculo profundo com a natureza.\u201d<\/em><\/span><\/h4>\n<p>&nbsp;<\/p>\n<p>\u00c9 fundamental lembrar que a diversidade, tanto biol\u00f3gica quanto cultural, \u00e9 a chave para um futuro sustent\u00e1vel. A uni\u00e3o de esfor\u00e7os entre governos, cientistas, comunidades locais e a sociedade civil pode garantir que os ecossistemas naturais sejam protegidos para as futuras gera\u00e7\u00f5es.<\/p>\n<p>&nbsp;<\/p>\n<h6 id=\"fonte-leandro-cagiano-greenpeace-reproducao\">(Fonte: Leandro Cagiano\/ Greenpeace. Reprodu\u00e7\u00e3o)<\/h6>\n","protected":false},"excerpt":{"rendered":"Entenda como a data evolui ao longo do tempo e seu papel&hellip;\n","protected":false},"author":19,"featured_media":8259,"comment_status":"open","ping_status":"open","sticky":false,"template":"","format":"standard","meta":[],"categories":[1,2],"tags":[],"acf":[],"_links":{"self":[{"href":"https:\/\/revistacienciaecultura.org.br\/index.php?rest_route=\/wp\/v2\/posts\/8256"}],"collection":[{"href":"https:\/\/revistacienciaecultura.org.br\/index.php?rest_route=\/wp\/v2\/posts"}],"about":[{"href":"https:\/\/revistacienciaecultura.org.br\/index.php?rest_route=\/wp\/v2\/types\/post"}],"author":[{"embeddable":true,"href":"https:\/\/revistacienciaecultura.org.br\/index.php?rest_route=\/wp\/v2\/users\/19"}],"replies":[{"embeddable":true,"href":"https:\/\/revistacienciaecultura.org.br\/index.php?rest_route=%2Fwp%2Fv2%2Fcomments&post=8256"}],"version-history":[{"count":2,"href":"https:\/\/revistacienciaecultura.org.br\/index.php?rest_route=\/wp\/v2\/posts\/8256\/revisions"}],"predecessor-version":[{"id":8261,"href":"https:\/\/revistacienciaecultura.org.br\/index.php?rest_route=\/wp\/v2\/posts\/8256\/revisions\/8261"}],"wp:featuredmedia":[{"embeddable":true,"href":"https:\/\/revistacienciaecultura.org.br\/index.php?rest_route=\/wp\/v2\/media\/8259"}],"wp:attachment":[{"href":"https:\/\/revistacienciaecultura.org.br\/index.php?rest_route=%2Fwp%2Fv2%2Fmedia&parent=8256"}],"wp:term":[{"taxonomy":"category","embeddable":true,"href":"https:\/\/revistacienciaecultura.org.br\/index.php?rest_route=%2Fwp%2Fv2%2Fcategories&post=8256"},{"taxonomy":"post_tag","embeddable":true,"href":"https:\/\/revistacienciaecultura.org.br\/index.php?rest_route=%2Fwp%2Fv2%2Ftags&post=8256"}],"curies":[{"name":"wp","href":"https:\/\/api.w.org\/{rel}","templated":true}]}}