{"id":8282,"date":"2025-05-13T07:30:39","date_gmt":"2025-05-13T07:30:39","guid":{"rendered":"https:\/\/revistacienciaecultura.org.br\/?p=8282"},"modified":"2025-05-13T10:31:53","modified_gmt":"2025-05-13T10:31:53","slug":"vozes-da-ciencia-debate-plano-nacional-para-cti-ate-2035","status":"publish","type":"post","link":"https:\/\/revistacienciaecultura.org.br\/?p=8282","title":{"rendered":"Vozes da Ci\u00eancia debate plano nacional para CT&#038;I at\u00e9 2035"},"content":{"rendered":"<h4 id=\"seminario-online-promovido-pela-sbpc-e-a-abc-propoe-acoes-estrategicas-para-o-futuro-da-cti-no-brasil-com-oito-mesas-tematicas-e-participacao-de-liderancas-cientificas-e-institucionais\"><span style=\"color: #808080;\">Semin\u00e1rio online promovido pela SBPC e a ABC prop\u00f5e a\u00e7\u00f5es estrat\u00e9gicas para o futuro da CT&amp;I no Brasil, com oito mesas tem\u00e1ticas e participa\u00e7\u00e3o de lideran\u00e7as cient\u00edficas e institucionais.<\/span><\/h4>\n<p>&nbsp;<\/p>\n<p>Com o compromisso de transformar a ci\u00eancia em eixo estruturante do desenvolvimento nacional, a Sociedade Brasileira para o Progresso da Ci\u00eancia (SBPC) e a Academia Brasileira de Ci\u00eancias (ABC) promovem o semin\u00e1rio\u00a0<strong>\u201cVozes da Ci\u00eancia: Contribui\u00e7\u00f5es para a Estrat\u00e9gia Nacional e Plano Decenal de CT&amp;I 2026\u20132035\u201d.<\/strong>\u00a0O evento ser\u00e1 realizado de forma remota\u00a0<strong>nos dias 22 e 23 de maio<\/strong>\u00a0e marca o in\u00edcio de um esfor\u00e7o coletivo para traduzir em pol\u00edticas p\u00fablicas as principais recomenda\u00e7\u00f5es da 5\u00aa Confer\u00eancia Nacional de Ci\u00eancia, Tecnologia e Inova\u00e7\u00e3o (5\u00aa CNCTI), reunidas no Livro Violeta.<\/p>\n<p>A programa\u00e7\u00e3o ser\u00e1 composta por oito mesas tem\u00e1ticas e contar\u00e1 com a participa\u00e7\u00e3o de lideran\u00e7as cient\u00edficas, representantes do poder p\u00fablico, institui\u00e7\u00f5es de pesquisa e universidades. Em pauta, temas centrais como ci\u00eancia b\u00e1sica, inova\u00e7\u00e3o sustent\u00e1vel, neoindustrializa\u00e7\u00e3o, forma\u00e7\u00e3o de recursos humanos, enfrentamento \u00e0s mudan\u00e7as clim\u00e1ticas, combate \u00e0 pobreza e desigualdades, sustentabilidade das unidades de pesquisa do MCTI e estrat\u00e9gias para fortalecer a comunica\u00e7\u00e3o p\u00fablica da ci\u00eancia.<\/p>\n<p>Os debates ter\u00e3o como ponto de partida o\u00a0<strong>Livro Violeta<\/strong>, documento-s\u00edntese da 5\u00aa CNCTI, e visam a fortalecer a ci\u00eancia brasileira como base para um pa\u00eds soberano, sustent\u00e1vel e socialmente justo.<\/p>\n<p>Com transmiss\u00e3o aberta pelo canal da SBPC no YouTube, o evento convida toda a comunidade cient\u00edfica, educadores, formuladores de pol\u00edticas p\u00fablicas e a sociedade em geral a se engajarem nesse debate sobre o futuro da ci\u00eancia brasileira.<\/p>\n<p>Confira a programa\u00e7\u00e3o:<\/p>\n<h4 id=\"dia-22-de-maio\"><strong>Dia 22 de maio<\/strong><\/h4>\n<p><strong>8h30 \u2013 Abertura<\/strong><\/p>\n<p>Contextualiza\u00e7\u00e3o hist\u00f3rica, apresenta\u00e7\u00e3o da agenda estrat\u00e9gica e fala de autoridades.<\/p>\n<p><strong>9h \u2013 Mesa 1: Ci\u00eancia B\u00e1sica: Alicerce para um Brasil Justo e Competitivo<\/strong><\/p>\n<p>Enfatiza a necessidade de recompor investimentos em pesquisa fundamental, descentralizar a produ\u00e7\u00e3o cient\u00edfica e ampliar a forma\u00e7\u00e3o com diversidade.<\/p>\n<p>&nbsp;<\/p>\n<p><strong>10h30 \u2013 Mesa 2: Pesquisa Aplicada e Saberes Tradicionais para Inova\u00e7\u00e3o Sustent\u00e1vel<\/strong><\/p>\n<p>Debate a integra\u00e7\u00e3o entre ci\u00eancia, cultura, saberes comunit\u00e1rios e inova\u00e7\u00e3o sustent\u00e1vel.<\/p>\n<p>&nbsp;<\/p>\n<p><strong>14h \u2013 Mesa 3:\u00a0<\/strong><strong>Articula\u00e7\u00e3o, Miss\u00e3o e Sustentabilidade das Unidades de Pesquisa do MCTI<\/strong><\/p>\n<p>O debate vai discutir o papel estrat\u00e9gico das UPs na pol\u00edtica nacional de CT&amp;I; analisar desafios de financiamento, pessoal e infraestrutura; e identificar caminhos para integra\u00e7\u00e3o com universidades, estados e setor produtivo.<\/p>\n<p>&nbsp;<\/p>\n<p><strong>15h30 \u2013 Mesa 4: Forma\u00e7\u00e3o de Recursos Humanos e Expans\u00e3o das Universidades<\/strong><\/p>\n<p>Discute a conex\u00e3o entre ensino, pesquisa, qualifica\u00e7\u00e3o t\u00e9cnica e os desafios da transi\u00e7\u00e3o ecol\u00f3gica e tecnol\u00f3gica.<\/p>\n<p>&nbsp;<\/p>\n<h4 id=\"dia-23-de-maio\"><strong>Dia 23 de maio<\/strong><\/h4>\n<p><strong>9h \u2013 Mesa 5: Mudan\u00e7as Clim\u00e1ticas, Meio Ambiente e Desenvolvimento Nacional<\/strong><\/p>\n<p>Aponta caminhos cient\u00edficos para a mitiga\u00e7\u00e3o dos impactos clim\u00e1ticos e a resili\u00eancia ecol\u00f3gica.<\/p>\n<p>&nbsp;<\/p>\n<p><strong>10h30 \u2013 Mesa 6: Ci\u00eancia para Combater as Desigualdades, a Fome e a Mis\u00e9ria<\/strong><\/p>\n<p>Foca na contribui\u00e7\u00e3o da ci\u00eancia para pol\u00edticas p\u00fablicas de inclus\u00e3o, seguran\u00e7a alimentar e redu\u00e7\u00e3o da pobreza.<\/p>\n<p>&nbsp;<\/p>\n<p><strong>14h-15h30\u00a0<\/strong><strong>Mesa 7<\/strong>: \u201c<strong>Inova\u00e7\u00e3o e Neoindustrializa\u00e7\u00e3o: Rumo a uma Economia Verde, Digital e Inclusiva<\/strong>\u201d<\/p>\n<p>Debater\u00e1 a constru\u00e7\u00e3o de um novo paradigma de desenvolvimento industrial, verde e digital, alicer\u00e7ado em ci\u00eancia, inova\u00e7\u00e3o e soberania.<\/p>\n<p>&nbsp;<\/p>\n<p><strong>15h30 \u2013 Mesa 8: Comunica\u00e7\u00e3o P\u00fablica da Ci\u00eancia e Cultura Cient\u00edfica<\/strong><\/p>\n<p>Reflete sobre estrat\u00e9gias para ampliar o acesso ao conhecimento, enfrentar a desinforma\u00e7\u00e3o e fortalecer a cultura cient\u00edfica no pa\u00eds.<\/p>\n<p>&nbsp;<\/p>\n<p><strong>17h \u2013 Encerramento e s\u00edntese dos debates<\/strong><\/p>\n<p>&nbsp;<\/p>\n<p>O semin\u00e1rio ser\u00e1 transmitido ao vivo pelo canal da SBPC no YouTube \u00a0(<a href=\"http:\/\/www.youtube.com\/canalsbpc\" target=\"_blank\" rel=\"noopener\"><span style=\"color: #800000;\"><strong>www.youtube.com\/canalsbpc<\/strong><\/span><\/a>) e \u00e9 aberto a todos.<\/p>\n<p><span style=\"color: #808080;\"><em>Jornal da Ci\u00eancia<\/em><\/span><\/p>\n","protected":false},"excerpt":{"rendered":"Semin\u00e1rio online promovido pela SBPC e a ABC prop\u00f5e a\u00e7\u00f5es estrat\u00e9gicas para&hellip;\n","protected":false},"author":19,"featured_media":8283,"comment_status":"open","ping_status":"open","sticky":false,"template":"","format":"standard","meta":[],"categories":[1,2],"tags":[],"acf":[],"_links":{"self":[{"href":"https:\/\/revistacienciaecultura.org.br\/index.php?rest_route=\/wp\/v2\/posts\/8282"}],"collection":[{"href":"https:\/\/revistacienciaecultura.org.br\/index.php?rest_route=\/wp\/v2\/posts"}],"about":[{"href":"https:\/\/revistacienciaecultura.org.br\/index.php?rest_route=\/wp\/v2\/types\/post"}],"author":[{"embeddable":true,"href":"https:\/\/revistacienciaecultura.org.br\/index.php?rest_route=\/wp\/v2\/users\/19"}],"replies":[{"embeddable":true,"href":"https:\/\/revistacienciaecultura.org.br\/index.php?rest_route=%2Fwp%2Fv2%2Fcomments&post=8282"}],"version-history":[{"count":2,"href":"https:\/\/revistacienciaecultura.org.br\/index.php?rest_route=\/wp\/v2\/posts\/8282\/revisions"}],"predecessor-version":[{"id":8285,"href":"https:\/\/revistacienciaecultura.org.br\/index.php?rest_route=\/wp\/v2\/posts\/8282\/revisions\/8285"}],"wp:featuredmedia":[{"embeddable":true,"href":"https:\/\/revistacienciaecultura.org.br\/index.php?rest_route=\/wp\/v2\/media\/8283"}],"wp:attachment":[{"href":"https:\/\/revistacienciaecultura.org.br\/index.php?rest_route=%2Fwp%2Fv2%2Fmedia&parent=8282"}],"wp:term":[{"taxonomy":"category","embeddable":true,"href":"https:\/\/revistacienciaecultura.org.br\/index.php?rest_route=%2Fwp%2Fv2%2Fcategories&post=8282"},{"taxonomy":"post_tag","embeddable":true,"href":"https:\/\/revistacienciaecultura.org.br\/index.php?rest_route=%2Fwp%2Fv2%2Ftags&post=8282"}],"curies":[{"name":"wp","href":"https:\/\/api.w.org\/{rel}","templated":true}]}}