{"id":8288,"date":"2025-05-20T07:30:44","date_gmt":"2025-05-20T07:30:44","guid":{"rendered":"https:\/\/revistacienciaecultura.org.br\/?p=8288"},"modified":"2025-05-19T18:01:01","modified_gmt":"2025-05-19T18:01:01","slug":"promovido-pela-sbpc-e-abc-vozes-da-ciencia-reune-liderancas-para-construir-a-estrategia-nacional-de-cti","status":"publish","type":"post","link":"https:\/\/revistacienciaecultura.org.br\/?p=8288","title":{"rendered":"Promovido pela SBPC e ABC, \u201cVozes da Ci\u00eancia\u201d re\u00fane lideran\u00e7as para construir a Estrat\u00e9gia Nacional de CT&#038;I"},"content":{"rendered":"<h4 id=\"evento-sera-transmitido-ao-vivo-nos-dias-22-e-23-de-maio-e-reunira-autoridades-do-governo-como-a-ministra-da-cti-luciana-santos-alem-de-parlamentares-e-representantes-da-comunidade-cientifica\"><span style=\"color: #808080;\">Evento ser\u00e1 transmitido ao vivo nos dias 22 e 23 de maio e reunir\u00e1 autoridades do governo, como a ministra da CT&amp;I, Luciana Santos, al\u00e9m de parlamentares e representantes da comunidade cient\u00edfica para debater os rumos da ci\u00eancia brasileira at\u00e9 2035<\/span><\/h4>\n<p>&nbsp;<\/p>\n<p>A Sociedade Brasileira para o Progresso da Ci\u00eancia (SBPC) e a Academia Brasileira de Ci\u00eancias (ABC) realizam, nos dias 22 e 23 de maio, o semin\u00e1rio\u00a0<strong>\u201cVozes da Ci\u00eancia: Contribui\u00e7\u00f5es para a Estrat\u00e9gia Nacional e Plano Decenal de CT&amp;I 2026\u20132035\u201d<\/strong>. Com transmiss\u00e3o ao vivo pelo canal da<span style=\"color: #800000;\"><strong>\u00a0<\/strong><\/span><a href=\"http:\/\/www.youtube.com\/canalsbpc\" target=\"_blank\" rel=\"noopener\"><span style=\"color: #800000;\"><strong>SBPC no YouTube<\/strong><\/span>,<\/a>\u00a0o evento re\u00fane especialistas, representantes de institui\u00e7\u00f5es cient\u00edficas e autoridades p\u00fablicas para debater propostas concretas para o futuro da ci\u00eancia, tecnologia e inova\u00e7\u00e3o no Brasil. A ministra da Ci\u00eancia, Tecnologia e Inova\u00e7\u00e3o, Luciana Santos, participar\u00e1 da primeira sess\u00e3o, no dia 22.<\/p>\n<p>A iniciativa d\u00e1 continuidade \u00e0s propostas levantadas na 5\u00aa Confer\u00eancia Nacional de CT&amp;I, realizada em julho\/agosto de 2024,\u00a0 e tem como base o\u00a0<span style=\"color: #800000;\"><strong><a style=\"color: #800000;\" href=\"https:\/\/ad5cncti.cgee.org.br\/documents\/165901\/355373\/livro-violeta_5CNCTI.pdf\" target=\"_blank\" rel=\"noopener\">Livro Violeta<\/a><\/strong><\/span>, documento que re\u00fane as principais recomenda\u00e7\u00f5es do encontro. O objetivo \u00e9 transformar essas diretrizes em pol\u00edticas p\u00fablicas estruturadas e sustent\u00e1veis para os pr\u00f3ximos dez anos.<\/p>\n<p>A programa\u00e7\u00e3o est\u00e1 organizada em oito mesas tem\u00e1ticas, que abordam desde o financiamento \u00e0 ci\u00eancia b\u00e1sica at\u00e9 a comunica\u00e7\u00e3o p\u00fablica da ci\u00eancia. Os debates tamb\u00e9m tratar\u00e3o da forma\u00e7\u00e3o de recursos humanos, mudan\u00e7as clim\u00e1ticas, combate \u00e0 pobreza, inova\u00e7\u00e3o e o papel estrat\u00e9gico das unidades de pesquisa federais.<\/p>\n<p>Confira a programa\u00e7\u00e3o e os participantes:<\/p>\n<p>&nbsp;<\/p>\n<h4 id=\"dia-22-de-maio\"><strong>Dia 22 de maio<\/strong><\/h4>\n<p><strong>8h15 \u2013\u00a0<span style=\"color: #800000;\"><a style=\"color: #800000;\" href=\"https:\/\/www.youtube.com\/watch?v=vNr3mtOkXgs&amp;ab_channel=SBPCnet\" target=\"_blank\" rel=\"noopener\">Abertura<\/a><\/span><\/strong><\/p>\n<p>Contextualiza\u00e7\u00e3o hist\u00f3rica, apresenta\u00e7\u00e3o da agenda estrat\u00e9gica e fala de autoridades.<\/p>\n<p><strong>Participantes:<\/strong>\u00a0Renato Janine, presidente da SBPC; Helena Nader, presidente da ABC; Luciana Santos, ministra da CT&amp;I; e Sergio Rezende, presidente de honra da SBPC; Francilene Garcia, vice-presidente da SBPC e coordenadora da Subcomiss\u00e3o de Sistematiza\u00e7\u00e3o e Documenta\u00e7\u00e3o da 5\u00aa Confer\u00eancia Nacional de Ci\u00eancia, Tecnologia e Inova\u00e7\u00e3o (5\u00aa CNCTI); e Luiz Ant\u00f4nio Elias, do Inpi;<\/p>\n<p><strong>9h \u2013\u00a0<span style=\"color: #800000;\"><a style=\"color: #800000;\" href=\"https:\/\/www.youtube.com\/watch?v=vNr3mtOkXgs&amp;ab_channel=SBPCnet\" target=\"_blank\" rel=\"noopener\">Mesa 1: Ci\u00eancia B\u00e1sica: Alicerce para um Brasil Justo e Competitivo<\/a><\/span><\/strong><\/p>\n<p>Enfatiza a necessidade de recompor investimentos em pesquisa fundamental, descentralizar a produ\u00e7\u00e3o cient\u00edfica e ampliar a forma\u00e7\u00e3o com diversidade.<\/p>\n<p><strong>Participantes:\u00a0<\/strong>Helena Nader, presidente da ABC e presidente de honra da SBPC; Aldo Zarbin, professor da Universidade Federal do Paran\u00e1 (UFPR) e conselheiro da SBPC; Ricardo Galv\u00e3o, presidente do Conselho Nacional de Desenvolvimento Cient\u00edfico e Tecnol\u00f3gico (CNPq);, Anderson Gomes, secret\u00e1rio-geral adjunto e diretor do Centro de Gest\u00e3o e Estudos Estrat\u00e9gicos (CGEE); e na media\u00e7\u00e3o Fernanda Sobral, diretora da SBPC e professora em\u00e9rita da Universidade de Bras\u00edlia (UnB).<\/p>\n<p><strong>10h30 \u2013\u00a0<span style=\"color: #800000;\"><a style=\"color: #800000;\" href=\"https:\/\/www.youtube.com\/watch?v=OTNDjaWz9QE&amp;ab_channel=SBPCnet\" target=\"_blank\" rel=\"noopener\">Mesa 2: Pesquisa Aplicada e Saberes Tradicionais para Inova\u00e7\u00e3o Sustent\u00e1vel<\/a><\/span><\/strong><\/p>\n<p>Debate a integra\u00e7\u00e3o entre ci\u00eancia, cultura, saberes comunit\u00e1rios e inova\u00e7\u00e3o sustent\u00e1vel.<\/p>\n<p><strong>Participantes:<\/strong>\u00a0Mercedes Bustamante, professora titular da Universidade de Bras\u00edlia (UnB); Patr\u00edcia Muniz de Medeiros, professora adjunta da Universidade Federal de Alagoas (Ufal); Marlucia Martins, professora orientadora do programa de Zoologia MPEG da Universidade Federal do Par\u00e1 (UFPA); e na media\u00e7\u00e3o M\u00e1rcia Barbosa, reitora e professora titular da Universidade Federal do Rio Grande do Sul (UFRGS).<\/p>\n<p><strong>14h \u2013\u00a0<span style=\"color: #800000;\"><a style=\"color: #800000;\" href=\"https:\/\/www.youtube.com\/watch?v=ccpuHdq4m7s&amp;ab_channel=SBPCnet\" target=\"_blank\" rel=\"noopener\">Mesa 3:\u00a0Articula\u00e7\u00e3o, Miss\u00e3o e Sustentabilidade das Unidades de Pesquisa do MCTI<\/a><\/span><\/strong><\/p>\n<p>O debate vai discutir o papel estrat\u00e9gico das UPs na pol\u00edtica nacional de CT&amp;I; analisar desafios de financiamento, pessoal e infraestrutura; e identificar caminhos para integra\u00e7\u00e3o com universidades, estados e setor produtivo.<\/p>\n<p><strong>Participantes:<\/strong>\u00a0Jos\u00e9 Roque, diretor-geral do Centro Nacional de Pesquisa em Energia e Materiais (CNPEM); Marcio Portes de Albuquerque, diretor do Centro Brasileiro de Pesquisas F\u00edsicas (CBPF); Jailson Andrade, vice-presidente da Academia Brasileira de Ci\u00eancias; na media\u00e7\u00e3o Ana Teresa Vasconcelos, diretora da SBPC.<\/p>\n<p><strong>15h30 \u2013\u00a0<span style=\"color: #800000;\"><a style=\"color: #800000;\" href=\"https:\/\/www.youtube.com\/watch?v=B-t3Cp7U1MU&amp;ab_channel=SBPCnet\" target=\"_blank\" rel=\"noopener\">Mesa 4: Forma\u00e7\u00e3o de Recursos Humanos e Expans\u00e3o das Universidades<\/a><\/span><\/strong><\/p>\n<p>Discute a conex\u00e3o entre ensino, pesquisa, qualifica\u00e7\u00e3o t\u00e9cnica e os desafios da transi\u00e7\u00e3o ecol\u00f3gica e tecnol\u00f3gica.<\/p>\n<p><strong>Participantes:<\/strong>\u00a0Jorge Audy, superintendente de Inova\u00e7\u00e3o e Desenvolvimento da Pontif\u00edcia Universidade Cat\u00f3lica do Rio Grande do Sul (PUCRS); Vin\u00edcius Soares, presidente da Associa\u00e7\u00e3o Nacional de P\u00f3s-graduandos (ANPG); Denise Carvalho, presidente da Coordena\u00e7\u00e3o de Aperfei\u00e7oamento de Pessoal de N\u00edvel Superior (Capes); na media\u00e7\u00e3o Ado J\u00f3rio de Vasconcelos, professor titular no Departamento de F\u00edsica da Universidade Federal de Minas Gerais.<\/p>\n<p>&nbsp;<\/p>\n<h4 id=\"dia-23-de-maio\"><strong>Dia 23 de maio<\/strong><\/h4>\n<p><strong>9h \u2013\u00a0<span style=\"color: #800000;\"><a style=\"color: #800000;\" href=\"https:\/\/www.youtube.com\/watch?v=EpKKsMn1egg&amp;ab_channel=SBPCnet\" target=\"_blank\" rel=\"noopener\">Mesa 5: Mudan\u00e7as Clim\u00e1ticas, Meio Ambiente e Desenvolvimento Nacional<\/a><\/span><\/strong><\/p>\n<p>Aponta caminhos cient\u00edficos para a mitiga\u00e7\u00e3o dos impactos clim\u00e1ticos e a resili\u00eancia ecol\u00f3gica.<\/p>\n<p><strong>Participa\u00e7\u00e3o:<\/strong>\u00a0Paulo Artaxo, vice-presidente da SBPC; Marina Hirota, professora assistente de Meteorologia da Universidade Federal de Santa Catarina (UFSC); Antonio Miguel Vieira Monteiro, chefe da Divis\u00e3o de Processamento de Imagens do Instituto Nacional de Pesquisas Espaciais (INPE); na media\u00e7\u00e3o Luiz Davidovich, professor titular da UFRJ e ex-presidente da ABC.<\/p>\n<p><strong>10h30 \u2013\u00a0<span style=\"color: #800000;\"><a style=\"color: #800000;\" href=\"https:\/\/www.youtube.com\/watch?v=lyh4uU1abXM&amp;ab_channel=SBPCnet\" target=\"_blank\" rel=\"noopener\">Mesa 6: Ci\u00eancia para Combater as Desigualdades, a Fome e a Mis\u00e9ria<\/a><\/span><\/strong><\/p>\n<p>Foca na contribui\u00e7\u00e3o da ci\u00eancia para pol\u00edticas p\u00fablicas de inclus\u00e3o, seguran\u00e7a alimentar e redu\u00e7\u00e3o da pobreza.<\/p>\n<p><strong>Participa\u00e7\u00e3o:<\/strong>\u00a0Renato Janine, presidente da SBPC; Reinaldo Guimar\u00e3es, presidente da Associa\u00e7\u00e3o Brasileira de Sa\u00fade Coletiva (Abrasco); Carlos Gadelha, l\u00edder da rede de Pesquisa sobre Desenvolvimento Sustent\u00e1vel, Complexo Econ\u00f4mico-Industrial da Sa\u00fade; e na media\u00e7\u00e3o Samuel Goldenberg, pesquisador em\u00e9rito da Fiocruz.<\/p>\n<p><strong>14h-15h30 \u2013\u00a0<span style=\"color: #800000;\"><a style=\"color: #800000;\" href=\"https:\/\/www.youtube.com\/watch?v=6s_1yQTu6gk&amp;ab_channel=SBPCnet\" target=\"_blank\" rel=\"noopener\">Mesa 7: \u201cInova\u00e7\u00e3o e Neoindustrializa\u00e7\u00e3o: Rumo a uma Economia Verde, Digital e Inclusiva\u201d<\/a><\/span><\/strong><\/p>\n<p>Debater\u00e1 a constru\u00e7\u00e3o de um novo paradigma de desenvolvimento industrial, verde e digital, alicer\u00e7ado em ci\u00eancia, inova\u00e7\u00e3o e soberania.<\/p>\n<p><strong>15h30 \u2013\u00a0<span style=\"color: #800000;\"><a style=\"color: #800000;\" href=\"https:\/\/www.youtube.com\/watch?v=oI1tQP10TXI&amp;ab_channel=SBPCnet\" target=\"_blank\" rel=\"noopener\">Mesa 8: Comunica\u00e7\u00e3o P\u00fablica da Ci\u00eancia e Cultura Cient\u00edfica<\/a><\/span><\/strong><\/p>\n<p>Reflete sobre estrat\u00e9gias para ampliar o acesso ao conhecimento, enfrentar a desinforma\u00e7\u00e3o e fortalecer a cultura cient\u00edfica no pa\u00eds.<\/p>\n<p><strong>Participa\u00e7\u00e3o:<\/strong>\u00a0Ildeu Moreira, presidente de honra da SBPC e professor do Instituto de F\u00edsica e do programa de p\u00f3s-gradua\u00e7\u00e3o em hist\u00f3ria das ci\u00eancias da Universidade Federal do Rio de Janeiro (UFRJ); Soraya Smaili, professora titular do Departamento de Farmacologia da Escola Paulista de Medicina da Universidade Federal de S\u00e3o Paulo (Unifesp); Marie Santini, fundadora e diretora do Netlab (Laborat\u00f3rio de Estudos de Internet e Redes Sociais da UFRJ); e na media\u00e7\u00e3o Claudia Linhares, secret\u00e1ria-geral da SBPC.<\/p>\n<p><strong>17h \u2013\u00a0<span style=\"color: #800000;\"><a style=\"color: #800000;\" href=\"https:\/\/www.youtube.com\/watch?v=oI1tQP10TXI&amp;ab_channel=SBPCnet\" target=\"_blank\" rel=\"noopener\">Encerramento e s\u00edntese dos debates<\/a><\/span><\/strong><\/p>\n<p>&nbsp;<\/p>\n<p>O semin\u00e1rio ser\u00e1 transmitido ao vivo pelo canal da SBPC no YouTube (<a href=\"http:\/\/www.youtube.com\/canalsbpc\" target=\"_blank\" rel=\"noopener\"><span style=\"color: #800000;\"><strong>www.youtube.com\/canalsbpc<\/strong><\/span><\/a>) e \u00e9 aberto a todos.<\/p>\n<p><span style=\"color: #808080;\"><em>Jornal da Ci\u00eancia<\/em><\/span><\/p>\n","protected":false},"excerpt":{"rendered":"Evento ser\u00e1 transmitido ao vivo nos dias 22 e 23 de maio&hellip;\n","protected":false},"author":19,"featured_media":8283,"comment_status":"open","ping_status":"open","sticky":false,"template":"","format":"standard","meta":[],"categories":[1,2],"tags":[],"acf":[],"_links":{"self":[{"href":"https:\/\/revistacienciaecultura.org.br\/index.php?rest_route=\/wp\/v2\/posts\/8288"}],"collection":[{"href":"https:\/\/revistacienciaecultura.org.br\/index.php?rest_route=\/wp\/v2\/posts"}],"about":[{"href":"https:\/\/revistacienciaecultura.org.br\/index.php?rest_route=\/wp\/v2\/types\/post"}],"author":[{"embeddable":true,"href":"https:\/\/revistacienciaecultura.org.br\/index.php?rest_route=\/wp\/v2\/users\/19"}],"replies":[{"embeddable":true,"href":"https:\/\/revistacienciaecultura.org.br\/index.php?rest_route=%2Fwp%2Fv2%2Fcomments&post=8288"}],"version-history":[{"count":2,"href":"https:\/\/revistacienciaecultura.org.br\/index.php?rest_route=\/wp\/v2\/posts\/8288\/revisions"}],"predecessor-version":[{"id":8290,"href":"https:\/\/revistacienciaecultura.org.br\/index.php?rest_route=\/wp\/v2\/posts\/8288\/revisions\/8290"}],"wp:featuredmedia":[{"embeddable":true,"href":"https:\/\/revistacienciaecultura.org.br\/index.php?rest_route=\/wp\/v2\/media\/8283"}],"wp:attachment":[{"href":"https:\/\/revistacienciaecultura.org.br\/index.php?rest_route=%2Fwp%2Fv2%2Fmedia&parent=8288"}],"wp:term":[{"taxonomy":"category","embeddable":true,"href":"https:\/\/revistacienciaecultura.org.br\/index.php?rest_route=%2Fwp%2Fv2%2Fcategories&post=8288"},{"taxonomy":"post_tag","embeddable":true,"href":"https:\/\/revistacienciaecultura.org.br\/index.php?rest_route=%2Fwp%2Fv2%2Ftags&post=8288"}],"curies":[{"name":"wp","href":"https:\/\/api.w.org\/{rel}","templated":true}]}}